{"id":73648,"date":"2020-01-20T16:57:21","date_gmt":"2020-01-20T21:57:21","guid":{"rendered":"https:\/\/linitiative.ca\/International\/guerre-contre-le-terrorisme-le-burkina-se-dote-dune-politique-de-securite-nationale\/"},"modified":"2020-01-20T16:57:21","modified_gmt":"2020-01-20T21:57:21","slug":"guerre-contre-le-terrorisme-le-burkina-se-dote-dune-politique-de-securite-nationale","status":"publish","type":"post","link":"https:\/\/linitiative.ca\/International\/guerre-contre-le-terrorisme-le-burkina-se-dote-dune-politique-de-securite-nationale\/","title":{"rendered":"Guerre contre le terrorisme  : le Burkina se dote d\u2019une politique de s\u00e9curit\u00e9 nationale"},"content":{"rendered":"<div class=\"td-post-featured-image\"><a href=\"https:\/\/i0.wp.com\/www.sidwaya.info\/wp-content\/uploads\/2020\/01\/1-28.jpg?fit=595%2C397&#038;ssl=1\" data-caption=\"\"><img loading=\"lazy\" decoding=\"async\" width=\"595\" height=\"397\" class=\"entry-thumb td-modal-image\" src=\"https:\/\/i0.wp.com\/www.sidwaya.info\/wp-content\/uploads\/2020\/01\/1-28.jpg?resize=595%2C397&#038;ssl=1\" srcset=\"https:\/\/i0.wp.com\/www.sidwaya.info\/wp-content\/uploads\/2020\/01\/1-28.jpg?w=595&#038;ssl=1 595w, https:\/\/i0.wp.com\/www.sidwaya.info\/wp-content\/uploads\/2020\/01\/1-28.jpg?resize=300%2C200&#038;ssl=1 300w\" sizes=\"auto, (max-width: 595px) 100vw, 595px\" alt=\"\" title=\"1\"\/><\/a><\/div>\n<p><strong>La Commission d\u2019\u00e9laboration de la Politique de s\u00e9curit\u00e9 nationale a remis son rapport au pr\u00e9sident du Faso, Roch Marc Christian Kabor\u00e9, le lundi 20 janvier 2020 au palais de Kosyam.<\/strong><\/p>\n<p>Le Burkina Faso dispose d\u00e9sormais d\u2019une politique de s\u00e9curit\u00e9 nationale. Apr\u00e8s six mois de travaux, la Commission charg\u00e9e de son \u00e9laboration a remis son rapport, le lundi 20 janvier 2020 au chef de l\u2019Etat, Roch Marc Christian Kabor\u00e9. Selon l\u2019expert\u00a0 au Centre d\u2019\u00e9tude strat\u00e9gique bas\u00e9 \u00e0 Washington, le Dr Emile Ou\u00e9draogo, le document se pr\u00e9sente comme le 1er r\u00e9f\u00e9rentiel dont le pays des Hommes int\u00e8gres s\u2019est dot\u00e9 en mati\u00e8re de s\u00e9curit\u00e9. \u00ab\u00a0C\u2019est un changement de paradigmes. Avant, nous avions une vision vraiment \u00e9triqu\u00e9e de la s\u00e9curit\u00e9 alors qu\u2019il y a des questions de s\u00e9curit\u00e9 humaine qui se sont rajout\u00e9es\u00a0\u00bb, a-t-il indiqu\u00e9. Pour lui, ce rapport permettra d\u2019\u00e9laborer une strat\u00e9gie de s\u00e9curit\u00e9 nationale \u00e0 partir de laquelle des strat\u00e9gies sectorielles et sp\u00e9cifiques seront d\u00e9clin\u00e9es. Pour le coordonnateur de la Commission, le Colonel-major Th\u00e9odore Pal\u00e9, l\u2019\u00e9laboration de la politique de s\u00e9curit\u00e9 nationale est une recommandation du forum national sur la s\u00e9curit\u00e9, tenu en octobre 2017. L\u2019une des missions confi\u00e9es \u00e0 la commission, compos\u00e9e de 101 membres, a expliqu\u00e9 le colonel-major Pal\u00e9, \u00e9tait de proposer une nouvelle architecture en vue d\u2019une r\u00e9forme du secteur de la s\u00e9curit\u00e9.<\/p>\n<div class=\"td-a-rec td-a-rec-id-content_inline tdi_30_62e td_block_template_1\"><a href=\"https:\/\/www.sidwaya.info\/wp-content\/uploads\/2019\/12\/Bandeau-sitebonneannee.jpg\"><img loading=\"lazy\" decoding=\"async\" class=\"aligncenter size-full wp-image-17812\" src=\"https:\/\/www.sidwaya.info\/wp-content\/uploads\/2019\/12\/Bandeau-sitebonneannee.jpg\" alt=\"\" width=\"720\" height=\"90\"\/><\/a><\/div>\n<p>\u00ab\u00a0C\u2019est un document fondamental pour la vie de la nation. Il va prendre en compte tous les secteurs\u00a0\u00bb, a-t-il expliqu\u00e9. Comme changement, a-t-il pr\u00e9cis\u00e9, cette nouvelle politique int\u00e8gre la s\u00e9curit\u00e9 humaine des populations en prenant en compte le bien-\u00eatre de mani\u00e8re g\u00e9n\u00e9rale sur le plan de l\u2019alimentation, de l\u2019\u00e9ducation, de la sant\u00e9, etc. Le ministre de la S\u00e9curit\u00e9, Ouss\u00e9ni Compaor\u00e9, a salu\u00e9 les efforts du groupe d\u2019experts charg\u00e9 de l\u2019\u00e9laboration du document. \u00ab\u00a0C\u2019est une premi\u00e8re, car le Burkina est l\u2019un des rares pays \u00e0 se doter d\u2019une telle politique. Elle va affecter de fa\u00e7on positive la perception, l\u2019organisation, la vision de la s\u00e9curit\u00e9 dans notre pays\u00a0\u00bb, s\u2019est-il r\u00e9joui. Puis, de rassurer que le rapport sera exploit\u00e9 pour sa mise en \u0153uvre dans de meilleurs d\u00e9lais. Au cours de l\u2019installation de la Commission d\u2019\u00e9laboration de la politique de s\u00e9curit\u00e9 nationale en juin 2019, le pr\u00e9sident du Faso, Roch Marc Christian Kabor\u00e9, avait signifi\u00e9 que cette politique doit d\u00e9cliner la nouvelle vision d\u2019une s\u00e9curit\u00e9 durable, \u00ab\u00a0fond\u00e9e sur la pr\u00e9servation et la promotion de nos valeurs et de nos int\u00e9r\u00eats nationaux \u00bb.<\/p>\n<p class=\"c1\"><strong>Abdoulaye BALBONE<\/strong><\/p>\n<div class=\"td-a-rec td-a-rec-id-content_bottom tdi_31_6eb td_block_template_1\"><img loading=\"lazy\" decoding=\"async\" class=\"aligncenter size-full wp-image-9623\" src=\"https:\/\/www.sidwaya.info\/wp-content\/uploads\/2019\/06\/Projet-bannie%CC%80re-Orange-mobile.jpg\" alt=\"\" width=\"728\" height=\"81\"\/><\/div>\n<p>Auteur: DD. Sidwaya<br \/>\n<a href=\"https:\/\/www.sidwaya.info\/blog\/2020\/01\/20\/guerre-contre-le-terrorisme-le-burkina-se-dote-dune-politique-de-securite-nationale\/\">Cliquez ici pour lire l&rsquo;article depuis sa source.<\/a><\/p>\n","protected":false},"excerpt":{"rendered":"<p>La Commission d\u2019\u00e9laboration de la Politique de s\u00e9curit\u00e9 nationale a remis son rapport au pr\u00e9sident du Faso, Roch Marc Christian Kabor\u00e9, le lundi 20 janvier 2020 au palais de Kosyam. Le Burkina Faso dispose d\u00e9sormais d\u2019une politique de s\u00e9curit\u00e9 nationale. Apr\u00e8s six mois de travaux, la Commission charg\u00e9e de son \u00e9laboration a remis son rapport, [&hellip;]<\/p>\n","protected":false},"author":1816,"featured_media":0,"comment_status":"closed","ping_status":"closed","sticky":false,"template":"","format":"standard","meta":{"fifu_image_url":"","fifu_image_alt":"","footnotes":""},"categories":[73,81],"tags":[],"class_list":["post-73648","post","type-post","status-publish","format-standard","hentry","category-actualite","category-burkina-faso"],"_links":{"self":[{"href":"https:\/\/linitiative.ca\/International\/wp-json\/wp\/v2\/posts\/73648","targetHints":{"allow":["GET"]}}],"collection":[{"href":"https:\/\/linitiative.ca\/International\/wp-json\/wp\/v2\/posts"}],"about":[{"href":"https:\/\/linitiative.ca\/International\/wp-json\/wp\/v2\/types\/post"}],"author":[{"embeddable":true,"href":"https:\/\/linitiative.ca\/International\/wp-json\/wp\/v2\/users\/1816"}],"replies":[{"embeddable":true,"href":"https:\/\/linitiative.ca\/International\/wp-json\/wp\/v2\/comments?post=73648"}],"version-history":[{"count":0,"href":"https:\/\/linitiative.ca\/International\/wp-json\/wp\/v2\/posts\/73648\/revisions"}],"wp:attachment":[{"href":"https:\/\/linitiative.ca\/International\/wp-json\/wp\/v2\/media?parent=73648"}],"wp:term":[{"taxonomy":"category","embeddable":true,"href":"https:\/\/linitiative.ca\/International\/wp-json\/wp\/v2\/categories?post=73648"},{"taxonomy":"post_tag","embeddable":true,"href":"https:\/\/linitiative.ca\/International\/wp-json\/wp\/v2\/tags?post=73648"}],"curies":[{"name":"wp","href":"https:\/\/api.w.org\/{rel}","templated":true}]}}