{"id":73651,"date":"2020-01-20T15:18:06","date_gmt":"2020-01-20T20:18:06","guid":{"rendered":"https:\/\/linitiative.ca\/International\/limmunite-parlementaire-de-soro-et-de-cinq-deputes-ivoiriens-levee\/"},"modified":"2020-01-20T15:18:06","modified_gmt":"2020-01-20T20:18:06","slug":"limmunite-parlementaire-de-soro-et-de-cinq-deputes-ivoiriens-levee","status":"publish","type":"post","link":"https:\/\/linitiative.ca\/International\/limmunite-parlementaire-de-soro-et-de-cinq-deputes-ivoiriens-levee\/","title":{"rendered":"L\u2019immunit\u00e9 parlementaire de Soro et de cinq d\u00e9put\u00e9s ivoiriens lev\u00e9e"},"content":{"rendered":"<div readability=\"32\">\n<p>Publi\u00e9 le 20.01.2020 \u00e0 21h18 par APA News<\/p>\n<\/div>\n<div readability=\"109\">\n<p>Le bureau de l\u2019Assembl\u00e9e nationale de C\u00f4te d\u2019Ivoire a lev\u00e9 lundi l\u2019immunit\u00e9 parlementaire de Guillaume Soro et de cinq d\u00e9put\u00e9s ivoiriens, accus\u00e9s d\u2019atteinte \u00e0 l\u2019autorit\u00e9 de l\u2019Etat, une proc\u00e9dure qui ouvre la voie \u00e0 un jugement de ces \u00e9lus du peuple, a indiqu\u00e9 \u00e0 APA une source parlementaire.M. Soro est poursuivi pour atteinte \u00e0 l\u2019autorit\u00e9 de l\u2019Etat, complicit\u00e9 de d\u00e9tournement de deniers publics, de recel de d\u00e9tournement de deniers publics et blanchiment de capitaux, tandis que les d\u00e9put\u00e9s arr\u00eat\u00e9s sont accus\u00e9s de \u00abtrouble \u00e0 l\u2019ordre public, diffusion de nouvelle fausse et atteinte \u00e0 l\u2019autorit\u00e9 de l\u2019Etat\u00bb.<\/p>\n<p>Les d\u00e9put\u00e9s impliqu\u00e9s, au nombre de cinq, sont notamment Alain Lobognon, Camara Loukimane, Soro Kanigui, Yao Souma\u00efla et Soumahoro Kando. Ils ont \u00e9t\u00e9 arr\u00eat\u00e9s le 23 d\u00e9cembre 2019 \u00e0 la suite d\u2019une conf\u00e9rence de presse du mouvement G\u00e9n\u00e9rations et peuples solidaires (GPS), pr\u00e9sid\u00e9 par M. Soro.<\/p>\n<p>A la suite d\u2019un retour avort\u00e9 de Guillaume Soro \u00e0 l\u2019a\u00e9roport d\u2019Abidjan, en provenance de Paris Le Bourget le 23 d\u00e9cembre 2019, un mandat d\u2019arr\u00eat international a \u00e9t\u00e9 d\u00e9cern\u00e9 \u00e0 son encontre pour complot contre l\u2019autorit\u00e9 de l\u2019Etat et complicit\u00e9 de d\u00e9tournement de deniers publics.<\/p>\n<p>Dans la foul\u00e9e, 17 proches de M. Guillaume Soro dont cinq d\u00e9put\u00e9s ont \u00e9t\u00e9 arr\u00eat\u00e9s et incarc\u00e9r\u00e9s. Selon la loi ivoirienne, pour juger un d\u00e9put\u00e9, il faut que le bureau de la Chambre \u00e0 laquelle il appartient se r\u00e9unisse pour donner son accord.<\/p>\n<p>La Cour de cassation s\u2019est par ailleurs d\u00e9clar\u00e9e comp\u00e9tente pour juger M. Soro poursuivi pour d\u00e9tournement de deniers publics, recel de d\u00e9tournement de deniers publics et blanchiment de capitaux portant sur 1,5 milliard Fcfa ayant servi \u00e0 acheter sa r\u00e9sidence \u00e0 Marcory, dans le Sud d\u2019Abidjan, \u00e0 partir du Tr\u00e9sor public ivoirien. \u00a0<\/p>\n<p>La lev\u00e9e de l\u2019immunit\u00e9 s\u2019op\u00e8re selon la session parlementaire. Pendant la dur\u00e9e des sessions, c\u2019est l\u2019Assembl\u00e9e pl\u00e9ni\u00e8re qui se prononce sur la demande de l\u2019immunit\u00e9 ou pas. Dans ce cas, c\u2019est l\u2019Assembl\u00e9e pl\u00e9ni\u00e8re qui se prononce, tandis que pendant les vacances parlementaires, de janvier \u00e0 fin mars, c\u2019est le bureau de l\u2019Assembl\u00e9e qui est comp\u00e9tente.<\/p>\n<p>Interrog\u00e9, Me Emile Suy Bi, l\u2019un des avocats de la d\u00e9fense, faisant l\u2019analyse de cette situation, affirme qu\u2019\u00ab il y a forc\u00e9ment un vice parce que les faits sont survenus pendant la dur\u00e9e de la session. Le bureau de l\u2019Assembl\u00e9e avait d\u00e9j\u00e0 communiqu\u00e9 pour dire qu\u2019ils ont \u00e9t\u00e9 inform\u00e9s par le procureur. Donc le bureau demeure saisi or c\u2019\u00e9tait pendant la session\u00bb.<\/p>\n<p>Poursuivant, il a relev\u00e9 que \u00ab pendant la session (de l\u2019Assembl\u00e9e nationale), le bureau n\u2019est pas comp\u00e9tent pour r\u00e9gler les questions d\u2019immunit\u00e9 parlementaire, donc c\u2019est une fraude \u00e0 la loi et une fraude au pouvoir de l\u2019Assembl\u00e9e \u00bb.<\/p>\n<p>\u00ab L\u2019\u00e9v\u00e9nement se produit \u00a0pendant la dur\u00e9e de la session et au lieu de saisir l\u2019Assembl\u00e9e qui est comp\u00e9tente, le pr\u00e9sident attend la fin de la session pour saisir le bureau, c\u2019est en cela que se trouve la fraude \u00bb, a-t-il expliqu\u00e9. \u00a0<\/p>\n<\/div>\n<p>Auteur: APA News<br \/>\n<a href=\"https:\/\/www.journalducameroun.com\/limmunite-parlementaire-de-soro-et-de-cinq-deputes-ivoiriens-levee\/\">Cliquez ici pour lire l&rsquo;article depuis sa source.<\/a><\/p>\n","protected":false},"excerpt":{"rendered":"<p>Publi\u00e9 le 20.01.2020 \u00e0 21h18 par APA News Le bureau de l\u2019Assembl\u00e9e nationale de C\u00f4te d\u2019Ivoire a lev\u00e9 lundi l\u2019immunit\u00e9 parlementaire de Guillaume Soro et de cinq d\u00e9put\u00e9s ivoiriens, accus\u00e9s d\u2019atteinte \u00e0 l\u2019autorit\u00e9 de l\u2019Etat, une proc\u00e9dure qui ouvre la voie \u00e0 un jugement de ces \u00e9lus du peuple, a indiqu\u00e9 \u00e0 APA une source [&hellip;]<\/p>\n","protected":false},"author":1965,"featured_media":0,"comment_status":"closed","ping_status":"closed","sticky":false,"template":"","format":"standard","meta":{"fifu_image_url":"","fifu_image_alt":"","footnotes":""},"categories":[73,82],"tags":[],"class_list":["post-73651","post","type-post","status-publish","format-standard","hentry","category-actualite","category-cameroun"],"_links":{"self":[{"href":"https:\/\/linitiative.ca\/International\/wp-json\/wp\/v2\/posts\/73651","targetHints":{"allow":["GET"]}}],"collection":[{"href":"https:\/\/linitiative.ca\/International\/wp-json\/wp\/v2\/posts"}],"about":[{"href":"https:\/\/linitiative.ca\/International\/wp-json\/wp\/v2\/types\/post"}],"author":[{"embeddable":true,"href":"https:\/\/linitiative.ca\/International\/wp-json\/wp\/v2\/users\/1965"}],"replies":[{"embeddable":true,"href":"https:\/\/linitiative.ca\/International\/wp-json\/wp\/v2\/comments?post=73651"}],"version-history":[{"count":0,"href":"https:\/\/linitiative.ca\/International\/wp-json\/wp\/v2\/posts\/73651\/revisions"}],"wp:attachment":[{"href":"https:\/\/linitiative.ca\/International\/wp-json\/wp\/v2\/media?parent=73651"}],"wp:term":[{"taxonomy":"category","embeddable":true,"href":"https:\/\/linitiative.ca\/International\/wp-json\/wp\/v2\/categories?post=73651"},{"taxonomy":"post_tag","embeddable":true,"href":"https:\/\/linitiative.ca\/International\/wp-json\/wp\/v2\/tags?post=73651"}],"curies":[{"name":"wp","href":"https:\/\/api.w.org\/{rel}","templated":true}]}}