{"id":73653,"date":"2020-01-20T16:18:05","date_gmt":"2020-01-20T21:18:05","guid":{"rendered":"https:\/\/linitiative.ca\/International\/la-ministre-espagnole-des-affaires-etrangeres-attendue-le-24-janvier-au-maroc\/"},"modified":"2020-01-20T16:18:05","modified_gmt":"2020-01-20T21:18:05","slug":"la-ministre-espagnole-des-affaires-etrangeres-attendue-le-24-janvier-au-maroc","status":"publish","type":"post","link":"https:\/\/linitiative.ca\/International\/la-ministre-espagnole-des-affaires-etrangeres-attendue-le-24-janvier-au-maroc\/","title":{"rendered":"La ministre espagnole des Affaires \u00e9trang\u00e8res attendue le 24 janvier au Maroc"},"content":{"rendered":"<div readability=\"32\">\n<p>Publi\u00e9 le 20.01.2020 \u00e0 22h18 par APA News<\/p>\n<\/div>\n<div readability=\"53\">\n<p>La ministre espagnole des Affaires \u00e9trang\u00e8res, de l\u2019union europ\u00e9enne et de la Coop\u00e9ration, Arancha Gonzalez Laya, effectuera \u00e0 partir du 24 janvier une visite au Maroc, a fait savoir son d\u00e9partement.Lors de son s\u00e9jour dans le Royaume, la cheffe de la diplomatie espagnole aura des entretiens avec plusieurs hauts responsables marocains.<\/p>\n<p>\u00a0Il s\u2019agit de la premi\u00e8re visite en dehors de l\u2019Europe de la ministre espagnole, nomm\u00e9e le 12 janvier \u00e0 la t\u00eate de la diplomatie espagnole.<\/p>\n<p>Le Maroc et l\u2019Espagne ne sont pas seulement des pays amis et voisins, mais des partenaires strat\u00e9giques li\u00e9s par des relations bas\u00e9es sur le respect, le dialogue et la confiance mutuelle.<\/p>\n<p>L\u2019Espagne est le premier partenaire commercial du Maroc et les deux pays sont li\u00e9s par des relations de coop\u00e9ration exemplaires dans plusieurs domaines comme la gestion des flux migratoires et la coop\u00e9ration antiterroriste.<\/p>\n<\/div>\n<p>Auteur: APA News<br \/>\n<a href=\"https:\/\/www.journalducameroun.com\/la-ministre-espagnole-des-affaires-etrangeres-attendue-le-24-janvier-au-maroc\/\">Cliquez ici pour lire l&rsquo;article depuis sa source.<\/a><\/p>\n","protected":false},"excerpt":{"rendered":"<p>Publi\u00e9 le 20.01.2020 \u00e0 22h18 par APA News La ministre espagnole des Affaires \u00e9trang\u00e8res, de l\u2019union europ\u00e9enne et de la Coop\u00e9ration, Arancha Gonzalez Laya, effectuera \u00e0 partir du 24 janvier une visite au Maroc, a fait savoir son d\u00e9partement.Lors de son s\u00e9jour dans le Royaume, la cheffe de la diplomatie espagnole aura des entretiens avec [&hellip;]<\/p>\n","protected":false},"author":1965,"featured_media":0,"comment_status":"closed","ping_status":"closed","sticky":false,"template":"","format":"standard","meta":{"fifu_image_url":"","fifu_image_alt":"","footnotes":""},"categories":[73,82],"tags":[],"class_list":["post-73653","post","type-post","status-publish","format-standard","hentry","category-actualite","category-cameroun"],"_links":{"self":[{"href":"https:\/\/linitiative.ca\/International\/wp-json\/wp\/v2\/posts\/73653","targetHints":{"allow":["GET"]}}],"collection":[{"href":"https:\/\/linitiative.ca\/International\/wp-json\/wp\/v2\/posts"}],"about":[{"href":"https:\/\/linitiative.ca\/International\/wp-json\/wp\/v2\/types\/post"}],"author":[{"embeddable":true,"href":"https:\/\/linitiative.ca\/International\/wp-json\/wp\/v2\/users\/1965"}],"replies":[{"embeddable":true,"href":"https:\/\/linitiative.ca\/International\/wp-json\/wp\/v2\/comments?post=73653"}],"version-history":[{"count":0,"href":"https:\/\/linitiative.ca\/International\/wp-json\/wp\/v2\/posts\/73653\/revisions"}],"wp:attachment":[{"href":"https:\/\/linitiative.ca\/International\/wp-json\/wp\/v2\/media?parent=73653"}],"wp:term":[{"taxonomy":"category","embeddable":true,"href":"https:\/\/linitiative.ca\/International\/wp-json\/wp\/v2\/categories?post=73653"},{"taxonomy":"post_tag","embeddable":true,"href":"https:\/\/linitiative.ca\/International\/wp-json\/wp\/v2\/tags?post=73653"}],"curies":[{"name":"wp","href":"https:\/\/api.w.org\/{rel}","templated":true}]}}