{"id":73654,"date":"2020-01-20T16:50:02","date_gmt":"2020-01-20T21:50:02","guid":{"rendered":"https:\/\/linitiative.ca\/International\/des-centaines-de-migrants-centro-americains-tentent-de-penetrer-au-mexique\/"},"modified":"2020-01-20T16:50:02","modified_gmt":"2020-01-20T21:50:02","slug":"des-centaines-de-migrants-centro-americains-tentent-de-penetrer-au-mexique","status":"publish","type":"post","link":"https:\/\/linitiative.ca\/International\/des-centaines-de-migrants-centro-americains-tentent-de-penetrer-au-mexique\/","title":{"rendered":"Des centaines de migrants centro-am\u00e9ricains tentent de p\u00e9n\u00e9trer au Mexique"},"content":{"rendered":"<div readability=\"32\">\n<p>Publi\u00e9 le 20.01.2020 \u00e0 22h50 par AFP<\/p>\n<\/div>\n<div readability=\"159\">\n<p>Des centaines de migrants centro-am\u00e9ricains se sont heurt\u00e9s lundi \u00e0 un tir de barrage de gaz lacrymog\u00e8ne des forces de s\u00e9curit\u00e9 en tentant de p\u00e9n\u00e9trer au Mexique par sa fronti\u00e8re sud avec le Guatemala.<\/p>\n<p>Les migrants, arriv\u00e9s t\u00f4t dans la matin\u00e9e de lundi sur la rive du fleuve Suchiate, \u00e0 la fronti\u00e8re entre le Mexique et le Guatemala, ont ripost\u00e9 en lan\u00e7ant des pierres aux forces de l\u2019ordre et en les insultant, a constat\u00e9 une correspondante de l\u2019AFP.<\/p>\n<p>\u00ab\u00a0Laisser nous passer. Posez les mains sur votre c\u0153ur\u00a0\u00bb, a cri\u00e9 Jorge, un migrant hondurien venu avec sa femme et ses deux jeunes enfants.<\/p>\n<p>Des images vid\u00e9o de l\u2019AFP montrent des grappes de migrants, dont beaucoup portaient leurs enfants dans les bras, fuyant les forces de la Garde nationale mexicaine qui tentent de les repousser.<\/p>\n<p>Selon la correspondante de l\u2019AFP, plusieurs dizaines ont r\u00e9ussi \u00e0 \u00e9chapper \u00e0 la Garde nationale et ont p\u00e9n\u00e9tr\u00e9 sur le territoire mexicain.<\/p>\n<p>A partir de la ville de Tecun Uman, au Guatemala o\u00f9 ils \u00e9taient arriv\u00e9s ces derni\u00e8res 24 heures en formant une caravane, les migrants avaient demand\u00e9 aux autorit\u00e9s frontali\u00e8res l\u2019autorisation de traverser.<\/p>\n<p>\u2013 \u00ab\u00a0Ils nous trompent\u00a0\u00bb \u2013<\/p>\n<p>En l\u2019absence de r\u00e9ponse, ils ont commenc\u00e9 \u00e0 traverser le Rio le long duquel court la fronti\u00e8re, provoquant la r\u00e9action des forces de s\u00e9curit\u00e9 qui ont tent\u00e9 de les arr\u00eater en tirant des gaz lacrymog\u00e8nes, selon la m\u00eame source.<\/p>\n<p>\u00ab\u00a0Ils nous trompent, ils expulsent ceux qui ont accept\u00e9 de s\u2019enregistrer\u00a0\u00bb aupr\u00e8s des autorit\u00e9s, s\u2019est insurg\u00e9 aupr\u00e8s de l\u2019AFP Tania, elle aussi originaire du Honduras<\/p>\n<p>\u00ab\u00a0La chaleur est intenable, surtout pour les enfants\u00a0\u00bb, explique \u00e0 l\u2019AFP Elvis Martinez, un Hondurien de 33 ans, tout en se pressant de sauter dans la rivi\u00e8re, chaussures au pied.<\/p>\n<p>Samedi, les autorit\u00e9s mexicaines avaient enjoint les migrants de faire preuve d&rsquo;\u00a0\u00bbordre et de respect\u00a0\u00bb assurant que des opportunit\u00e9s d\u2019emploi existaient au Mexique pour qui respectera les proc\u00e9dures l\u00e9gales.<\/p>\n<p>Le pr\u00e9sident mexicain, Andr\u00e9s Manuel Lopez Obrador, a notamment offert la semaine derni\u00e8re 4.000 emplois \u00e0 ces migrants.<\/p>\n<p>Quelque 1.500 migrants originaires d\u2019Am\u00e9rique centrale, notamment du Honduras et du Salvador, avaient d\u00e9j\u00e0 tent\u00e9 samedi d\u2019entrer ill\u00e9galement au Mexique, mais en avaient aussi \u00e9t\u00e9 emp\u00each\u00e9s par la Garde nationale.<\/p>\n<p>Ils s\u2019\u00e9taient bri\u00e8vement heurt\u00e9s aux militaires aux abords du pont international Rodolfo Robles, qui relie les deux pays. Un agent de l\u2019Institut national des migrations (INM) leur avait expliqu\u00e9 qu\u2019ils devaient se conformer aux lois mexicaines pour entrer dans le pays.<\/p>\n<p>\u00ab\u00a0Vous entrez irr\u00e9guli\u00e8rement au Mexique, vous devez avoir un visa mexicain ou un document d\u2019immigration. Ne vous exposez pas aux trafiquants d\u2019\u00eatres humains, votre vie est en danger\u00a0\u00bb, leur avait lanc\u00e9 cet agent \u00e0 l\u2019aide d\u2019un porte-voix. \u00ab\u00a0Ne vous laissez pas berner, ce n\u2019est pas dit que les Etats-Unis vous accorderont l\u2019asile\u00a0\u00bb.<\/p>\n<p>Le gouvernement mexicain avait annonc\u00e9 vendredi le renfort de la s\u00e9curit\u00e9 \u00e0 sa fronti\u00e8re sud en pr\u00e9vision de l\u2019arriv\u00e9e de cette nouvelle caravane.<\/p>\n<p>\u2013 Entreprise vou\u00e9e \u00e0 l\u2019\u00e9chec \u2013<\/p>\n<p>Ces migrants font partie d\u2019une caravane comptant 3.543 personnes, parties mardi soir de la ville hondurienne de San Pedro Sula, dans le nord du Honduras, selon Alejandra Mena, porte-parole de l\u2019Institut guat\u00e9malt\u00e8que des migrations.<\/p>\n<p>Ils avaient franchi la fronti\u00e8re avec le Guatemala mercredi, d\u00e9termin\u00e9s \u00e0 gagner les Etats-Unis.<\/p>\n<p>L\u2019ambassadeur am\u00e9ricain au Guatemala, Luis Arreaga, a toutefois averti que son pays ne les laisserait en aucun cas passer.<\/p>\n<p>\u00ab\u00a0Les migrants qui choisissent de continuer risquent leur vie dans une entreprise vou\u00e9e \u00e0 l\u2019\u00e9chec. On ne leur permettra pas d\u2019entrer ni de s\u2019\u00e9tablir aux \u00c9tats-Unis\u00a0\u00bb, a affirm\u00e9 ce diplomate, cit\u00e9 dans un communiqu\u00e9 de l\u2019ambassade am\u00e9ricaine.<\/p>\n<p>Ils effectuent leur p\u00e9riple \u00e0 pied ou \u00e0 bord de camions et d\u2019autobus.<\/p>\n<p>Lors d\u2019une premi\u00e8re caravane, en octobre 2018, plus de 2.000 personnes s\u2019\u00e9taient mises en marche vers le nord dans l\u2019espoir d\u2019entrer aux \u00c9tats-Unis. Au moins trois autres caravanes, moins importantes, avaient suivi au cours du premier trimestre de 2019.<\/p>\n<p>Le ph\u00e9nom\u00e8ne s\u2019\u00e9tait ensuite arr\u00eat\u00e9 en raison du d\u00e9ploiement de militaires aux fronti\u00e8res sud et nord du Mexique. Entre mai et septembre 2019, le Mexique a r\u00e9duit de 56% le flux vers les \u00c9tats-Unis.<\/p>\n<\/div>\n<p>Auteur: AFP<br \/>\n<a href=\"https:\/\/www.journalducameroun.com\/des-centaines-de-migrants-centro-americains-tentent-de-penetrer-au-mexique\/\">Cliquez ici pour lire l&rsquo;article depuis sa source.<\/a><\/p>\n","protected":false},"excerpt":{"rendered":"<p>Publi\u00e9 le 20.01.2020 \u00e0 22h50 par AFP Des centaines de migrants centro-am\u00e9ricains se sont heurt\u00e9s lundi \u00e0 un tir de barrage de gaz lacrymog\u00e8ne des forces de s\u00e9curit\u00e9 en tentant de p\u00e9n\u00e9trer au Mexique par sa fronti\u00e8re sud avec le Guatemala. Les migrants, arriv\u00e9s t\u00f4t dans la matin\u00e9e de lundi sur la rive du fleuve [&hellip;]<\/p>\n","protected":false},"author":1965,"featured_media":0,"comment_status":"closed","ping_status":"closed","sticky":false,"template":"","format":"standard","meta":{"fifu_image_url":"","fifu_image_alt":"","footnotes":""},"categories":[73,82],"tags":[],"class_list":["post-73654","post","type-post","status-publish","format-standard","hentry","category-actualite","category-cameroun"],"_links":{"self":[{"href":"https:\/\/linitiative.ca\/International\/wp-json\/wp\/v2\/posts\/73654","targetHints":{"allow":["GET"]}}],"collection":[{"href":"https:\/\/linitiative.ca\/International\/wp-json\/wp\/v2\/posts"}],"about":[{"href":"https:\/\/linitiative.ca\/International\/wp-json\/wp\/v2\/types\/post"}],"author":[{"embeddable":true,"href":"https:\/\/linitiative.ca\/International\/wp-json\/wp\/v2\/users\/1965"}],"replies":[{"embeddable":true,"href":"https:\/\/linitiative.ca\/International\/wp-json\/wp\/v2\/comments?post=73654"}],"version-history":[{"count":0,"href":"https:\/\/linitiative.ca\/International\/wp-json\/wp\/v2\/posts\/73654\/revisions"}],"wp:attachment":[{"href":"https:\/\/linitiative.ca\/International\/wp-json\/wp\/v2\/media?parent=73654"}],"wp:term":[{"taxonomy":"category","embeddable":true,"href":"https:\/\/linitiative.ca\/International\/wp-json\/wp\/v2\/categories?post=73654"},{"taxonomy":"post_tag","embeddable":true,"href":"https:\/\/linitiative.ca\/International\/wp-json\/wp\/v2\/tags?post=73654"}],"curies":[{"name":"wp","href":"https:\/\/api.w.org\/{rel}","templated":true}]}}