{"id":73659,"date":"2020-01-21T09:55:57","date_gmt":"2020-01-21T14:55:57","guid":{"rendered":"https:\/\/linitiative.ca\/International\/grippe-lepidemie-est-bel-et-bien-installee-au-maroc\/"},"modified":"2020-01-21T09:55:57","modified_gmt":"2020-01-21T14:55:57","slug":"grippe-lepidemie-est-bel-et-bien-installee-au-maroc","status":"publish","type":"post","link":"https:\/\/linitiative.ca\/International\/grippe-lepidemie-est-bel-et-bien-installee-au-maroc\/","title":{"rendered":"Grippe : L\u2019\u00e9pid\u00e9mie est bel et bien install\u00e9e au Maroc"},"content":{"rendered":"<p><img decoding=\"async\" class=\"post_layout_5_img\" src=\"http:\/\/aujourdhui.ma\/wp-content\/uploads\/2020\/01\/Grippe-Maladie.jpg?x29840\" alt=\"Grippe : L\u2019\u00e9pid\u00e9mie est bel et bien install\u00e9e au Maroc\"\/><\/p>\n<p class=\"p1\"><span class=\"c5\"><strong><span class=\"s1 c4\"><em>Le dernier bulletin \u00e9pid\u00e9miologique le confirme<\/em><\/span><\/strong><\/span> <span id=\"more-330504\"\/><\/p>\n<p class=\"p1\"><span class=\"s1\">Selon le dernier bulletin \u00e9pid\u00e9miologique du minist\u00e8re de la sant\u00e9, l\u2019\u00e9pid\u00e9mie de grippe<span class=\"Apple-converted-space\">\u00a0<\/span> est bel et bien install\u00e9e au Maroc. Le \u00abseuil \u00e9pid\u00e9mique\u00bb appel\u00e9 \u00e9galement \u00abseuil saisonnier\u00bb (estim\u00e9 pour le Maroc \u00e0 1,51 cas de SG (syndrome grippal) pour 100 consultations) est d\u00e9pass\u00e9, signalant que l\u2019activit\u00e9 grippale est devenue \u00e9pid\u00e9mique. Les groupes d\u2019\u00e2ge 25-59 ans et 15-24 ans repr\u00e9sentent les proportions les plus \u00e9lev\u00e9es, respectivement<span class=\"Apple-converted-space\">\u00a0<\/span> avec 29,2 et 21,6%.<\/span><\/p>\n<p class=\"p1\"><span class=\"s1\">La tranche d\u2019\u00e2ge 60 ans et plus repr\u00e9sente (15%), les moins de 5 ans (16,8%) et les 5-14 ans (17,4%). S\u2019agissant de la surveillance virologique, depuis la semaine 37\/19 (9 Septembre 2019) \u00e0 la semaine 50\/19, (15 d\u00e9cembre 2019), 384 \u00e9chantillons nasopharyng\u00e9s ont \u00e9t\u00e9 pr\u00e9lev\u00e9s, dont 45,6% d\u2019IRAS (Infections respiratoires aig\u00fces s\u00e9v\u00e8res) et 54,4% de syndrome grippal, avec analyse virologique au niveau du laboratoire de r\u00e9f\u00e9rence du minist\u00e8re. Sur les 384 pr\u00e9l\u00e8vements analys\u00e9s, l\u2019investigation virologique a permis la caract\u00e9risation de 119 virus grippaux, dont 1 virus de sous-type A(H1N1)pdm09, 2 virus de sous-type A(H3N2) et 116 virus de type B (97,5%).<\/span><\/p>\n<p class=\"p1\"><span class=\"s1\">La pr\u00e9dominance du virus de type B est observ\u00e9e principalement dans les SG, puisqu\u2019elle y repr\u00e9sente un taux de positivit\u00e9 de 47,4% durant la saison 2019\/2020. Il faut aussi relever que parmi les 384 pr\u00e9l\u00e8vements test\u00e9s, les groupes d\u2019\u00e2ge 2-5 ans et 5-15 ans enregistrent les taux de positivit\u00e9 les plus \u00e9lev\u00e9s (respectivement 45,8 et 62,5%), pour cette saison comme pour la saison pr\u00e9c\u00e9dente. Cette situation serait principalement due \u00e0 une forte exposition scolaire. Le seul cas du sous-type A(H1N1)pdm09 est dans le groupe d\u2019\u00e2ge 2-5 ans.<\/span><\/p>\n<p class=\"p1\"><span class=\"s1\">Signalons qu\u2019au Maroc, la surveillance de la grippe est assur\u00e9e par un syst\u00e8me sentinelle, mis en place par le minist\u00e8re de la sant\u00e9 et ayant pour objectifs de suivre l\u2019\u00e9volution de la grippe saisonni\u00e8re et d\u2019en estimer la charge de morbidit\u00e9 et de mortalit\u00e9, ainsi que d\u2019identifier les virus circulants et de surveiller leur sensibilit\u00e9 aux antiviraux. Il est bas\u00e9 sur 2 composantes principales : la surveillance clinique du syndrome grippal (SG) \u00e0 travers un r\u00e9seau ambulatoire de 412 centres de sant\u00e9 du secteur public, r\u00e9partis dans toutes les provinces et pr\u00e9fectures et desservant une population de pr\u00e8s de 12 millions d\u2019habitants.<\/span><\/p>\n<p class=\"p1\"><span class=\"s1\">La deuxi\u00e8me composante a trait \u00e0 la surveillance \u00e9pid\u00e9miologique et virologique du SG et des infections respiratoires aig\u00fces s\u00e9v\u00e8res (IRAS), pris en charge au niveau de 8 centres de sant\u00e9 et 8 \u00e9tablissements hospitaliers (Tanger, Rabat, F\u00e8s, Marrakech, Mekn\u00e8s, B\u00e9ni Mellal, Oujda et Agadir), ainsi qu\u2019\u00e0 travers un r\u00e9seau de 28 m\u00e9decins exer\u00e7ant dans des cabinets priv\u00e9s.<\/span><\/p>\n<p>Auteur: ALM<br \/>\n<a href=\"http:\/\/aujourdhui.ma\/societe\/grippe-lepidemie-est-bel-et-bien-installee-au-maroc\">Cliquez ici pour lire l&rsquo;article depuis sa source.<\/a><\/p>\n","protected":false},"excerpt":{"rendered":"<p>Le dernier bulletin \u00e9pid\u00e9miologique le confirme Selon le dernier bulletin \u00e9pid\u00e9miologique du minist\u00e8re de la sant\u00e9, l\u2019\u00e9pid\u00e9mie de grippe\u00a0 est bel et bien install\u00e9e au Maroc. Le \u00abseuil \u00e9pid\u00e9mique\u00bb appel\u00e9 \u00e9galement \u00abseuil saisonnier\u00bb (estim\u00e9 pour le Maroc \u00e0 1,51 cas de SG (syndrome grippal) pour 100 consultations) est d\u00e9pass\u00e9, signalant que l\u2019activit\u00e9 grippale est devenue [&hellip;]<\/p>\n","protected":false},"author":1759,"featured_media":0,"comment_status":"closed","ping_status":"closed","sticky":false,"template":"","format":"standard","meta":{"fifu_image_url":"","fifu_image_alt":"","footnotes":""},"categories":[73,54],"tags":[],"class_list":["post-73659","post","type-post","status-publish","format-standard","hentry","category-actualite","category-maroc"],"_links":{"self":[{"href":"https:\/\/linitiative.ca\/International\/wp-json\/wp\/v2\/posts\/73659","targetHints":{"allow":["GET"]}}],"collection":[{"href":"https:\/\/linitiative.ca\/International\/wp-json\/wp\/v2\/posts"}],"about":[{"href":"https:\/\/linitiative.ca\/International\/wp-json\/wp\/v2\/types\/post"}],"author":[{"embeddable":true,"href":"https:\/\/linitiative.ca\/International\/wp-json\/wp\/v2\/users\/1759"}],"replies":[{"embeddable":true,"href":"https:\/\/linitiative.ca\/International\/wp-json\/wp\/v2\/comments?post=73659"}],"version-history":[{"count":0,"href":"https:\/\/linitiative.ca\/International\/wp-json\/wp\/v2\/posts\/73659\/revisions"}],"wp:attachment":[{"href":"https:\/\/linitiative.ca\/International\/wp-json\/wp\/v2\/media?parent=73659"}],"wp:term":[{"taxonomy":"category","embeddable":true,"href":"https:\/\/linitiative.ca\/International\/wp-json\/wp\/v2\/categories?post=73659"},{"taxonomy":"post_tag","embeddable":true,"href":"https:\/\/linitiative.ca\/International\/wp-json\/wp\/v2\/tags?post=73659"}],"curies":[{"name":"wp","href":"https:\/\/api.w.org\/{rel}","templated":true}]}}