{"id":73660,"date":"2020-01-21T05:38:34","date_gmt":"2020-01-21T10:38:34","guid":{"rendered":"https:\/\/linitiative.ca\/International\/le-maroc-abrite-la-13e-edition-du-festival-du-theatre-arabe\/"},"modified":"2020-01-21T05:38:34","modified_gmt":"2020-01-21T10:38:34","slug":"le-maroc-abrite-la-13e-edition-du-festival-du-theatre-arabe","status":"publish","type":"post","link":"https:\/\/linitiative.ca\/International\/le-maroc-abrite-la-13e-edition-du-festival-du-theatre-arabe\/","title":{"rendered":"Le Maroc abrite la 13e \u00e9dition du festival du th\u00e9\u00e2tre arabe"},"content":{"rendered":"<p class=\"has-text-color has-vivid-cyan-blue-color\"><strong>Les planches marocaines accueilleront la prochaine \u00e9dition du festival du th\u00e9\u00e2tre arabe. En effet,\u00a0\u00a0 l\u2019information est tomb\u00e9e lors de la cl\u00f4ture de la 12<\/strong><sup><strong>\u00e8me<\/strong><\/sup><strong>\u00e9dition du festival\u00a0 qui a eu lieu jeudi dernier \u00e0 la salle des congr\u00e8s du centre culturel royal \u00e0 la capitale Jordanie, Amman.<\/strong><\/p>\n<p>A cette occasion, le secr\u00e9taire g\u00e9n\u00e9ral de l\u2019Autorit\u00e9 arabe du th\u00e9\u00e2tre, Ismail Abdellah a remis \u00e0 l\u2019ambassadeur du Maroc en Jordanie, Khalid Naciri, l\u2019ic\u00f4ne de la prochaine \u00e9dition. Ce dernier s\u2019est f\u00e9licit\u00e9 dans son mot \u00e0 l\u2019issue de recevoir l\u2019invitation pour le Maroc afin d\u2019organiser le festival du th\u00e9\u00e2tre arabe.<\/p>\n<p>\u00abJe vous souhaite un excellent s\u00e9jour dans votre deuxi\u00e8me pays, le Maroc qui vous accueillera avec hospitalit\u00e9 et \u00e0 bras ouverts\u00bb, a-t-il ajout\u00e9. Par ailleurs, ce n\u2019est pas la premi\u00e8re fois que le Maroc abrite cet \u00e9v\u00e9nement. C\u2019est en 2015 que les planches nationales avaient accueillies cette manifestation.<\/p>\n<p>\u00abC\u2019est un honneur pour le Maroc d\u2019organiser pour la deuxi\u00e8me fois cet \u00e9v\u00e9nement th\u00e9\u00e2tral arabe d\u2019envergure. C\u2019est \u00e9galement une reconnaissance de la qualit\u00e9 de la production th\u00e9\u00e2trale nationale et la capacit\u00e9 des professionnels du m\u00e9tier d\u2019assurer une bonne organisation dans les r\u00e8gles de l\u2019art, et avec beaucoup de professionnalisme.\u00bb, nous indique dans une d\u00e9claration le pr\u00e9sident du Syndicat marocain des professionnels des arts dramatiques, Messaoud Bouhcine.<\/p>\n<p>Il est \u00e0 rappeler que trois pi\u00e8ces marocaines ont pris part \u00e0 la 12<sup>\u00e8me<\/sup> \u00e9dition du festival du th\u00e9\u00e2tre arabe \u00e0 savoir \u00abNemss\u00bb de la troupe \u00able th\u00e9\u00e2tre ouvert\u00bb, \u00abun autre ciel\u00bb de la troupe de th\u00e9\u00e2tre \u00abAkoun\u00bb et la pi\u00e8ce de th\u00e9\u00e2tre \u00ab\u00a0la salle d\u2019attente\u00a0\u00bb de la troupe boulevard de l\u2019art et de la cr\u00e9ativit\u00e9.<\/p>\n<p class=\"c2\"><strong>Mohamed Nait Youssef<\/strong><\/p>\n<p>Auteur: M&rsquo;hammed rahal<br \/>\n<a href=\"http:\/\/albayane.press.ma\/le-maroc-abrite-la-13e-edition-du-festival-du-theatre-arabe.html\">Cliquez ici pour lire l&rsquo;article depuis sa source.<\/a><\/p>\n","protected":false},"excerpt":{"rendered":"<p>Les planches marocaines accueilleront la prochaine \u00e9dition du festival du th\u00e9\u00e2tre arabe. En effet,\u00a0\u00a0 l\u2019information est tomb\u00e9e lors de la cl\u00f4ture de la 12\u00e8me\u00e9dition du festival\u00a0 qui a eu lieu jeudi dernier \u00e0 la salle des congr\u00e8s du centre culturel royal \u00e0 la capitale Jordanie, Amman. A cette occasion, le secr\u00e9taire g\u00e9n\u00e9ral de l\u2019Autorit\u00e9 arabe [&hellip;]<\/p>\n","protected":false},"author":1760,"featured_media":0,"comment_status":"closed","ping_status":"closed","sticky":false,"template":"","format":"standard","meta":{"fifu_image_url":"","fifu_image_alt":"","footnotes":""},"categories":[73,54],"tags":[],"class_list":["post-73660","post","type-post","status-publish","format-standard","hentry","category-actualite","category-maroc"],"_links":{"self":[{"href":"https:\/\/linitiative.ca\/International\/wp-json\/wp\/v2\/posts\/73660","targetHints":{"allow":["GET"]}}],"collection":[{"href":"https:\/\/linitiative.ca\/International\/wp-json\/wp\/v2\/posts"}],"about":[{"href":"https:\/\/linitiative.ca\/International\/wp-json\/wp\/v2\/types\/post"}],"author":[{"embeddable":true,"href":"https:\/\/linitiative.ca\/International\/wp-json\/wp\/v2\/users\/1760"}],"replies":[{"embeddable":true,"href":"https:\/\/linitiative.ca\/International\/wp-json\/wp\/v2\/comments?post=73660"}],"version-history":[{"count":0,"href":"https:\/\/linitiative.ca\/International\/wp-json\/wp\/v2\/posts\/73660\/revisions"}],"wp:attachment":[{"href":"https:\/\/linitiative.ca\/International\/wp-json\/wp\/v2\/media?parent=73660"}],"wp:term":[{"taxonomy":"category","embeddable":true,"href":"https:\/\/linitiative.ca\/International\/wp-json\/wp\/v2\/categories?post=73660"},{"taxonomy":"post_tag","embeddable":true,"href":"https:\/\/linitiative.ca\/International\/wp-json\/wp\/v2\/tags?post=73660"}],"curies":[{"name":"wp","href":"https:\/\/api.w.org\/{rel}","templated":true}]}}