{"id":73662,"date":"2020-01-21T06:09:35","date_gmt":"2020-01-21T11:09:35","guid":{"rendered":"https:\/\/linitiative.ca\/International\/congres-regional-de-draa-tafilalet-du-pps\/"},"modified":"2020-01-21T06:09:35","modified_gmt":"2020-01-21T11:09:35","slug":"congres-regional-de-draa-tafilalet-du-pps","status":"publish","type":"post","link":"https:\/\/linitiative.ca\/International\/congres-regional-de-draa-tafilalet-du-pps\/","title":{"rendered":"Congr\u00e8s r\u00e9gional de Dr\u00e2a Tafilalet du PPS"},"content":{"rendered":"<p class=\"has-text-color has-vivid-red-color c2\"><strong>Nabil Benabdallah: \u00abLe vide politique menace d\u2019un d\u00e9rapage incontr\u00f4lable\u00bb<\/strong><\/p>\n<p class=\"has-text-color c3\"><strong>Les militantes et les militants de la commune de Rissani, relevant de la province d\u2019Errachidia, dans la r\u00e9gion Dr\u00e2a Tafilalet, ont v\u00e9cu, dimanche dernier, des moments m\u00e9morables, en compagnie d\u2019une forte d\u00e9l\u00e9gation de la direction nationale du PPS, conduite par son Secr\u00e9taire G\u00e9n\u00e9ral, Mohamed Nabil Benabdallah.<\/strong><\/p>\n<p>Cette visite aux confins des sites historique de Sijilmassa et de Moulay Ali Charif, qui s\u2019ins\u00e8re dans le cadre du congr\u00e8s r\u00e9gional constitutif du parti du livre, aura marqu\u00e9 ce bon bout de terre du sud-est du royaume, par l\u2019interactivit\u00e9 qu\u2019elle a suscit\u00e9e aupr\u00e8s d\u2019une population fort enthousiasm\u00e9e.<\/p>\n<p>La s\u00e9ance matinale a \u00e9t\u00e9 \u00a0consacr\u00e9e exclusivement au volet organisationnel, au terme duquel les membres du conseil r\u00e9gional on \u00e9lu \u00e0 l\u2019unanimit\u00e9 le camarade Mohamed Benyoussef, pr\u00e9sident de la commune Alnif, en tant que secr\u00e9taire de la nouvelle section de la r\u00e9gion Dr\u00e2a Tafilalet.<\/p>\n<p>En fin d\u2019apr\u00e8s midi, \u00a0un imposant meeting, pr\u00e9sid\u00e9 par le SG du parti, a eu lieu, en pr\u00e9sence d\u2019une forte assistance, Omar Za\u00efm, ex-d\u00e9put\u00e9 et vice-pr\u00e9sident du conseil r\u00e9gional. Il a mis en exergue les diverses r\u00e9alisations accomplies dans la ville, pendant l\u2019ancien mandat communal. \u00abLes acquis dont se vante aujourd\u2019hui notre cit\u00e9, \u00e0 travers des faits concrets et parlants d\u2019eux m\u00eames, \u00e9taient l\u2019\u0153uvre de nos efforts consentis, lors de notre pr\u00e9sente \u00e0 la t\u00eate de la commune.<\/p>\n<div class=\"wp-block-image\"><img loading=\"lazy\" decoding=\"async\" src=\"http:\/\/albayane.press.ma\/wp-content\/uploads\/Risani-assistance2222222222.jpg\" alt=\"\" class=\"wp-image-84494\" width=\"567\" height=\"335\"\/><\/div>\n<p>A pr\u00e9sent, on n\u2019a, h\u00e9las, que la nostalgie de ce paysage \u00e9difiant\u00a0!\u00bb a dit l\u2019intervenant, tout en \u00e9num\u00e9rant, exemples et chiffres \u00e0 l\u2019appui, les multiples performances\u00a0r\u00e9alis\u00e9es par l\u2019ancienne \u00e9quipe \u00e0 la t\u00eate de la commune.<\/p>\n<p>Encha\u00eenant sur ce m\u00eame registre, Nabil Benabdallah n\u2019a pas manqu\u00e9 de mettre l\u2019accent \u00e9galement sur ces prouesses non sans douleur, tout en \u00e9voquant la notori\u00e9t\u00e9 historique de cette contr\u00e9e symbolisant un pass\u00e9 des plus \u00e9loquents. Avant de passer \u00e0 l\u2019analyse de la situation politique actuelle, surtout depuis, le dernier remaniement minist\u00e9riel.<\/p>\n<p class=\"has-text-color has-vivid-red-color\"><strong>Politique\u00a0: une absence exasp\u00e9rante de la confiance<\/strong><\/p>\n<p>\u00abNous avons \u00e9t\u00e9 contraints de quitter le gouvernement car nous avons estim\u00e9 que notre pr\u00e9sence en son sein \u00e9tait d\u00e9pourvue de sens, vu son \u00e9tat manifestement insens\u00e9. D\u2019autant plus que nous avions, \u00e0 maintes reprises, mis en garde de cette d\u00e9ficience et que l\u2019image qu\u2019elle en ressort \u00e9tait et est toujours celle de la permanence de frictions conflictuelles entres certaines de ses composantes\u00a0!\u00bb, d\u00e9plore-t-il, tout en r\u00e9v\u00e9lant la pr\u00e9sence terne et atone de l\u2019Ex\u00e9cutif sur la sc\u00e8ne politique nationale.<\/p>\n<p>Par ailleurs, le leader du parti n\u2019a pas manqu\u00e9, non plus, d\u2019aborder la situation actuelle du pays, marqu\u00e9e, selon lui, par une vague de tourmentes qui illustre une absence exasp\u00e9rante de la confiance, accord\u00e9e aux politiques, en g\u00e9n\u00e9ral et \u00e0 l\u2019Ex\u00e9cutif en particulier, par les diff\u00e9rents milieux de la soci\u00e9t\u00e9, notamment \u00a0parmi les couches d\u00e9sh\u00e9rit\u00e9es.<\/p>\n<p class=\"has-text-color has-vivid-red-color\"><strong>Apporter des solutions d\u00e9mocratiques aux expressions populaires<\/strong><\/p>\n<p>\u00abOn ne peut point traiter les probl\u00e8mes de la nation par la r\u00e9pression et les proc\u00e8s intent\u00e9s contre les expressions spontan\u00e9es des citoyens et des jeunes lyc\u00e9ens. Certes, tout d\u00e9rapage est condamnable, mais les manifestations, exprim\u00e9es par-ci et par-l\u00e0, ont des raisons plus profondes qu\u2019il va falloir d\u00e9nicher et leur apporter des solutions d\u00e9mocratiques.<\/p>\n<p>Le traitement le plus judicieux de ces questions ne serait autre que la mise en place des r\u00e9formes authentiques et de la r\u00e9conciliation compl\u00e8te avec le peuple, tout en \u00e9largissant davantage les marges de la libert\u00e9 d\u2019expression et la valorisation de l\u2019action politique\u00bb, poursuit-il, tout en signalant que le vide politique ne peut que g\u00e9n\u00e9rer des d\u00e9rapages incontr\u00f4l\u00e9s.<\/p>\n<p>Le contournement de cette crise de confiance et de la d\u00e9saffection r\u00e9gnante, indique-t-il, n\u00e9cessite imp\u00e9rativement une nouvelle g\u00e9n\u00e9ration de r\u00e9formes et un nouveau souffle d\u00e9mocratique, dans le cadre de la stabilit\u00e9, ax\u00e9s avant tout sur la d\u00e9mocratie r\u00e9elle et la justice sociale et spatiale. D\u2019o\u00f9 la pertinence et l\u2019actualit\u00e9 du slogan du pr\u00e9sent congr\u00e8s r\u00e9gional \u00abPoint de d\u00e9veloppement sans d\u00e9mocratie ni justice sociale et spatiale\u00a0!\u00bb.<\/p>\n<p class=\"has-text-color has-vivid-red-color\"><strong>R\u00e9gions\u00a0: l\u2019\u00e9l\u00e9ment humain et l\u2019\u00e9quit\u00e9 au niveau des revenus et de l\u2019emploi<\/strong><\/p>\n<div class=\"wp-block-image\"><img loading=\"lazy\" decoding=\"async\" src=\"http:\/\/albayane.press.ma\/wp-content\/uploads\/Rissani-3.jpg\" alt=\"\" class=\"wp-image-84495\" width=\"557\" height=\"329\"\/><\/div>\n<p>Dans le m\u00eame ordre d\u2019id\u00e9e, l\u2019orateur a pr\u00e9cis\u00e9 que si \u00abnous voulons promouvoir les r\u00e9gions, il est indispensable de d\u00e9velopper in\u00e9luctablement l\u2019\u00e9l\u00e9ment humain et de proc\u00e9der \u00e0 une \u00e9quit\u00e9 au niveau des revenus et de l\u2019emploi\u00bb. Cela exige le rel\u00e8vement substantiel de l\u2019\u00e9conomie pour \u00e9viter l\u2019invasion excessive des produits \u00e9trangers, \u00e0 l\u2019image des assauts turcs dans ce sens, tout en combattant les effets de la corruption, de la rente, de la d\u00e9pravation, du d\u00e9ficit administratif\u2026<\/p>\n<p>\u00abNous continuons \u00e0 dire non si la d\u00e9marche est anti-populaire et \u00e0 soutenir toute mesure en corolaire avec l\u2019int\u00e9r\u00eat supr\u00eame\u00bb, r\u00e9affirme-t-il \u00e0 cet \u00e9gard. Pour ce faire, il faudra continuer \u00e0 organiser des rencontres publiques de mobilisation pour assurer la m\u00e9diation \u00e9difiante et concr\u00e9tiser les dispositions positives de la Constitution. Et de conclure que la promotion de la culture en g\u00e9n\u00e9ral et de l\u2019amazighit\u00e9 est une n\u00e9cessit\u00e9 absolue.<\/p>\n<p>Et si le travail de la commission sp\u00e9ciale du mod\u00e8le de d\u00e9veloppement semble aboutir, il n\u2019en demeure pas moins que la mise en avant de ses conclusions reste tributaire de comp\u00e9tences susceptibles de mener \u00e0 bien ce chantier national d\u2019envergure.<\/p>\n<p class=\"c4\"><strong>Saoudi El Amalki<\/strong><\/p>\n<p>Auteur: M&rsquo;hammed rahal<br \/>\n<a href=\"http:\/\/albayane.press.ma\/congres-regional-de-draa-tafilalet-du-pps.html\">Cliquez ici pour lire l&rsquo;article depuis sa source.<\/a><\/p>\n","protected":false},"excerpt":{"rendered":"<p>Nabil Benabdallah: \u00abLe vide politique menace d\u2019un d\u00e9rapage incontr\u00f4lable\u00bb Les militantes et les militants de la commune de Rissani, relevant de la province d\u2019Errachidia, dans la r\u00e9gion Dr\u00e2a Tafilalet, ont v\u00e9cu, dimanche dernier, des moments m\u00e9morables, en compagnie d\u2019une forte d\u00e9l\u00e9gation de la direction nationale du PPS, conduite par son Secr\u00e9taire G\u00e9n\u00e9ral, Mohamed Nabil Benabdallah. [&hellip;]<\/p>\n","protected":false},"author":1760,"featured_media":73663,"comment_status":"closed","ping_status":"closed","sticky":false,"template":"","format":"standard","meta":{"fifu_image_url":"","fifu_image_alt":"","footnotes":""},"categories":[73,54],"tags":[],"class_list":["post-73662","post","type-post","status-publish","format-standard","has-post-thumbnail","hentry","category-actualite","category-maroc"],"_links":{"self":[{"href":"https:\/\/linitiative.ca\/International\/wp-json\/wp\/v2\/posts\/73662","targetHints":{"allow":["GET"]}}],"collection":[{"href":"https:\/\/linitiative.ca\/International\/wp-json\/wp\/v2\/posts"}],"about":[{"href":"https:\/\/linitiative.ca\/International\/wp-json\/wp\/v2\/types\/post"}],"author":[{"embeddable":true,"href":"https:\/\/linitiative.ca\/International\/wp-json\/wp\/v2\/users\/1760"}],"replies":[{"embeddable":true,"href":"https:\/\/linitiative.ca\/International\/wp-json\/wp\/v2\/comments?post=73662"}],"version-history":[{"count":0,"href":"https:\/\/linitiative.ca\/International\/wp-json\/wp\/v2\/posts\/73662\/revisions"}],"wp:featuredmedia":[{"embeddable":true,"href":"https:\/\/linitiative.ca\/International\/wp-json\/"}],"wp:attachment":[{"href":"https:\/\/linitiative.ca\/International\/wp-json\/wp\/v2\/media?parent=73662"}],"wp:term":[{"taxonomy":"category","embeddable":true,"href":"https:\/\/linitiative.ca\/International\/wp-json\/wp\/v2\/categories?post=73662"},{"taxonomy":"post_tag","embeddable":true,"href":"https:\/\/linitiative.ca\/International\/wp-json\/wp\/v2\/tags?post=73662"}],"curies":[{"name":"wp","href":"https:\/\/api.w.org\/{rel}","templated":true}]}}