{"id":73669,"date":"2020-01-21T09:06:26","date_gmt":"2020-01-21T14:06:26","guid":{"rendered":"https:\/\/linitiative.ca\/International\/pollution-a-gabes-une-ceinture-verte-autour-des-usines-du-gct\/"},"modified":"2020-01-21T09:06:26","modified_gmt":"2020-01-21T14:06:26","slug":"pollution-a-gabes-une-ceinture-verte-autour-des-usines-du-gct","status":"publish","type":"post","link":"https:\/\/linitiative.ca\/International\/pollution-a-gabes-une-ceinture-verte-autour-des-usines-du-gct\/","title":{"rendered":"Pollution \u00e0 Gab\u00e8s :  Une ceinture verte autour des usines du GCT"},"content":{"rendered":"<p>La soci\u00e9t\u00e9 d\u2019environnement, de plantation et de jardinage \u00e0 Gab\u00e8s a d\u00e9marr\u00e9, lundi, l\u2019am\u00e9nagement d\u2019une ceinture verte autour des usines du Groupement Chimique Tunisien (GCT).<\/p>\n<p>S\u2019\u00e9talant sur quatre ans, ce projet s\u2019inscrit dans le cadre d\u2019un march\u00e9 conclu avec le GCT, pour un co\u00fbt estim\u00e9 \u00e0 245 mille dinars.<\/p>\n<p>Ayant pour objectif d\u2019am\u00e9liorer la situation environnementale da la zone industrielle de Gab\u00e8s, l\u2019am\u00e9nagement de la ceinture verte n\u00e9cessitera la mobilisation de 80 agents de la soci\u00e9t\u00e9 d\u2019environnement pour la plantation, dans une premi\u00e8re phase, de 1400 arbres sous forme de ceinture verte d\u2019une longueur de 3 kilom\u00e8tres et d\u2019une largeur de 8 m\u00e8tres, signale le directeur g\u00e9n\u00e9ral de la soci\u00e9t\u00e9, Abdesselam Bsissa.<\/p>\n<p>Lors de la c\u00e9r\u00e9monie du lancement du projet, Bsissa indique que la soci\u00e9t\u00e9 ambitionne de boiser l\u2019environnement global de la zone industrielle de Gab\u00e8s et de signer de nouveaux contrats afin de valoriser toutes les ressources humaines de la soci\u00e9t\u00e9 qui compte 2600 agents.<\/p>\n<p class=\"dpsp-share-text\">Partager c&rsquo;est aimer!<\/p>\n<div class=\"wp-post-author-wrap wp-post-author-shortcode left\">\n<h3 class=\"awpa-title\"\/>\n<div class=\"wp-post-author\">\n<div class=\"awpa-img awpa-author-block square\"><a href=\"http:\/\/lexpertjournal.net\/fr\/author\/expert\/\"><img loading=\"lazy\" decoding=\"async\" alt=\"\" src=\"http:\/\/0.gravatar.com\/avatar\/c828f0b17d24309f0d01a4eac3747085?s=150&#038;d=mm&#038;r=g\" srcset=\"http:\/\/0.gravatar.com\/avatar\/c828f0b17d24309f0d01a4eac3747085?s=300&#038;d=mm&#038;r=g 2x\" class=\"avatar avatar-150 photo\" height=\"150\" width=\"150\"\/><\/a><\/div>\n<\/div>\n<\/div>\n<p>Auteur: L&rsquo;expert<br \/>\n<a href=\"http:\/\/lexpertjournal.net\/fr\/2020\/01\/21\/pollution-a-gabes-une-ceinture-verte-autour-des-usines-du-gct\/\">Cliquez ici pour lire l&rsquo;article depuis sa source.<\/a><\/p>\n","protected":false},"excerpt":{"rendered":"<p>La soci\u00e9t\u00e9 d\u2019environnement, de plantation et de jardinage \u00e0 Gab\u00e8s a d\u00e9marr\u00e9, lundi, l\u2019am\u00e9nagement d\u2019une ceinture verte autour des usines du Groupement Chimique Tunisien (GCT). S\u2019\u00e9talant sur quatre ans, ce projet s\u2019inscrit dans le cadre d\u2019un march\u00e9 conclu avec le GCT, pour un co\u00fbt estim\u00e9 \u00e0 245 mille dinars. Ayant pour objectif d\u2019am\u00e9liorer la situation [&hellip;]<\/p>\n","protected":false},"author":1775,"featured_media":0,"comment_status":"closed","ping_status":"closed","sticky":false,"template":"","format":"standard","meta":{"fifu_image_url":"","fifu_image_alt":"","footnotes":""},"categories":[78,55],"tags":[],"class_list":["post-73669","post","type-post","status-publish","format-standard","hentry","category-economie","category-tunisie"],"_links":{"self":[{"href":"https:\/\/linitiative.ca\/International\/wp-json\/wp\/v2\/posts\/73669","targetHints":{"allow":["GET"]}}],"collection":[{"href":"https:\/\/linitiative.ca\/International\/wp-json\/wp\/v2\/posts"}],"about":[{"href":"https:\/\/linitiative.ca\/International\/wp-json\/wp\/v2\/types\/post"}],"author":[{"embeddable":true,"href":"https:\/\/linitiative.ca\/International\/wp-json\/wp\/v2\/users\/1775"}],"replies":[{"embeddable":true,"href":"https:\/\/linitiative.ca\/International\/wp-json\/wp\/v2\/comments?post=73669"}],"version-history":[{"count":0,"href":"https:\/\/linitiative.ca\/International\/wp-json\/wp\/v2\/posts\/73669\/revisions"}],"wp:attachment":[{"href":"https:\/\/linitiative.ca\/International\/wp-json\/wp\/v2\/media?parent=73669"}],"wp:term":[{"taxonomy":"category","embeddable":true,"href":"https:\/\/linitiative.ca\/International\/wp-json\/wp\/v2\/categories?post=73669"},{"taxonomy":"post_tag","embeddable":true,"href":"https:\/\/linitiative.ca\/International\/wp-json\/wp\/v2\/tags?post=73669"}],"curies":[{"name":"wp","href":"https:\/\/api.w.org\/{rel}","templated":true}]}}