{"id":73679,"date":"2020-01-21T04:32:34","date_gmt":"2020-01-21T09:32:34","guid":{"rendered":"https:\/\/linitiative.ca\/International\/la-caravane-maroc-innov-fait-escale-a-chichaoua\/"},"modified":"2020-01-21T04:32:34","modified_gmt":"2020-01-21T09:32:34","slug":"la-caravane-maroc-innov-fait-escale-a-chichaoua","status":"publish","type":"post","link":"https:\/\/linitiative.ca\/International\/la-caravane-maroc-innov-fait-escale-a-chichaoua\/","title":{"rendered":"La Caravane \u00ab\u00a0Maroc-Innov\u00a0\u00bb fait escale \u00e0 Chichaoua"},"content":{"rendered":"<div readability=\"36\">\n<p>Chichaoua \u2013 La Caravane \u00ab\u00a0Maroc-Innov\u00a0\u00bb, une initiative permettant aux porteurs de projets et d\u2019id\u00e9es de d\u00e9montrer le potentiel de leurs id\u00e9es innovantes, a \u00e9t\u00e9 lanc\u00e9e lundi au niveau de la province de Chichaoua.<\/p>\n<\/div>\n<div readability=\"153\">\n<p>Inscrite dans le cadre de la mise en oeuvre du Programme d\u2019Am\u00e9lioration du Revenu et de l\u2019Inclusion Economique des jeunes, cette Caravane, actuellement \u00e0 sa troisi\u00e8me \u00e9tape, est init\u00e9e par la Fondation de Recherche, de D\u00e9veloppement et d\u2019Innovation en Sciences et Ing\u00e9nierie (FRDISI), en partenariat avec l\u2019Initiative Nationale pour le D\u00e9veloppement Humain (INDH).<\/p>\n<p>Cette Caravane est l\u2019opportunit\u00e9 pour les porteurs de projets et d\u2019id\u00e9es de d\u00e9montrer le potentiel de leurs id\u00e9es innovantes devant un jury compos\u00e9 d\u2019experts marocains, de b\u00e9n\u00e9ficier d\u2019avis exp\u00e9riment\u00e9s en mati\u00e8re de formation et d\u2019accompagnement, de retenir l\u2019attention des investisseurs et de faire passer ces id\u00e9es \u00e0 un niveau sup\u00e9rieur en cr\u00e9ant leurs propres Startups.<\/p>\n<p>S\u2019agissant de la participation \u00e0 cette Caravane au niveau de la province de Chichaoua, elle est ouverte \u00e0 toutes les personnes ayant une id\u00e9e, une initiative, un produit ou un service d\u2019aspect technique et d\u2019innovation r\u00e9pondant \u00e0 un d\u00e9fi social ou une probl\u00e9matique de d\u00e9veloppement durable ou d\u2019acc\u00e8s aux services dans les diff\u00e9rents domaines : Sant\u00e9, Education, Environnement, Agriculture, Energies renouvelables, Technologie, Artisanat et Services.<\/p>\n<p>Cette caravane devra, 4 jours durant, sillonner les si\u00e8ges de l\u2019Office de la Formation Professionnelle et de la Promotion du Travail (OFPPT) et de l\u2019Agence Nationale de Promotion de l\u2019Emploi et des Comp\u00e9tences (ANAPEC), les lyc\u00e9es, la direction provinciale d\u2019artisanat, la direction provinciale de l\u2019agriculture, la direction provinciale des eaux et for\u00eats, ainsi que toutes les annexes administratives de la province : Pachalik Chichaoua, Pachalik Imintanout, les cercles de Chichaoua, Imintanout, Mejjat et M\u2019Touga.<\/p>\n<p>Concernant l\u2019ann\u00e9e 2020, 141 projets ou id\u00e9es minimum b\u00e9n\u00e9ficieront d\u2019un programme d\u2019acc\u00e9l\u00e9ration visant \u00e0 d\u00e9velopper les projets, dont 30 projets minimum cr\u00e9eront des Startups et b\u00e9n\u00e9ficieront d\u2019un accompagnement durant 2 ans.<\/p>\n<p>Intervenant \u00e0 cette occasion, le gouverneur de la province de Chichaoua, M. Bouabid El Guerrab, a rappel\u00e9 que cette rencontre intervient en activation du programme d\u2019insertion \u00e9conomique des jeunes et d\u2019am\u00e9lioration du revenu trac\u00e9 dans le cadre de la troisi\u00e8me phase de l\u2019INDH (2019-2023) dont le coup d\u2019envoi a \u00e9t\u00e9 donn\u00e9 par Sa Majest\u00e9 le Roi Mohammed VI le 19 septembre 2018.<\/p>\n<p>Le gouverneur s\u2019est f\u00e9licit\u00e9 de l\u2019organisation de cette Caravane en pr\u00e9sence d\u2019une brochette de cadres, de comp\u00e9tences et de repr\u00e9sentants d\u2019entreprises citoyennes en vue de trouver des solutions au probl\u00e8me du ch\u00f4mage et d\u2019accompagner les petites entreprises notamment celles ayant de grandes ambitions.<\/p>\n<p>M. El Guerrab a lou\u00e9, au passage, les r\u00e9alisations \u00ab\u00a0nobles\u00a0\u00bb et \u00ab\u00a0importantes\u00a0\u00bb atteintes gr\u00e2ce \u00e0 l\u2019INDH et ce, depuis le lancement de ce chantier Royal en 2005, notant que ces r\u00e9alisations constituent \u00ab\u00a0un bilan de l\u2019innovation marocaine \u00e0 la faveur des Marocains, surtout que plusieurs acquis ont \u00e9t\u00e9 atteints avec un fort impact en termes d\u2019am\u00e9lioration des conditions de vie des populations notamment celles qui enregistraient des taux \u00e9lev\u00e9s de vuln\u00e9rabilit\u00e9 et de pauvret\u00e9\u00a0\u00bb.<\/p>\n<p>Et de faire observer que l\u2019ambition via cette rencontre est d\u2019insuffler une nouvelle dynamique aux mesures adopt\u00e9es dans le cadre de la 3\u00e8 phase de l\u2019INDH en vue d\u2019atteindre ses objectifs \u00e0 travers notamment, la promotion de l\u2019\u00e9l\u00e9ment humain, le lancement d\u2019une nouvelle g\u00e9n\u00e9ration d\u2019initiatives cr\u00e9atrices de revenu et d\u2019opportunit\u00e9s d\u2019emploi et ce, via la cr\u00e9ation de projets rentables.<\/p>\n<p>\u00ab\u00a0Cela ne pourra se faire qu\u2019\u00e0 travers un changement de la culture bas\u00e9e sur l\u2019assistance et l\u2019adoption d\u2019une approche ambitieuse bas\u00e9e sur la logique du d\u00e9veloppement \u00e9conomique et humain durable, et l\u2019appui aux jeunes \u00e0 travers la promotion de l\u2019employabilit\u00e9\u00a0\u00bb, a-t-il dit.<\/p>\n<p>De son c\u00f4t\u00e9, le d\u00e9l\u00e9gu\u00e9 du pr\u00e9sident de la FRDISI, le professeur Hicham Medromi, a donn\u00e9 un aper\u00e7u d\u00e9taill\u00e9 sur cette Fondation, le contexte de sa cr\u00e9ation ainsi que ses objectifs, mettant en avant la mobilisation accrue des organisateurs et de tous les partenaires associ\u00e9s en vue de garantir \u00e0 cette Caravane toutes les conditions de succ\u00e8s.<\/p>\n<p>Quant aux repr\u00e9sentants des partenaires de ladite Caravane, ils ont mis en avant la pertinence de cette initiative sociale et humaine de par les multiples opportunit\u00e9s de r\u00e9ussite qu\u2019elle offre, invitant les jeunes \u00e0 r\u00eaver et \u00e0 oeuvrer avec pers\u00e9v\u00e9rance, s\u00e9rieux et d\u00e9termination \u00e0 transformer ces r\u00eaves en r\u00e9alit\u00e9.<\/p>\n<p>Tout en rappelant la Haute Sollicitude dont le Souverain ne cesse d\u2019entourer les jeunes, ils ont exhort\u00e9 cette frange de la soci\u00e9t\u00e9 \u00e0 faire confiance \u00e0 ses comp\u00e9tences et \u00e0 son potentiel et surtout, \u00e0 veiller \u00e0 s\u2019inscrire dans tous les efforts de d\u00e9veloppement men\u00e9s \u00e0 l\u2019\u00e9chelle nationale.<\/p>\n<p>Par la m\u00eame occasion, l\u2019assistance a \u00e9t\u00e9 convi\u00e9e \u00e0 suivre un expos\u00e9 d\u00e9taill\u00e9 de la Division de l\u2019Action Sociale (DAS) relevant de la province de Chichaoua sur le Programme d\u2019insertion \u00e9conomique des jeunes et d\u2019am\u00e9lioration du revenu, ainsi que sur les diff\u00e9rentes mesures prises dans ce sens \u00e0 l\u2019\u00e9chelle du territoire de ladite province.<\/p>\n<\/div>\n<p>Auteur: Meriem IGASS<br \/>\n<a href=\"http:\/\/www.mapmarrakech.ma\/fr\/la-caravane\/\">Cliquez ici pour lire l&rsquo;article depuis sa source.<\/a><\/p>\n","protected":false},"excerpt":{"rendered":"<p>Chichaoua \u2013 La Caravane \u00ab\u00a0Maroc-Innov\u00a0\u00bb, une initiative permettant aux porteurs de projets et d\u2019id\u00e9es de d\u00e9montrer le potentiel de leurs id\u00e9es innovantes, a \u00e9t\u00e9 lanc\u00e9e lundi au niveau de la province de Chichaoua. Inscrite dans le cadre de la mise en oeuvre du Programme d\u2019Am\u00e9lioration du Revenu et de l\u2019Inclusion Economique des jeunes, cette Caravane, [&hellip;]<\/p>\n","protected":false},"author":1788,"featured_media":0,"comment_status":"closed","ping_status":"closed","sticky":false,"template":"","format":"standard","meta":{"fifu_image_url":"","fifu_image_alt":"","footnotes":""},"categories":[54,76],"tags":[],"class_list":["post-73679","post","type-post","status-publish","format-standard","hentry","category-maroc","category-regions"],"_links":{"self":[{"href":"https:\/\/linitiative.ca\/International\/wp-json\/wp\/v2\/posts\/73679","targetHints":{"allow":["GET"]}}],"collection":[{"href":"https:\/\/linitiative.ca\/International\/wp-json\/wp\/v2\/posts"}],"about":[{"href":"https:\/\/linitiative.ca\/International\/wp-json\/wp\/v2\/types\/post"}],"author":[{"embeddable":true,"href":"https:\/\/linitiative.ca\/International\/wp-json\/wp\/v2\/users\/1788"}],"replies":[{"embeddable":true,"href":"https:\/\/linitiative.ca\/International\/wp-json\/wp\/v2\/comments?post=73679"}],"version-history":[{"count":0,"href":"https:\/\/linitiative.ca\/International\/wp-json\/wp\/v2\/posts\/73679\/revisions"}],"wp:attachment":[{"href":"https:\/\/linitiative.ca\/International\/wp-json\/wp\/v2\/media?parent=73679"}],"wp:term":[{"taxonomy":"category","embeddable":true,"href":"https:\/\/linitiative.ca\/International\/wp-json\/wp\/v2\/categories?post=73679"},{"taxonomy":"post_tag","embeddable":true,"href":"https:\/\/linitiative.ca\/International\/wp-json\/wp\/v2\/tags?post=73679"}],"curies":[{"name":"wp","href":"https:\/\/api.w.org\/{rel}","templated":true}]}}