{"id":73680,"date":"2020-01-21T04:45:39","date_gmt":"2020-01-21T09:45:39","guid":{"rendered":"https:\/\/linitiative.ca\/International\/sna-le-carnaval-de-la-6eme-edition-un-evenement-haut-en-couleurs\/"},"modified":"2020-01-21T04:45:39","modified_gmt":"2020-01-21T09:45:39","slug":"sna-le-carnaval-de-la-6eme-edition-un-evenement-haut-en-couleurs","status":"publish","type":"post","link":"https:\/\/linitiative.ca\/International\/sna-le-carnaval-de-la-6eme-edition-un-evenement-haut-en-couleurs\/","title":{"rendered":"SNA: Le carnaval de la 6\u00e8me \u00e9dition, un \u00e9v\u00e9nement haut en couleurs"},"content":{"rendered":"<p><iframe loading=\"lazy\" width=\"1170\" height=\"658\" src=\"https:\/\/www.youtube.com\/embed\/Tf9W-UXDtJY?feature=oembed\" frameborder=\"0\" allow=\"accelerometer; autoplay; encrypted-media; gyroscope; picture-in-picture\" allowfullscreen=\"\">[embedded content]<\/iframe><\/p>\n<div class=\"post-header-inner\">\n<div class=\"post-header-title\">\n<p>\n\t\t\t\t<span class=\"time\"><time class=\"post-published updated\" datetime=\"2020-01-21T10:45:39+00:00\"><b><b> 21 janvier 2020  <\/b> <\/b><\/time><\/span>\n\t\t\t<\/p>\n<\/p><\/div>\n<\/p><\/div>\n<div class=\"single-post-excerpt post-excerpt-bc\" readability=\"35\">\n<p>Le carnaval de la 6\u00e8 Semaine nationale de l\u2019artisanat (SNA) a \u00e9t\u00e9 caract\u00e9ris\u00e9 par les couleurs et la th\u00e9matique de la pr\u00e9sente \u00e9dition, et ce, dans un cadre homog\u00e8ne et esth\u00e9tique.<\/p>\n<\/div>\n<p>Auteur: Meriem IGASS<br \/>\n<a href=\"http:\/\/www.mapmarrakech.ma\/fr\/carnaval-2\/\">Cliquez ici pour lire l&rsquo;article depuis sa source.<\/a><\/p>\n","protected":false},"excerpt":{"rendered":"<p>[embedded content] 21 janvier 2020 Le carnaval de la 6\u00e8 Semaine nationale de l\u2019artisanat (SNA) a \u00e9t\u00e9 caract\u00e9ris\u00e9 par les couleurs et la th\u00e9matique de la pr\u00e9sente \u00e9dition, et ce, dans un cadre homog\u00e8ne et esth\u00e9tique. Auteur: Meriem IGASS Cliquez ici pour lire l&rsquo;article depuis sa source.<\/p>\n","protected":false},"author":1788,"featured_media":0,"comment_status":"closed","ping_status":"closed","sticky":false,"template":"","format":"standard","meta":{"fifu_image_url":"","fifu_image_alt":"","footnotes":""},"categories":[54,76],"tags":[],"class_list":["post-73680","post","type-post","status-publish","format-standard","hentry","category-maroc","category-regions"],"_links":{"self":[{"href":"https:\/\/linitiative.ca\/International\/wp-json\/wp\/v2\/posts\/73680","targetHints":{"allow":["GET"]}}],"collection":[{"href":"https:\/\/linitiative.ca\/International\/wp-json\/wp\/v2\/posts"}],"about":[{"href":"https:\/\/linitiative.ca\/International\/wp-json\/wp\/v2\/types\/post"}],"author":[{"embeddable":true,"href":"https:\/\/linitiative.ca\/International\/wp-json\/wp\/v2\/users\/1788"}],"replies":[{"embeddable":true,"href":"https:\/\/linitiative.ca\/International\/wp-json\/wp\/v2\/comments?post=73680"}],"version-history":[{"count":0,"href":"https:\/\/linitiative.ca\/International\/wp-json\/wp\/v2\/posts\/73680\/revisions"}],"wp:attachment":[{"href":"https:\/\/linitiative.ca\/International\/wp-json\/wp\/v2\/media?parent=73680"}],"wp:term":[{"taxonomy":"category","embeddable":true,"href":"https:\/\/linitiative.ca\/International\/wp-json\/wp\/v2\/categories?post=73680"},{"taxonomy":"post_tag","embeddable":true,"href":"https:\/\/linitiative.ca\/International\/wp-json\/wp\/v2\/tags?post=73680"}],"curies":[{"name":"wp","href":"https:\/\/api.w.org\/{rel}","templated":true}]}}