{"id":73693,"date":"2020-01-21T15:15:28","date_gmt":"2020-01-21T20:15:28","guid":{"rendered":"https:\/\/linitiative.ca\/International\/algerie-france-le-president-de-la-republique-recoit-le-chef-de-la-diplomatie-francaise\/"},"modified":"2020-01-21T15:15:28","modified_gmt":"2020-01-21T20:15:28","slug":"algerie-france-le-president-de-la-republique-recoit-le-chef-de-la-diplomatie-francaise","status":"publish","type":"post","link":"https:\/\/linitiative.ca\/International\/algerie-france-le-president-de-la-republique-recoit-le-chef-de-la-diplomatie-francaise\/","title":{"rendered":"Alg\u00e9rie &#8211; France : Le Pr\u00e9sident de la R\u00e9publique re\u00e7oit le chef  de la diplomatie fran\u00e7aise"},"content":{"rendered":"<p>Le pr\u00e9sident de la R\u00e9publique, M.\u2008Abdelmadjid Tebboune a re\u00e7u hier au si\u00e8ge de la Pr\u00e9sidence de la R\u00e9publique le ministre fran\u00e7ais de l\u2019Europe et des Affaires \u00e9trang\u00e8res, Jean-Yves Le Drian, a indiqu\u00e9 un communiqu\u00e9 de la Pr\u00e9sidence de la R\u00e9publique.<br \/>\u00a0\u00abLa rencontre a port\u00e9 sur les relations bilat\u00e9rales dans leurs dimensions humaine et historique notamment dans le volet relatif \u00e0 la m\u00e9moire, des relations intenses et diversifi\u00e9es li\u00e9es notamment \u00e0 la circulation des personnes\u00bb, a pr\u00e9cis\u00e9 la m\u00eame source.<br \/>\u00a0A cet effet, \u00able pr\u00e9sident Tebboune a demand\u00e9 au ministre fran\u00e7ais de transmettre un message au pr\u00e9sident Emmanuel Macron\u00bb, a ajout\u00e9 le communiqu\u00e9.<br \/>Les questions r\u00e9gionales et internationales ont \u00e9t\u00e9 au centre des entretiens, en particulier les derniers d\u00e9veloppements survenus en Libye, \u00e0 la lumi\u00e8re des r\u00e9sultats de la conf\u00e9rence de Berlin, outre la situation au Mali et dans la r\u00e9gion du Sahel\u00bb, a conclu le communiqu\u00e9.<\/p>\n<p>Auteur: elmoudjahid<br \/>\n<a href=\"http:\/\/www.elmoudjahid.com\/fr\/actualites\/147482\">Cliquez ici pour lire l&rsquo;article depuis sa source.<\/a><\/p>\n","protected":false},"excerpt":{"rendered":"<p>Le pr\u00e9sident de la R\u00e9publique, M.\u2008Abdelmadjid Tebboune a re\u00e7u hier au si\u00e8ge de la Pr\u00e9sidence de la R\u00e9publique le ministre fran\u00e7ais de l\u2019Europe et des Affaires \u00e9trang\u00e8res, Jean-Yves Le Drian, a indiqu\u00e9 un communiqu\u00e9 de la Pr\u00e9sidence de la R\u00e9publique.\u00a0\u00abLa rencontre a port\u00e9 sur les relations bilat\u00e9rales dans leurs dimensions humaine et historique notamment dans [&hellip;]<\/p>\n","protected":false},"author":1744,"featured_media":0,"comment_status":"closed","ping_status":"closed","sticky":false,"template":"","format":"standard","meta":{"fifu_image_url":"","fifu_image_alt":"","footnotes":""},"categories":[73,53],"tags":[],"class_list":["post-73693","post","type-post","status-publish","format-standard","hentry","category-actualite","category-algerie"],"_links":{"self":[{"href":"https:\/\/linitiative.ca\/International\/wp-json\/wp\/v2\/posts\/73693","targetHints":{"allow":["GET"]}}],"collection":[{"href":"https:\/\/linitiative.ca\/International\/wp-json\/wp\/v2\/posts"}],"about":[{"href":"https:\/\/linitiative.ca\/International\/wp-json\/wp\/v2\/types\/post"}],"author":[{"embeddable":true,"href":"https:\/\/linitiative.ca\/International\/wp-json\/wp\/v2\/users\/1744"}],"replies":[{"embeddable":true,"href":"https:\/\/linitiative.ca\/International\/wp-json\/wp\/v2\/comments?post=73693"}],"version-history":[{"count":0,"href":"https:\/\/linitiative.ca\/International\/wp-json\/wp\/v2\/posts\/73693\/revisions"}],"wp:attachment":[{"href":"https:\/\/linitiative.ca\/International\/wp-json\/wp\/v2\/media?parent=73693"}],"wp:term":[{"taxonomy":"category","embeddable":true,"href":"https:\/\/linitiative.ca\/International\/wp-json\/wp\/v2\/categories?post=73693"},{"taxonomy":"post_tag","embeddable":true,"href":"https:\/\/linitiative.ca\/International\/wp-json\/wp\/v2\/tags?post=73693"}],"curies":[{"name":"wp","href":"https:\/\/api.w.org\/{rel}","templated":true}]}}