{"id":73694,"date":"2020-01-21T15:15:30","date_gmt":"2020-01-21T20:15:30","guid":{"rendered":"https:\/\/linitiative.ca\/International\/filiere-agroalimentaire-reduire-la-facture-dimportation\/"},"modified":"2020-01-21T15:15:30","modified_gmt":"2020-01-21T20:15:30","slug":"filiere-agroalimentaire-reduire-la-facture-dimportation","status":"publish","type":"post","link":"https:\/\/linitiative.ca\/International\/filiere-agroalimentaire-reduire-la-facture-dimportation\/","title":{"rendered":"Fili\u00e8re agroalimentaire : R\u00e9duire la facture d\u2019importation"},"content":{"rendered":"<p><strong>Le ministre de l&rsquo;Agriculture et du D\u00e9veloppement rural, Cherif Omari, a examin\u00e9, lundi \u00e0 Alger, avec les repr\u00e9sentants des Chambres d&rsquo;agriculture des diff\u00e9rentes r\u00e9gions du pays, la question de la cr\u00e9ation de coop\u00e9ratives agricoles charg\u00e9es de la collecte de la production agricole, en vue de couvrir la demande des op\u00e9rateurs locaux et \u00e9trangers.<\/strong><\/p>\n<p>Intervenant lors d&rsquo;une r\u00e9union de concertation, tenue en pr\u00e9sence du pr\u00e9sident de la Chambre nationale de l&rsquo;Agriculture, le ministre a soulign\u00e9 l&rsquo;importance de tenir des rencontres p\u00e9riodiques entre les diff\u00e9rents acteurs du secteur en vue de proc\u00e9der \u00e0 une \u00e9valuation de l&rsquo;\u00e9tat de cette activit\u00e9 sur terrain et prendre connaissance des d\u00e9tails de la profession sur le territoire national. Dans ce cadre, il a appel\u00e9 au lancement de concertations sur les coop\u00e9ratives agricoles \u00e0 travers l&rsquo;exploitation de l&rsquo;exp\u00e9rience des experts en la mati\u00e8re et la d\u00e9termination de l&rsquo;efficacit\u00e9 des exp\u00e9riences pr\u00e9c\u00e9dentes.<br \/>Le ministre a incit\u00e9 les responsables locaux \u00e0 faire preuve de dynamisme n\u00e9cessaire \u00e0 m\u00eame de redynamiser le secteur agricole dans leurs r\u00e9gions, soulignant que \u00able secteur a besoin de guerriers sur le terrain\u00bb, tout en communiquant, \u00e0 temps, au minist\u00e8re tous les d\u00e9tails relatifs aux pr\u00e9occupations des agriculteurs et des op\u00e9rateurs du secteur.<br \/>La r\u00e9union durant laquelle il a \u00e9t\u00e9 question d&rsquo;examiner plusieurs difficult\u00e9s et d\u00e9fis auxquels fait face les pr\u00e9sidents de chambres \u00e0 travers les wilayas, a constitu\u00e9 une occasion \u00e0 m\u00eame de les informer du contenu des orientations du pr\u00e9sident de la R\u00e9publique, Abdelmadjid Tebboune lors du pr\u00e9c\u00e9dent Conseil minist\u00e9riel, notamment en ce qui concerne les \u00e9quipements, la transformation, les investissements, l&rsquo;acc\u00e8s \u00e0 la production de nouveaux produits et la fourniture de nouvelles mati\u00e8res essentielles en les cultivant \u00e0 l&rsquo;int\u00e9rieur du pays. Le ministre a fait savoir que le secteur est en passe de cultiver certains produits de grande importance en faveur de l&rsquo;\u00e9conomie nationale en tant que produits de base s&rsquo;inscrivant dans le cadre des industries agroalimentaires \u00e0 l&rsquo;image de la betterave sucri\u00e8re, le ma\u00efs, le soja et autres, en \u00e9laborant des \u00e9tudes et des \u00e9chantillons typiques pour s&rsquo;assurer du degr\u00e9 de r\u00e9ussite de ces cultures. Pour le ministre, ce m\u00e9canisme permet la r\u00e9duction de la facture d&rsquo;importation des mati\u00e8res premi\u00e8res et des aliments et l&rsquo;incitation des investisseurs locaux \u00e0 ces domaines \u00e0 travers l&rsquo;exploitation de l&rsquo;\u00e9conomie du savoir et du num\u00e9rique. Le premier responsable du secteur a plaid\u00e9 pour l&rsquo;organisation de rencontres avec les techniciens en mati\u00e8re d&rsquo;agriculture saharienne en tant qu&rsquo;espace pour d\u00e9finir les pr\u00e9occupations et plateformes visant la valorisation du r\u00f4le des \u00e9nergies renouvelables dans l&rsquo;agriculture au sud du pays et espace pour d\u00e9finir les pr\u00e9occupations. Par ailleurs, le ministre a appel\u00e9 les agriculteurs \u00e0 investir leurs capacit\u00e9s financi\u00e8res pour d\u00e9velopper davantage leurs exploitations tout en profitant de l&rsquo;appui et de l&rsquo;accompagnement de l&rsquo;Etat. Appelant les investisseurs priv\u00e9s \u00e0 contribuer au d\u00e9veloppement de l&rsquo;industrie agroalimentaire et la production des mati\u00e8res premi\u00e8res, il a soulign\u00e9 que le secteur ouvrait ses portes \u00e0 l&rsquo;ensemble des partenaires locaux d\u00e9sirant investir dans ce domaine.<br \/>A la fin, M. Omari a exhort\u00e9 les professionnels de son secteur \u00e0 faire part de leurs dol\u00e9ances aux responsables locaux dans le souci de les transmettre au minist\u00e8re de tutelle en vue de les examiner pour trouver des solutions palpables.<\/p>\n<p>Auteur: elmoudjahid<br \/>\n<a href=\"http:\/\/www.elmoudjahid.com\/fr\/actualites\/147483\">Cliquez ici pour lire l&rsquo;article depuis sa source.<\/a><\/p>\n","protected":false},"excerpt":{"rendered":"<p>Le ministre de l&rsquo;Agriculture et du D\u00e9veloppement rural, Cherif Omari, a examin\u00e9, lundi \u00e0 Alger, avec les repr\u00e9sentants des Chambres d&rsquo;agriculture des diff\u00e9rentes r\u00e9gions du pays, la question de la cr\u00e9ation de coop\u00e9ratives agricoles charg\u00e9es de la collecte de la production agricole, en vue de couvrir la demande des op\u00e9rateurs locaux et \u00e9trangers. Intervenant lors [&hellip;]<\/p>\n","protected":false},"author":1744,"featured_media":0,"comment_status":"closed","ping_status":"closed","sticky":false,"template":"","format":"standard","meta":{"fifu_image_url":"","fifu_image_alt":"","footnotes":""},"categories":[73,53],"tags":[],"class_list":["post-73694","post","type-post","status-publish","format-standard","hentry","category-actualite","category-algerie"],"_links":{"self":[{"href":"https:\/\/linitiative.ca\/International\/wp-json\/wp\/v2\/posts\/73694","targetHints":{"allow":["GET"]}}],"collection":[{"href":"https:\/\/linitiative.ca\/International\/wp-json\/wp\/v2\/posts"}],"about":[{"href":"https:\/\/linitiative.ca\/International\/wp-json\/wp\/v2\/types\/post"}],"author":[{"embeddable":true,"href":"https:\/\/linitiative.ca\/International\/wp-json\/wp\/v2\/users\/1744"}],"replies":[{"embeddable":true,"href":"https:\/\/linitiative.ca\/International\/wp-json\/wp\/v2\/comments?post=73694"}],"version-history":[{"count":0,"href":"https:\/\/linitiative.ca\/International\/wp-json\/wp\/v2\/posts\/73694\/revisions"}],"wp:attachment":[{"href":"https:\/\/linitiative.ca\/International\/wp-json\/wp\/v2\/media?parent=73694"}],"wp:term":[{"taxonomy":"category","embeddable":true,"href":"https:\/\/linitiative.ca\/International\/wp-json\/wp\/v2\/categories?post=73694"},{"taxonomy":"post_tag","embeddable":true,"href":"https:\/\/linitiative.ca\/International\/wp-json\/wp\/v2\/tags?post=73694"}],"curies":[{"name":"wp","href":"https:\/\/api.w.org\/{rel}","templated":true}]}}