{"id":73695,"date":"2020-01-21T15:15:33","date_gmt":"2020-01-21T20:15:33","guid":{"rendered":"https:\/\/linitiative.ca\/International\/commerce-exterieur-elaboration-du-plan-national-dexportation\/"},"modified":"2020-01-21T15:15:33","modified_gmt":"2020-01-21T20:15:33","slug":"commerce-exterieur-elaboration-du-plan-national-dexportation","status":"publish","type":"post","link":"https:\/\/linitiative.ca\/International\/commerce-exterieur-elaboration-du-plan-national-dexportation\/","title":{"rendered":"Commerce ext\u00e9rieur :  \u00c9laboration du plan national d\u2019exportation"},"content":{"rendered":"<p>Les industriels et hommes d\u2019affaires du pays sont appel\u00e9s \u00ab\u00e0 l\u2019avenir \u00e0 affecter une part de leurs produits \u00e0 l\u2019exportation\u00bb vers les march\u00e9s arabes et africains notamment, a indiqu\u00e9 hier \u00e0 Blida le ministre du Commerce, Kamel Rezig. \u00abLes industriels sont tenus, \u00e0 l\u2019avenir, (de mani\u00e8re indirecte) \u00e0 affecter un taux entre 20 \u00e0 30% du volume de leur production \u00e0 l\u2019exportation\u00bb, a indiqu\u00e9 le ministre \u00e0 l\u2019ouverture d\u2019une Journ\u00e9e d\u2019\u00e9tudes sur la Loi de finances 2020.<br \/>M. Rezig a soulign\u00e9 que son d\u00e9partement minist\u00e9riel s\u2019attelle actuellement \u00e0 \u00abformuler des concepts r\u00e9gissant le domaine de l\u2019exportation avec l\u2019\u00e9laboration du plan national d\u2019exportation, en collaboration avec les op\u00e9rateurs \u00e9conomiques qui b\u00e9n\u00e9ficieront du soutien et de l\u2019accompagnement de l\u2019Etat\u00bb.<br \/>\u00abLe Pr\u00e9sident de la R\u00e9publique, Abdelmadjid Tebboune, a veill\u00e9 \u00e0 la cr\u00e9ation d\u2019un minist\u00e8re d\u00e9l\u00e9gu\u00e9 charg\u00e9 du Commerce ext\u00e9rieur dans l\u2019objectif d\u2019accompagner les investisseurs et leur permettre d&rsquo;acc\u00e9der aux march\u00e9s ext\u00e9rieurs\u00bb, a-t-il dit \u00e0 ce propos.<br \/>Abordant longuement la question inh\u00e9rente \u00e0 la promotion des exportations hors hydrocarbures, le ministre s\u2019est \u00e9galement engag\u00e9 \u00e0 \u00absoutenir et \u00e0 accompagner les exportateurs\u00bb \u00e0 qui il a recommand\u00e9 de \u00abne plus se justifier par des probl\u00e8mes d&rsquo;entraves et de contraintes qui font d\u00e9sormais partie du pass\u00e9, dans la nouvelle Alg\u00e9rie\u00bb, a-t-il estim\u00e9.<br \/>M. Rezig a affirm\u00e9, en outre, que les portes de son d\u00e9partement minist\u00e9riel \u00absont ouvertes \u00e0 tous, y compris aux citoyens et aux hommes d\u2019affaires, en vue d\u2019examiner toutes les dol\u00e9ances et d\u2019\u0153uvrer \u00e0 trouver les solutions idoines\u00bb.<br \/>Le ministre du Commerce a pr\u00e9cis\u00e9, \u00e0 ce propos, que \u00abdes pr\u00e9paratifs sont en cours en vue de la tenue de rencontres et consultations avec les op\u00e9rateurs \u00e9conomiques, exportateurs et importateurs, dans les jours \u00e0 venir, pour s&rsquo;entretenir notamment de sujets relatifs aux factures gonfl\u00e9es et aux importations anarchiques\u00bb et ce, a-t-il dit, suite \u00e0 l\u2019adoption du programme du Gouvernement par les deux chambres du Parlement. \u00abIl est imp\u00e9ratif qu\u2019industriels et agriculteurs assimilent parfaitement que l\u2019orientation vers l\u2019exportation n\u2019a aucune relation avec un exc\u00e9dant de production ou une action conjoncturelle, mais plut\u00f4t une sp\u00e9cialisation\u00bb, a affirm\u00e9 Kamel Rezig, avant d&rsquo;appeler les concern\u00e9s \u00e0 se \u00abmobiliser et \u00e0 \u0153uvrer pour l\u2019int\u00e9gration des march\u00e9s ext\u00e9rieurs, repr\u00e9sent\u00e9s notamment par 53 march\u00e9s africains et 21 march\u00e9s arabes, au vue de la qualit\u00e9 du produit national\u00bb, a-t-il soutenu.\u00a0 Le ministre du Commerce a lanc\u00e9, \u00e0 ce titre, un appel aux industriels pour qu&rsquo;ils tirent profit de l&rsquo;op\u00e9ration de lancement effectif par l\u2019Alg\u00e9rie de l\u2019accord portant cr\u00e9ation de la zone de libre \u00e9change commercial africain (ZLECAf) pr\u00e9vu en juillet 2020, pour l\u2019int\u00e9gration intra-africaine, en s\u2019engageant au respect des normes de qualit\u00e9 fix\u00e9es pour ces march\u00e9s. Par ailleurs, le ministre du Commerce, a d\u00e9plor\u00e9 la \u00abnon exploitation des \u00e9normes ressources et opportunit\u00e9s dont l\u2019Alg\u00e9rie dispose pour la promotion des exportations\u00bb, imputant cette situation \u00ab\u00e0 la non ma\u00eetrise du concept de marketing, contrairement aux \u00e9tats arabes et voisins\u00bb car, a-t-il soulign\u00e9, \u00abnous croyons que la m\u00e9thode de commercialisation dans les march\u00e9s ext\u00e9rieurs est la m\u00eame que celle dans le march\u00e9 national\u00bb.<\/p>\n<p><strong>Produits fabriqu\u00e9s en Alg\u00e9rie : Bient\u00f4t un fichier national<\/strong><\/p>\n<p>Le ministre a annonc\u00e9 que des pr\u00e9paratifs \u00e9taient cours, en vue de l\u2019\u00e9laboration d\u2019un fichier national des produits fabriqu\u00e9s en Alg\u00e9rie, en perspective de la mise au point d\u2019une liste des produits autoris\u00e9s \u00e0 l\u2019importation. \u00abNous veillerons \u00e0 l\u2019\u00e9laboration, dans les plus brefs d\u00e9lais possibles, d\u2019un fichier national de tous les produits, industriels, agricoles, artisanaux et de services, de fabrication alg\u00e9rienne, en vue de mettre un terme \u00e0 l\u2019importation anarchique\u00bb, a indiqu\u00e9 M. Kamel Rezig.<br \/>Il a signal\u00e9 le \u00abrecensement, sur le march\u00e9 national, de dizaines de milliers de produits de fabrication alg\u00e9rienne inconnus\u00bb, et n\u00e9cessitant, a-t-il ajout\u00e9 \u00abl\u2019\u00e9laboration d\u2019une liste \u00e0 leur sujet, avec l\u2019implication des industriels et autres op\u00e9rateurs \u00e9conomiques\u00bb.<br \/>Le ministre a qualifi\u00e9 cette d\u00e9marche de \u00abmesure urgente\u00bb inscrite au titre du programme de base du minist\u00e8re visant \u00ab\u00e0 encourager l\u2019exportation et p\u00e9n\u00e9trer les march\u00e9s \u00e9trangers\u00bb, a-t-il soulign\u00e9. \u00abTout produit fabriqu\u00e9 en Alg\u00e9rie sera interdit d\u2019importation \u00e0 l\u2019avenir, \u00e0 l\u2019exception de ceux dans les quantit\u00e9s ne couvrent pas les besoins nationaux\u00bb, a-t-il affirm\u00e9, \u00e0 ce propos.\u00a0 Pour le ministre du Commerce, cette d\u00e9marche vise \u00ab\u00e0 assurer une protection juridique aux industriels, qui s\u2019engagent \u00e0 leur tour au respect de leur engagements relatifs au maintien des prix des produits, leur quantit\u00e9 et leur qualit\u00e9, tout en \u00e9vitant le monopole et la sp\u00e9culation\u00bb, car la protection du consommateur \u00abest la plus importante priorit\u00e9 du minist\u00e8re du Commerce\u00bb, a, encore, affirm\u00e9 M. Kamel Rezig.<\/p>\n<p><strong>Lancement de grandes surfaces commerciales en 2020<\/strong><\/p>\n<p>\u00abCette ann\u00e9e verra le lancement de grandes surfaces commerciales d\u00e9di\u00e9es \u00e0 la promotion du produit local et la r\u00e9gulation de ses prix \u00ab, a aussi indiqu\u00e9 M. Rezig.<br \/>Au titre des efforts consentis pour la protection du consommateur, le ministre a affirm\u00e9 \u00abqu\u2019aucun produit national ou d\u2019importation ne sera mis sur le march\u00e9, sans une autorisation de l\u2019un des 43 laboratoires de contr\u00f4le repartis \u00e0 l\u2019\u00e9chelle nationale, dont 28 actuellement op\u00e9rationnels et le reste en r\u00e9alisation\u00bb. \u00abLa mesure est inscrite au titre de la moralisation de l\u2019activit\u00e9 commerciale\u00bb, a-t-il soutenu.\u00a0 M. Rezig a assur\u00e9 que la Loi de finances \u00abqui a \u00e9t\u00e9 \u00e9labor\u00e9e dans des conditions difficiles porte en elle de nombreux points positifs. Elle pourrait apporter des r\u00e9sultats prodigieux, dans le cas de son application idoine\u00bb. Le ministre a cit\u00e9 \u00abla pr\u00e9servation du caract\u00e8re social de l\u2019Etat alg\u00e9rien, et l\u2019annulation de la r\u00e8gle 51\/49, exception faite de certains secteurs strat\u00e9giques, outre la d\u00e9cision pour la premi\u00e8re fois, d\u2019incitations au profit des startups\u00bb.<\/p>\n<p><strong>\u00c9liminer la sp\u00e9culation sur le prix du lait en sachet<\/strong><\/p>\n<p>Le minist\u00e8re entend mettre un terme dans un d\u00e9lai ne d\u00e9passant pas \u00abune semaine\u00bb au probl\u00e8me de sp\u00e9culation sur le prix du lait en sachet, produit soutenu par l\u2019Etat, a assur\u00e9 M.\u2008Kamel Rezig. \u00abDans une premi\u00e8re \u00e9tape, nous avons pr\u00e9f\u00e9r\u00e9 adopter la m\u00e9thode de sensibilisation envers certains commer\u00e7ants qui proc\u00e8dent d\u00e9lib\u00e9r\u00e9ment au rel\u00e8vement du prix, a pr\u00e9cis\u00e9 le ministre, assurant que des \u00abinstructions ont \u00e9t\u00e9 donn\u00e9es \u00e0 tous les directeurs du commerce des wilayas en vue d&rsquo;appliquer les sanctions \u00e0 l\u2019encontre des contrevenants, dans la 2e \u00e9tape de l\u2019op\u00e9ration\u00bb, a-t-il fait savoir.<\/p>\n<p>Auteur: elmoudjahid<br \/>\n<a href=\"http:\/\/www.elmoudjahid.com\/fr\/actualites\/147484\">Cliquez ici pour lire l&rsquo;article depuis sa source.<\/a><\/p>\n","protected":false},"excerpt":{"rendered":"<p>Les industriels et hommes d\u2019affaires du pays sont appel\u00e9s \u00ab\u00e0 l\u2019avenir \u00e0 affecter une part de leurs produits \u00e0 l\u2019exportation\u00bb vers les march\u00e9s arabes et africains notamment, a indiqu\u00e9 hier \u00e0 Blida le ministre du Commerce, Kamel Rezig. \u00abLes industriels sont tenus, \u00e0 l\u2019avenir, (de mani\u00e8re indirecte) \u00e0 affecter un taux entre 20 \u00e0 30% [&hellip;]<\/p>\n","protected":false},"author":1744,"featured_media":0,"comment_status":"closed","ping_status":"closed","sticky":false,"template":"","format":"standard","meta":{"fifu_image_url":"","fifu_image_alt":"","footnotes":""},"categories":[73,53],"tags":[],"class_list":["post-73695","post","type-post","status-publish","format-standard","hentry","category-actualite","category-algerie"],"_links":{"self":[{"href":"https:\/\/linitiative.ca\/International\/wp-json\/wp\/v2\/posts\/73695","targetHints":{"allow":["GET"]}}],"collection":[{"href":"https:\/\/linitiative.ca\/International\/wp-json\/wp\/v2\/posts"}],"about":[{"href":"https:\/\/linitiative.ca\/International\/wp-json\/wp\/v2\/types\/post"}],"author":[{"embeddable":true,"href":"https:\/\/linitiative.ca\/International\/wp-json\/wp\/v2\/users\/1744"}],"replies":[{"embeddable":true,"href":"https:\/\/linitiative.ca\/International\/wp-json\/wp\/v2\/comments?post=73695"}],"version-history":[{"count":0,"href":"https:\/\/linitiative.ca\/International\/wp-json\/wp\/v2\/posts\/73695\/revisions"}],"wp:attachment":[{"href":"https:\/\/linitiative.ca\/International\/wp-json\/wp\/v2\/media?parent=73695"}],"wp:term":[{"taxonomy":"category","embeddable":true,"href":"https:\/\/linitiative.ca\/International\/wp-json\/wp\/v2\/categories?post=73695"},{"taxonomy":"post_tag","embeddable":true,"href":"https:\/\/linitiative.ca\/International\/wp-json\/wp\/v2\/tags?post=73695"}],"curies":[{"name":"wp","href":"https:\/\/api.w.org\/{rel}","templated":true}]}}