{"id":73712,"date":"2020-01-21T11:06:00","date_gmt":"2020-01-21T16:06:00","guid":{"rendered":"https:\/\/linitiative.ca\/International\/karim-tabbou-maintenu-en-prison\/"},"modified":"2020-01-21T11:06:00","modified_gmt":"2020-01-21T16:06:00","slug":"karim-tabbou-maintenu-en-prison","status":"publish","type":"post","link":"https:\/\/linitiative.ca\/International\/karim-tabbou-maintenu-en-prison\/","title":{"rendered":"Karim Tabbou maintenu en prison"},"content":{"rendered":"<p><br id=\"sep_para_1\" class=\"sep_para access\"\/><\/p>\n<div id=\"para_1\" class=\"para_35155655 resize\">\n<div class=\"texte access firstletter\">Karim Tabbou en d\u00e9tention provisoire depuis la fin du mois de septembre dernier, est contraint de rester derri\u00e8re les barreaux encore quatre longs mois. C\u2019est ce que vient d\u2019annoncer, pein\u00e9e, l\u2019une de ses avocates,\u00a0 Fatiha Rouabi sur sa page Facebook.\u00a0 \u00abMalheureusement, et alors que nous effectuons une visite \u00e0 notre client Karim Tabbou \u00e0 la prison d\u2019El Kol\u00e9a, il a \u00e9t\u00e9 inform\u00e9 que sa d\u00e9tention\u00a0 a \u00e9t\u00e9 prolong\u00e9e de quatre mois en vertu d\u2019une d\u00e9cision du juge enqu\u00eateur du tribunal de Sidi M\u2019hamed dat\u00e9e du 20 janvier \u00bb, \u00e9crit l\u2019avocate.\u00a0 En cons\u00e9quence, la d\u00e9tention de Karim Tabbou sera prolong\u00e9e de quatre mois, \u00e0 compter du 26 de ce mois et ne sera donc pas en libert\u00e9 pas avant le 26 avril prochain.<\/div>\n<\/div>\n<p>Auteur: R\u00e9flexion<br \/>\n<a href=\"https:\/\/www.reflexiondz.net\/Karim-Tabbou-maintenu-en-prison_a60150.html\">Cliquez ici pour lire l&rsquo;article depuis sa source.<\/a><\/p>\n","protected":false},"excerpt":{"rendered":"<p>Karim Tabbou en d\u00e9tention provisoire depuis la fin du mois de septembre dernier, est contraint de rester derri\u00e8re les barreaux encore quatre longs mois. C\u2019est ce que vient d\u2019annoncer, pein\u00e9e, l\u2019une de ses avocates,\u00a0 Fatiha Rouabi sur sa page Facebook.\u00a0 \u00abMalheureusement, et alors que nous effectuons une visite \u00e0 notre client Karim Tabbou \u00e0 la [&hellip;]<\/p>\n","protected":false},"author":1740,"featured_media":0,"comment_status":"closed","ping_status":"closed","sticky":false,"template":"","format":"standard","meta":{"fifu_image_url":"","fifu_image_alt":"","footnotes":""},"categories":[53,76],"tags":[],"class_list":["post-73712","post","type-post","status-publish","format-standard","hentry","category-algerie","category-regions"],"_links":{"self":[{"href":"https:\/\/linitiative.ca\/International\/wp-json\/wp\/v2\/posts\/73712","targetHints":{"allow":["GET"]}}],"collection":[{"href":"https:\/\/linitiative.ca\/International\/wp-json\/wp\/v2\/posts"}],"about":[{"href":"https:\/\/linitiative.ca\/International\/wp-json\/wp\/v2\/types\/post"}],"author":[{"embeddable":true,"href":"https:\/\/linitiative.ca\/International\/wp-json\/wp\/v2\/users\/1740"}],"replies":[{"embeddable":true,"href":"https:\/\/linitiative.ca\/International\/wp-json\/wp\/v2\/comments?post=73712"}],"version-history":[{"count":0,"href":"https:\/\/linitiative.ca\/International\/wp-json\/wp\/v2\/posts\/73712\/revisions"}],"wp:attachment":[{"href":"https:\/\/linitiative.ca\/International\/wp-json\/wp\/v2\/media?parent=73712"}],"wp:term":[{"taxonomy":"category","embeddable":true,"href":"https:\/\/linitiative.ca\/International\/wp-json\/wp\/v2\/categories?post=73712"},{"taxonomy":"post_tag","embeddable":true,"href":"https:\/\/linitiative.ca\/International\/wp-json\/wp\/v2\/tags?post=73712"}],"curies":[{"name":"wp","href":"https:\/\/api.w.org\/{rel}","templated":true}]}}