{"id":73714,"date":"2020-01-21T11:06:00","date_gmt":"2020-01-21T16:06:00","guid":{"rendered":"https:\/\/linitiative.ca\/International\/algerie-turquie-erdogan-a-alger-dimanche-prochain\/"},"modified":"2020-01-21T11:06:00","modified_gmt":"2020-01-21T16:06:00","slug":"algerie-turquie-erdogan-a-alger-dimanche-prochain","status":"publish","type":"post","link":"https:\/\/linitiative.ca\/International\/algerie-turquie-erdogan-a-alger-dimanche-prochain\/","title":{"rendered":"ALGERIE &#8211; TURQUIE : Erdogan \u00e0 Alger dimanche prochain"},"content":{"rendered":"<p><br id=\"sep_para_1\" class=\"sep_para access\"\/><\/p>\n<div id=\"para_1\" class=\"para_35155647 resize\">\n<div class=\"photo shadow left\"><a href=\"javascript:void(0)\" rel=\"https:\/\/www.reflexiondz.net\/photo\/art\/grande\/42014516-35155647.jpg?v=1579630856&#038;ibox\" title=\"ALGERIE - TURQUIE : Erdogan \u00e0 Alger dimanche prochain\"><img decoding=\"async\" class=\"responsive c9\" src=\"https:\/\/www.reflexiondz.net\/photo\/art\/grande\/42014516-35155647.jpg?v=1579630856\" alt=\"ALGERIE - TURQUIE : Erdogan \u00e0 Alger dimanche prochain\" title=\"ALGERIE - TURQUIE : Erdogan \u00e0 Alger dimanche prochain\"\/><img decoding=\"async\" class=\"not-responsive\" src=\"https:\/\/www.reflexiondz.net\/photo\/art\/default\/42014516-35155647.jpg?v=1579630856\" alt=\"ALGERIE - TURQUIE : Erdogan \u00e0 Alger dimanche prochain\" title=\"ALGERIE - TURQUIE : Erdogan \u00e0 Alger dimanche prochain\"\/><\/a><\/div>\n<div class=\"texte access firstletter\">Le pr\u00e9sident de la R\u00e9publique de Turquie Recep Tayyip Erdogan entamera une visite officielle en Alg\u00e9rie les 26 et 27 janvier 2020, a-t-on appris de plusieurs sources. Outre le dossier libyen, le pr\u00e9sident turc proposera des actions \u00e0 entreprendre en vue de d\u00e9velopper les relations \u00e9conomiques entre les deux pays, et discutera du d\u00e9licat dossier li\u00e9 \u00e0 la lutte contre le terrorisme. Rappelons que le Pr\u00e9sident de la R\u00e9publique Abdelmadjid Tebboune a adress\u00e9 \u00ab au pr\u00e9sident de la R\u00e9publique Turque Recep Tayyip Erdogan une invitation \u00e0 visiter l\u2019Alg\u00e9rie, laquelle a \u00e9t\u00e9 accept\u00e9e, et dont la date devant \u00eatre fix\u00e9e dans les prochains jours \u00bb, avait indiqu\u00e9 un communiqu\u00e9 de la pr\u00e9sidence de la R\u00e9publique. Selon le m\u00eame communiqu\u00e9, le Pr\u00e9sident Tebboune, avait re\u00e7u le ministre turc des Affaires \u00e9trang\u00e8res, Mevlut Cavusoglu. \u00ab Au d\u00e9but de l\u2019audience, le ministre turc a transmis les f\u00e9licitations du Pr\u00e9sident Recep Tayyip Erdogan au Pr\u00e9sident Abdelmadjid Tebboune pour son \u00e9lection et ses condol\u00e9ances suite au d\u00e9c\u00e8s du G\u00e9n\u00e9ral de corps d\u2019Arm\u00e9e, le d\u00e9funt Ahmed Ga\u00efd Salah \u00bb, avait pr\u00e9cis\u00e9 le communiqu\u00e9. L\u2019entretien a port\u00e9 sur le niveau des relations bilat\u00e9rales, leur redynamisation sur de bonnes bases et l\u2019\u00e9largissement de leurs perspectives \u00e0 une coop\u00e9ration plus profonde dans le domaine \u00e9conomique, l\u2019\u00e9change des exp\u00e9riences et le transfert des technologies, a ajout\u00e9 la m\u00eame source. \u00ab Il a \u00e9t\u00e9 question \u00e9galement de la situation en Libye \u00e0 la lumi\u00e8re de l\u2019escalade des actes de violence induits par les ing\u00e9rences \u00e9trang\u00e8res, qui entravent la recherche d\u2019une solution politique, seul moyen de r\u00e9tablir la s\u00e9curit\u00e9, la paix et la stabilit\u00e9 \u00e0 travers tout le territoire de la Libye \u00bb, a ajout\u00e9 le communiqu\u00e9. Apr\u00e8s une analyse approfondie de tous les aspects de la situation, y compris les interventions militaires \u00e9trang\u00e8res en territoire libyen, les deux parties ont convenu de l\u2019imp\u00e9ratif d\u2019\u00e9viter toute action concr\u00e8te \u00e0 m\u00eame d\u2019aggraver davantage le climat et de ne m\u00e9nager aucun effort pour un cessez-le-feu, a pr\u00e9cis\u00e9 le communiqu\u00e9. Les deux parties ont exprim\u00e9, \u00e9galement, le v\u0153u que la conf\u00e9rence internationale pr\u00e9vue sur la Libye soit le d\u00e9but d\u2019un r\u00e8glement politique global, garantissant l\u2019unit\u00e9 de la Libye, peuple et territoire, et pr\u00e9servant sa souverainet\u00e9 nationale. A la fin de l\u2019entretien, les deux parties ont affirm\u00e9 \u00ab leur volont\u00e9 de redynamiser les m\u00e9canismes de coop\u00e9ration existants et de mettre en place de nouveaux m\u00e9canismes favorisant une concertation strat\u00e9gique de haut niveau \u00bb.<\/div>\n<\/div>\n<p>Auteur: R\u00e9flexion<br \/>\n<a href=\"https:\/\/www.reflexiondz.net\/ALGERIE-TURQUIE-Erdogan-a-Alger-dimanche-prochain_a60148.html\">Cliquez ici pour lire l&rsquo;article depuis sa source.<\/a><\/p>\n","protected":false},"excerpt":{"rendered":"<p>Le pr\u00e9sident de la R\u00e9publique de Turquie Recep Tayyip Erdogan entamera une visite officielle en Alg\u00e9rie les 26 et 27 janvier 2020, a-t-on appris de plusieurs sources. Outre le dossier libyen, le pr\u00e9sident turc proposera des actions \u00e0 entreprendre en vue de d\u00e9velopper les relations \u00e9conomiques entre les deux pays, et discutera du d\u00e9licat dossier [&hellip;]<\/p>\n","protected":false},"author":1740,"featured_media":0,"comment_status":"closed","ping_status":"closed","sticky":false,"template":"","format":"standard","meta":{"fifu_image_url":"","fifu_image_alt":"","footnotes":""},"categories":[53,76],"tags":[],"class_list":["post-73714","post","type-post","status-publish","format-standard","hentry","category-algerie","category-regions"],"_links":{"self":[{"href":"https:\/\/linitiative.ca\/International\/wp-json\/wp\/v2\/posts\/73714","targetHints":{"allow":["GET"]}}],"collection":[{"href":"https:\/\/linitiative.ca\/International\/wp-json\/wp\/v2\/posts"}],"about":[{"href":"https:\/\/linitiative.ca\/International\/wp-json\/wp\/v2\/types\/post"}],"author":[{"embeddable":true,"href":"https:\/\/linitiative.ca\/International\/wp-json\/wp\/v2\/users\/1740"}],"replies":[{"embeddable":true,"href":"https:\/\/linitiative.ca\/International\/wp-json\/wp\/v2\/comments?post=73714"}],"version-history":[{"count":0,"href":"https:\/\/linitiative.ca\/International\/wp-json\/wp\/v2\/posts\/73714\/revisions"}],"wp:attachment":[{"href":"https:\/\/linitiative.ca\/International\/wp-json\/wp\/v2\/media?parent=73714"}],"wp:term":[{"taxonomy":"category","embeddable":true,"href":"https:\/\/linitiative.ca\/International\/wp-json\/wp\/v2\/categories?post=73714"},{"taxonomy":"post_tag","embeddable":true,"href":"https:\/\/linitiative.ca\/International\/wp-json\/wp\/v2\/tags?post=73714"}],"curies":[{"name":"wp","href":"https:\/\/api.w.org\/{rel}","templated":true}]}}