{"id":73717,"date":"2020-01-21T04:06:30","date_gmt":"2020-01-21T09:06:30","guid":{"rendered":"https:\/\/linitiative.ca\/International\/le-camp-democratique-en-quete-dun-large-rassemblement\/"},"modified":"2020-01-21T04:06:30","modified_gmt":"2020-01-21T09:06:30","slug":"le-camp-democratique-en-quete-dun-large-rassemblement","status":"publish","type":"post","link":"https:\/\/linitiative.ca\/International\/le-camp-democratique-en-quete-dun-large-rassemblement\/","title":{"rendered":"Le camp d\u00e9mocratique en qu\u00eate d\u2019un large rassemblement"},"content":{"rendered":"<h4 class=\"title-14\">Des contacts entrepris entre le PAD et d\u2019autres forces<\/h4>\n<p class=\"p4\"><strong>Apr\u00e8s la lib\u00e9ration, provisoire faut-il le signaler, d\u2019un premier contingent de d\u00e9tenus d\u2019opinion, au nombre de 76, les autorit\u00e9s semblent, depuis deux semaines, revenir \u00e0 un traitement \u00abs\u00e9curitaire\u00bb du hirak, avec le retour de la r\u00e9pression et des arrestations suivies de poursuites judiciaires.<\/strong><\/p>\n<p class=\"p4\"><span class=\"s1\">L<\/span><span class=\"s1\">es forces du Pacte de l\u2019alternative d\u00e9mocratique (PAD) se penchent sur la pr\u00e9paration de leurs assises pr\u00e9vues ce 25 janvier. Si la rencontre ne concerne que les partis, collectifs et personnalit\u00e9s qui se reconnaissent dans la plateforme de juin plaidant pour un processus constituant, son objectif est d\u2019arriver \u00e0 organiser une <em>\u00abconf\u00e9rence nationale\u00a0en dehors du pouvoir\u00bb<\/em> \u00e9largie aux autres formations politiques et personnalit\u00e9s qui sont sur la m\u00eame position pour ce qui est de la n\u00e9cessit\u00e9 d\u2019aller vers une transition.<\/span><\/p>\n<p class=\"p4\"><span class=\"s1\">D\u2019autres segments de la soci\u00e9t\u00e9 s\u2019activent aussi dans ce sens. L\u2019objectif \u00e9tant de trouver une solution \u00e0 la crise que traverse le pays qui garantirait une transition d\u00e9mocratique.<\/span><\/p>\n<p class=\"p4\"><span class=\"s1\">C\u2019est le cas, notamment, des signataires, pr\u00e8s de 120 personnalit\u00e9s, dont le moudjahid Lakhdar Bourega\u00e2, mais aussi Nacer Djabi et Louisa A\u00eft Hamadouche, de l\u2019appel rendu public avant-hier, pour d\u00e9noncer <em>\u00abla poursuite de la r\u00e9pression des marches pacifiques\u00bb<\/em>.<\/span><\/p>\n<p class=\"p4\"><span class=\"s1\">Ceux-l\u00e0, qui ont lanc\u00e9 l\u2019id\u00e9e d\u2019un congr\u00e8s f\u00e9d\u00e9rateur des diff\u00e9rentes forces au sein du hirak, se sont d\u2019ailleurs interrog\u00e9s sur les \u00abintentions\u00bb du pouvoir en place qui entame des consultations <em>\u00abalors que se poursuit la fermeture m\u00e9diatique et politique, que les revendications du mouvement populaire sont ignor\u00e9es et que le pouvoir tente inlassablement d\u2019\u00e9touffer le mouvement citoyen dans les r\u00e9gions int\u00e9rieures par le moyen de proc\u00e9d\u00e9s r\u00e9pressifs\u00bb<\/em>.<\/span><\/p>\n<p class=\"p4\"><span class=\"s1\">Les diff\u00e9rentes propositions et actions peuvent-elles converger\u00a0? Dans une d\u00e9claration faite au quotidien <em>Libert\u00e9<\/em>, l\u2019avocat Abdelhafid Tamert, qui fait partie des signataires de cet appel, a indiqu\u00e9 que des rencontres ont eu lieu depuis fin d\u00e9cembre avec le PAD et d\u2019autres collectifs (avocats, \u00e9tudiants\u2026). Pour l\u2019instant, les choses ne sont pas si avanc\u00e9es, mais certains gardent l\u2019espoir d\u2019arriver \u00e0 une conf\u00e9rence plut\u00f4t repr\u00e9sentative des forces d\u00e9mocratiques plaidant pour un changement dans le fond du syst\u00e8me politique.<\/span><\/p>\n<p class=\"p4\"><span class=\"s1\">Mais, jusque-l\u00e0, les uns et les autres pr\u00e9f\u00e8rent proc\u00e9der par \u00e9tape. D\u2019o\u00f9 la d\u00e9cision du PAD d\u2019aller, avant toute chose, vers ces assises du 25 janvier. <em>\u00abCes assises constitueront une \u00e9tape de convergence de toutes les forces de l\u2019alternative d\u00e9mocratique en vue de la tenue d\u2019une conf\u00e9rence nationale ind\u00e9pendante du pouvoir.<\/em><\/span><\/p>\n<p class=\"p4\"><span class=\"s1\"><em>Elles seront ouvertes \u00e0 tous ceux et toutes celles qui adh\u00e8rent au projet de l\u2019incontournable transition d\u00e9mocratique et l\u2019imp\u00e9ratif historique d\u2019un processus constituant souverain d\u2019une part et qui rejettent, d\u2019autre part, la mascarade de la derni\u00e8re pr\u00e9sidentielle et l\u2019op\u00e9ration politique en cours qui, par le biais de consultations et de r\u00e9vision constitutionnelle, vise \u00e0 l\u00e9gitimer le m\u00eame pouvoir de fait\u00bb<\/em>, a indiqu\u00e9 le PAD dans son dernier communiqu\u00e9.<\/span><\/p>\n<p class=\"p4\"><span class=\"s1\">Il faut noter que le pr\u00e9sident de la R\u00e9publique, Abdelmadjid Tebboune, a d\u00e9j\u00e0 entam\u00e9 une s\u00e9rie de consultations avec des personnalit\u00e9s et chefs de parti politique pour discuter de <em>\u00abla situation g\u00e9n\u00e9rale du pays et de l\u2019amendement de la Constitution\u00bb<\/em>. Apr\u00e8s s\u2019\u00eatre entretenu avec Benbitour, Rahabi, Hamrouche et Taleb Ibrahimi, le chef de l\u2019Etat a re\u00e7u, la semaine pass\u00e9e, un premier responsable d\u2019une formation politique, \u00e0 savoir Soufiane Djilali, de Jil Jadid.<\/span><\/p>\n<p class=\"p4\"><span class=\"s1\">En entamant ces \u00abconsultations\u00bb, certains s\u2019attendaient \u00e0 la mise en \u0153uvre de mesures d\u2019apaisement. Or, apr\u00e8s la lib\u00e9ration, provisoire faut-il le signaler, d\u2019un premier contingent de d\u00e9tenus d\u2019opinion, au nombre de 76, les autorit\u00e9s semblent, depuis deux semaines, revenir \u00e0 un traitement \u00abs\u00e9curitaire\u00bb du hirak, avec le retour de la r\u00e9pression et des arrestations suivies de poursuites judiciaires.<\/span><\/p>\n<p class=\"p4\"><span class=\"s1\">A cet effet, il se pourrait m\u00eame que le PAD ne re\u00e7oive pas d\u2019autorisation pour organiser ses \u00abassises\u00bb. Une attitude qui \u00e9ventuellement renforcerait les partisans de l\u2019id\u00e9e d\u2019une transition, qu\u2019ils soient au sein du Pacte et en dehors.<\/span><\/p>\n<p class=\"p4\"><span class=\"s1\">En tout cas, les uns et les autres dans le camp d\u00e9mocratique esp\u00e8rent arriver \u00e0 organiser une conf\u00e9rence regroupant les diff\u00e9rentes tendances afin de pouvoir peser sur le cours des \u00e9v\u00e9nements et constituer une force de proposition et, par l\u00e0 m\u00eame imposer un changement de fond et non seulement, comme ils l\u2019expliquent, un <em>\u00abravalement de fa\u00e7ade\u00bb.<\/em><br \/><\/span><\/p>\n<blockquote readability=\"29\">\n<p class=\"p1\"><span class=\"s1\"><strong>Assises du PAD\u00a0: Vers la non-d\u00e9livrance d\u2019une autorisation<\/strong><\/span><\/p>\n<p class=\"p2\"><span class=\"s1\">Les forces du Pacte de l\u2019alternative d\u00e9mocratique (PAD) pourraient \u00eatre contraintes de se rabattre sur le si\u00e8ge d\u2019un des partis composant ce regroupement, en l\u2019occurrence celui du RCD, pour tenir leurs \u00abassises\u00bb.<\/span><\/p>\n<p class=\"p2\"><span class=\"s1\">Selon le d\u00e9put\u00e9 Ouamar Saoudi, la Safex, dont l\u2019une des salles devait accueillir l\u2019\u00e9v\u00e9nement, se serait finalement r\u00e9tract\u00e9e. Les discussions sont en cours pour \u00e9ventuellement changer de salle \u00e0 l\u2019int\u00e9rieur de la Safex, n\u00e9anmoins, dans le pire des cas, comme nous l\u2019a expliqu\u00e9 Saoudi, les assises se tiendront au si\u00e8ge du RCD.<\/span><\/p>\n<p class=\"p2\"><span class=\"s1\">Ce n\u2019est pas la premi\u00e8re fois que le PAD se voit \u00abinterdit\u00bb de tenir son activit\u00e9 puisque au mois d\u2019ao\u00fbt dernier, la wilaya d\u2019Alger lui avait notifi\u00e9 la \u00abnon-disponibilit\u00e9\u00bb d\u2019une salle. En tout cas, le PAD devrait s\u2019exprimer sur la question aujourd\u2019hui. <em><strong>A. A.<\/strong><\/em><\/span><\/p>\n<\/blockquote>\n<p><span class=\"post-views-label\">Post Views:<\/span> <span class=\"post-views-count\">395<\/span><\/p>\n<p><br class=\"c2\"\/><\/p>\n<p>Auteur: Anis Khecheba<br \/>\n<a href=\"https:\/\/www.elwatan.com\/edition\/actualite\/le-camp-democratique-en-quete-dun-large-rassemblement-21-01-2020\">Cliquez ici pour lire l&rsquo;article depuis sa source.<\/a><\/p>\n","protected":false},"excerpt":{"rendered":"<p>Des contacts entrepris entre le PAD et d\u2019autres forces Apr\u00e8s la lib\u00e9ration, provisoire faut-il le signaler, d\u2019un premier contingent de d\u00e9tenus d\u2019opinion, au nombre de 76, les autorit\u00e9s semblent, depuis deux semaines, revenir \u00e0 un traitement \u00abs\u00e9curitaire\u00bb du hirak, avec le retour de la r\u00e9pression et des arrestations suivies de poursuites judiciaires. Les forces du [&hellip;]<\/p>\n","protected":false},"author":1743,"featured_media":0,"comment_status":"closed","ping_status":"closed","sticky":false,"template":"","format":"standard","meta":{"fifu_image_url":"","fifu_image_alt":"","footnotes":""},"categories":[73,53],"tags":[],"class_list":["post-73717","post","type-post","status-publish","format-standard","hentry","category-actualite","category-algerie"],"_links":{"self":[{"href":"https:\/\/linitiative.ca\/International\/wp-json\/wp\/v2\/posts\/73717","targetHints":{"allow":["GET"]}}],"collection":[{"href":"https:\/\/linitiative.ca\/International\/wp-json\/wp\/v2\/posts"}],"about":[{"href":"https:\/\/linitiative.ca\/International\/wp-json\/wp\/v2\/types\/post"}],"author":[{"embeddable":true,"href":"https:\/\/linitiative.ca\/International\/wp-json\/wp\/v2\/users\/1743"}],"replies":[{"embeddable":true,"href":"https:\/\/linitiative.ca\/International\/wp-json\/wp\/v2\/comments?post=73717"}],"version-history":[{"count":0,"href":"https:\/\/linitiative.ca\/International\/wp-json\/wp\/v2\/posts\/73717\/revisions"}],"wp:attachment":[{"href":"https:\/\/linitiative.ca\/International\/wp-json\/wp\/v2\/media?parent=73717"}],"wp:term":[{"taxonomy":"category","embeddable":true,"href":"https:\/\/linitiative.ca\/International\/wp-json\/wp\/v2\/categories?post=73717"},{"taxonomy":"post_tag","embeddable":true,"href":"https:\/\/linitiative.ca\/International\/wp-json\/wp\/v2\/tags?post=73717"}],"curies":[{"name":"wp","href":"https:\/\/api.w.org\/{rel}","templated":true}]}}