{"id":73718,"date":"2020-01-21T04:07:48","date_gmt":"2020-01-21T09:07:48","guid":{"rendered":"https:\/\/linitiative.ca\/International\/chems-eddine-hafiz-nouveau-recteur-de-la-grande-mosquee-de-paris-lislam-ne-doit-pas-etre-politique\/"},"modified":"2020-01-21T04:07:48","modified_gmt":"2020-01-21T09:07:48","slug":"chems-eddine-hafiz-nouveau-recteur-de-la-grande-mosquee-de-paris-lislam-ne-doit-pas-etre-politique","status":"publish","type":"post","link":"https:\/\/linitiative.ca\/International\/chems-eddine-hafiz-nouveau-recteur-de-la-grande-mosquee-de-paris-lislam-ne-doit-pas-etre-politique\/","title":{"rendered":"Chems-Eddine Hafiz. Nouveau recteur de la Grande Mosqu\u00e9e de Paris : \u00abL\u2019islam ne doit pas \u00eatre politique\u00bb"},"content":{"rendered":"<h4 class=\"title-14\"\/>\n<div class=\"featured_image\"><img loading=\"lazy\" decoding=\"async\" width=\"800\" height=\"503\" src=\"https:\/\/www.elwatan.com\/wp-content\/uploads\/2020\/01\/chems-col.gif\" class=\"attachment-post-thumbnail size-post-thumbnail wp-post-image\" alt=\"Chems-Eddine Hafiz. Nouveau recteur de la Grande Mosqu\u00e9e de Paris : \u00abL'islam ne doit pas \u00eatre politique\u00bb\"\/><\/div>\n<p class=\"p4\"><span class=\"s2\"><strong>La Grande Mosqu\u00e9e de Paris a un nouveau recteur en la personne de Chems-Eddine Hafiz, avocat de profession. Il succ\u00e8de au D<sup>r<\/sup>\u00a0Dalil Boubekeur qui a occup\u00e9 le poste pendant 28 ans et qui a estim\u00e9 que le temps \u00e9tait venu de passer le t\u00e9moin. M.\u00a0Hafiz nous parle dans cet entretien de cette succession et de sa mission.<\/strong><\/span><\/p>\n<p class=\"p6\"><em><strong><span class=\"s2\">\u2013 Vous n\u2019\u00eates pas tellement connu comme personnalit\u00e9 publique dans la sph\u00e8re politico-religieuse. Pouvez-vous nous en dire un peu plus sur vous, vous pr\u00e9senter en quelque sorte\u2009?<\/span><\/strong><\/em><\/p>\n<p class=\"p6\"><span class=\"s2\">Avant toute chose, permettez-moi d\u2019adresser \u00e0 travers vos colonnes mes meilleurs v\u0153ux \u00e0 la fois \u00e0 vos lecteurs et \u00e0 l\u2019ensemble du peuple alg\u00e9rien \u00e0 l\u2019occasion de cette nouvelle ann\u00e9e. Je suis issu d\u2019une famille alg\u00e9rienne qui a baign\u00e9 dans le mouvement national et qui s\u2019\u00e9tait tr\u00e8s t\u00f4t impliqu\u00e9e pour l\u2019ind\u00e9pendance du pays. J\u2019ai notamment perdu mon fr\u00e8re a\u00een\u00e9 durant la Guerre de Lib\u00e9ration.<\/span><\/p>\n<p class=\"p6\"><span class=\"s2\">Le cadet de la fratrie a \u00e9t\u00e9 bless\u00e9 alors qu\u2019il venait juste d\u2019avoir 16 ans, ma s\u0153ur a\u00een\u00e9e \u00e9tait agent de liaison de Ali La Pointe et ma m\u00e8re a \u00e9t\u00e9 la premi\u00e8re femme au PPA et f\u00e9ministe. Je reviens sur cet aspect pour dire que ma personnalit\u00e9 s\u2019est construite autour de ces r\u00e9f\u00e9rents : l\u2019engagement en faveur de la justice, le patriotisme, le sens du sacrifice, le s\u00e9rieux et la loyaut\u00e9. C\u2019est probablement ce qui m\u2019a amen\u00e9 \u00e0 choisir le droit et ensuite la profession d\u2019avocat.<\/span><\/p>\n<p class=\"p6\"><span class=\"s2\">Profond\u00e9ment croyant, j\u2019ai, dans ma sph\u00e8re priv\u00e9e, consacr\u00e9 beaucoup de temps \u00e0 l\u2019\u00e9tude et \u00e0 l\u2019exploration de la religion musulmane. Lorsque je me suis install\u00e9 en France pour des raisons personnelles, je me suis engag\u00e9 aupr\u00e8s de la communaut\u00e9 alg\u00e9rienne d\u2019abord et aux c\u00f4t\u00e9s de l\u2019ensemble des musulmans ensuite pour apporter, \u00e0 travers ma profession, une contribution afin que les int\u00e9r\u00eats et les droits des uns et des autres soient d\u00e9fendus et pr\u00e9serv\u00e9s.<\/span><\/p>\n<p class=\"p6\"><span class=\"s2\">J\u2019ai voulu \u00e9galement entretenir des ponts entre les deux pays, l\u2019Alg\u00e9rie et la France, qui, au regard de la g\u00e9ographie, des liens historiques, du pass\u00e9 commun, de la sociologie et des int\u00e9r\u00eats partag\u00e9s, doivent d\u00e9passer les contingences et les blessures du pass\u00e9.<\/span><\/p>\n<p class=\"p6\"><span class=\"s2\">Je me suis donc engag\u00e9, \u00e0 la demande du docteur Dalil Boubakeur, d\u00e8s la fin des ann\u00e9es 1990, aupr\u00e8s de la Grande mosqu\u00e9e de Paris d\u2019abord et, quelques ann\u00e9es plus tard, aupr\u00e8s de tous les musulmans de France.<\/span> <span class=\"s2\">Voil\u00e0 en quelques mots une pr\u00e9sentation qui r\u00e9sume mon parcours.<\/span><\/p>\n<p class=\"p6\"><em><strong><span class=\"s2\">\u2013 La succession au poste de recteur de la Grande Mosqu\u00e9e de Paris s\u2019est faite non sans soulever quelques remous m\u00e9diatiques. Il semble que vous n\u2019\u00e9tiez pas au d\u00e9part le postulant le plus indiqu\u00e9 pour les autorit\u00e9s alg\u00e9riennes. Qu\u2019en est-il r\u00e9ellement, sans verser dans la langue de bois ?<\/span><\/strong><\/em><\/p>\n<p class=\"p6\"><span class=\"s2\">Vous parlez de \u00abpostulant le plus indiqu\u00e9 des autorit\u00e9s alg\u00e9riennes\u00bb. Je ne sais pas si les autorit\u00e9s alg\u00e9riennes avaient un \u00abpostulant\u00bb. Je pense plut\u00f4t qu\u2019il y avait des postulants qui esp\u00e9raient un soutien des autorit\u00e9s alg\u00e9riennes. Et ce sont ces postulants et certains de leurs soutiens int\u00e9ress\u00e9s qui sont en train de faire courir des rumeurs et de fausses informations au sujet de cette succession.<\/span><\/p>\n<p class=\"p6\"><span class=\"s2\">Personnellement, je m\u2019en tiens aux faits : \u00e0 ma connaissance mon pr\u00e9d\u00e9cesseur, le D<sup>r<\/sup> Boubakeur, n\u2019a jamais \u00e9t\u00e9 inform\u00e9 par les autorit\u00e9s alg\u00e9riennes de l\u2019existence d\u2019un \u00abpostulant\u00bb favori. M\u00eame si la soci\u00e9t\u00e9 des habous et des Lieux Saints de l\u2019islam est une association ind\u00e9pendante, elle agit, en effet, dans la concertation avec son principal soutien financier et partenaire \u00e9tatique.<\/span><\/p>\n<p class=\"p6\"><span class=\"s2\">De mon c\u00f4t\u00e9, aucun responsable alg\u00e9rien ne m\u2019a jamais appel\u00e9 pour me dire que les autorit\u00e9s alg\u00e9riennes avaient leur \u00abfavori\u00bb ou leur \u00abpostulant\u00bb. Idem pour les autorit\u00e9s fran\u00e7aises. On a souvent reproch\u00e9 \u00e0 la Mosqu\u00e9e de Paris de manquer d\u2019ind\u00e9pendance. On a m\u00eame laiss\u00e9 croire que cette prestigieuse institution ne serait qu\u2019une officine, d\u00e9nigrant ainsi un lieu de culte et le personnel et les cadres qui veillent \u00e0 son bon fonctionnement.<\/span><\/p>\n<p class=\"p6\"><span class=\"s2\">Cette affaire, qui n\u2019en est pas une en r\u00e9alit\u00e9, mais disons ces \u00abremous m\u00e9diatiques\u00bb, comme vous les appelez, permettent de montrer que les instances de la Grande Mosqu\u00e9e de Paris agissent de mani\u00e8re souveraine, m\u00eame si nous assumons et nous encourageons la concertation avec les autorit\u00e9s des deux pays qui sont concern\u00e9s par les activit\u00e9s de la mosqu\u00e9e, en l\u2019occurrence l\u2019Alg\u00e9rie et la France. Pour r\u00e9sumer, ceux qui \u00e9crivent ou disent que les autorit\u00e9s alg\u00e9riennes officielles seraient contre mon \u00e9lection vous mentent.<\/span><\/p>\n<p class=\"p6\"><span class=\"s2\">Je peux vous dire que quelques heures apr\u00e8s mon \u00e9lection, j\u2019ai re\u00e7u plusieurs messages de f\u00e9licitations, la plupart \u00e9manant de hauts cadres et repr\u00e9sentants des autorit\u00e9s alg\u00e9riennes, \u00e0 commencer par Son Excellence, M. l\u2019ambassadeur d\u2019Alg\u00e9rie en France. M.\u00a0l\u2019ambassadeur Salah Lebdioui nous a re\u00e7us, Dalil Boubakeur et moi-m\u00eame, deux jours apr\u00e8s cette succession. Il a remerci\u00e9 mon pr\u00e9d\u00e9cesseur pour son action et m\u2019a f\u00e9licit\u00e9 chaleureusement.<\/span><\/p>\n<p class=\"p6\"><span class=\"s2\">Je n\u2019\u00e9tais pas \u00e9t\u00e9 un \u00abpostulant\u00bb \u00e0 proprement dire, mais je n\u2019ai jamais cach\u00e9 mon attachement \u00e0 la fois \u00e0 la Grande Mosqu\u00e9e de Paris et \u00e0 la question de la repr\u00e9sentation de l\u2019islam. C\u2019est ainsi que j\u2019ai d\u2019abord accept\u00e9 d\u2019\u00eatre candidat et que je fus unanimement \u00e9lu.<\/span><\/p>\n<p class=\"p6\"><span class=\"s2\">En v\u00e9rit\u00e9, tous ceux qui \u00e9taient pr\u00e9sents savent que cette succession s\u2019est faite dans des conditions \u00e0 la fois normales, d\u00e9mocratiques et conformes aux statuts. C\u2019est \u00e0 partir de l\u00e0 que certains, guid\u00e9s par leurs frustrations, ont commenc\u00e9 \u00e0 inonder la presse de fausses informations.<\/span><\/p>\n<p class=\"p6\"><em><strong><span class=\"s2\">\u2013 C\u2019est une responsabilit\u00e9 prestigieuse qui \u00e9tait convoit\u00e9e par plusieurs candidats, dont deux estimaient venir avec de s\u00e9rieuses r\u00e9f\u00e9rences intellectuelles et religieuses. Quelle est la diff\u00e9rence ou la particularit\u00e9 qui ont fait que le choix s\u2019est port\u00e9 sur vous ?<\/span><\/strong><\/em><\/p>\n<p class=\"p6\"><span class=\"s2\">La question que vous me posez devrait l\u2019\u00eatre \u00e0 Dalil Boubakeur et aux membres de la soci\u00e9t\u00e9 des habous. A votre avis, pourquoi l\u2019ancien recteur n\u2019a-t-il pas plac\u00e9 sa confiance dans une autre personne ? Je suis probablement le moins bien plac\u00e9 pour en parler.<\/span><\/p>\n<p class=\"p6\"><span class=\"s2\">En revanche, je peux vous dire que mes r\u00e9f\u00e9rences ne sont pas n\u00e9gligeables. Et c\u2019est peut-\u00eatre ce qui a motiv\u00e9 ce choix de la part des instances de la Grande Mosqu\u00e9e de Paris. Je vous rappelle que cela fait plus de 20 ans que je suis \u00e0 la mosqu\u00e9e, agissant \u00e0 la fois sur les plans juridique et organisationnel. Je fus tour \u00e0 tour avocat de la mosqu\u00e9e, secr\u00e9taire g\u00e9n\u00e9ral de la soci\u00e9t\u00e9 des habous et son vice-pr\u00e9sident.<\/span><\/p>\n<p class=\"p6\"><span class=\"s2\">J\u2019ai \u00e9t\u00e9 vice-pr\u00e9sident du Conseil fran\u00e7ais du culte musulman (CFCM) \u00e0 plusieurs reprises durant ces 15 derni\u00e8res ann\u00e9es. Je travaille sur le terrain depuis tr\u00e8s longtemps avec les huit f\u00e9d\u00e9rations de la Mosqu\u00e9e de Paris. Je suis l\u2019interlocuteur privil\u00e9gi\u00e9 des autres f\u00e9d\u00e9rations repr\u00e9sentatives de l\u2019islam et je suis \u00e9galement un des interlocuteurs des pouvoirs publics \u00e0 la fois en France et en Alg\u00e9rie.<\/span><\/p>\n<p class=\"p6\"><span class=\"s2\">En outre, je suis responsable de l\u2019association Vivre l\u2019islam, qui produit l\u2019\u00e9mission phare qui pr\u00e9sente l\u2019islam sur le service public. Et, en plus, pardon de parler de moi \u00e0 la premi\u00e8re personne, je ne suis pas connu pour \u00eatre un grand \u00abislamologue\u00bb ; en revanche, je suis, de l\u2019avis g\u00e9n\u00e9ral et cela me rend fier, identifi\u00e9 comme quelqu\u2019un de s\u00e9rieux. C\u2019est peut-\u00eatre la premi\u00e8re qualit\u00e9 \u00e0 faire valoir pour pr\u00e9tendre occuper une telle fonction.<\/span><\/p>\n<p class=\"p6\"><span class=\"s2\">Enfin, je vous rappelle que le r\u00f4le d\u2019un recteur est d\u2019organiser et de repr\u00e9senter le culte, non pas de dire le culte. Pour cette fonction, la mosqu\u00e9e dispose d\u2019autorit\u00e9s religieuses, un mufti et des imams qui remplissent parfaitement leur r\u00f4le.<\/span><\/p>\n<p class=\"p6\"><em><strong><span class=\"s2\">\u2013 Le rapport de la Grande Mosqu\u00e9e de Paris \u00e0 la chose politique a toujours \u00e9t\u00e9 compliqu\u00e9 surtout depuis la mont\u00e9e en puissance du radicalisme islamiste qui a caus\u00e9 un grand tort \u00e0 l\u2019islam dans sa dimension universaliste. Que pr\u00e9conisez-vous pour maintenir les fragiles \u00e9quilibres entretenus par votre pr\u00e9d\u00e9cesseur, et quel r\u00f4le comptez-vous faire jouer \u00e0 l\u2019avenir \u00e0 l\u2019institution dans les relations alg\u00e9ro-fran\u00e7aises\u2009?<\/span><\/strong><\/em><\/p>\n<p class=\"p6\"><span class=\"s2\">Voil\u00e0 enfin les vraies questions qui abordent les vrais enjeux. Je le pr\u00e9cise parce qu\u2019il y a un pr\u00e9alable : il faut que les organisations appel\u00e9es \u00e0 repr\u00e9senter l\u2019islam apais\u00e9, celui du juste milieu que nous voulons incarner, sortent des querelles inutiles, des histoires d\u2019ego et de personnes pour aborder le c\u0153ur de nos pr\u00e9occupations.<\/span><\/p>\n<p class=\"p6\"><span class=\"s2\">A mes yeux, l\u2019islam ne doit pas \u00eatre politique. Il s\u2019agit d\u2019un culte, d\u2019une \u00e9thique, d\u2019une religion et d\u2019une spiritualit\u00e9. Cela \u00e9tant dit, c\u2019est l\u2019organisation et la repr\u00e9sentation de ce culte qui sont de facto politiques.<\/span><\/p>\n<p class=\"p6\"><span class=\"s2\">Vous posez deux questions en une. Premi\u00e8rement, s\u2019agissant de la mont\u00e9e de l\u2019extr\u00e9misme, je compte poursuivre ce qui a \u00e9t\u00e9 entam\u00e9 par mon pr\u00e9d\u00e9cesseur, le D<sup>r\u00a0<\/sup>Boubakeur, en investissant et en intensifiant notamment les questions de la formation des imams, de la p\u00e9dagogie, de la diffusion du savoir pour contrecarrer l\u2019ignorance.<\/span><\/p>\n<p class=\"p6\"><span class=\"s2\">Je veux communiquer davantage, \u00e0 travers diff\u00e9rents supports et ressources, que nous allons mettre en place, pour faire conna\u00eetre \u00e0 la fois cet islam du juste milieu qui doit se s\u00e9culariser afin de ne pas \u00eatre un instrument manipul\u00e9 par les mains de courants ou de groupes dangereux. Nous devons, nous repr\u00e9sentants de l\u2019islam, \u00eatre irr\u00e9prochables, cr\u00e9dibles et soucieux de l\u2019int\u00e9r\u00eat g\u00e9n\u00e9ral. C\u2019est la raison pour laquelle je rappelle que le poste de recteur de la Grande Mosqu\u00e9e de Paris n\u2019est pas une cons\u00e9cration, mais un engagement.<\/span><\/p>\n<p class=\"p6\"><span class=\"s2\">Pour \u00eatre cr\u00e9dible, il faut aussi \u00eatre accessible. D\u2019une certaine mani\u00e8re populaire, sans \u00eatre populiste. Il faut parler aux fid\u00e8les sans p\u00e9dantisme afin d\u2019\u00eatre \u00e0 la fois audible et proche d\u2019eux. Il faut assumer aussi une mission en direction de la jeunesse musulmane en Europe. Lorsqu\u2019elle veut s\u2019int\u00e9resser \u00e0 l\u2019islam, cette jeunesse est parfois happ\u00e9e par des milieux fanatiques qui l\u2019instrumentalisent et qui manipulent sa m\u00e9connaissance des pr\u00e9ceptes religieux. L\u2019enjeu de la jeunesse est un v\u00e9ritable sujet. C\u2019est l\u2019une de mes priorit\u00e9s.<\/span><\/p>\n<p class=\"p6\"><span class=\"s2\">Deuxi\u00e8mement, vous \u00e9voquez la question des relations alg\u00e9ro-fran\u00e7aises. J\u2019ai envie de vous dire, pour que les choses soient claires, que la Grande Mosqu\u00e9e de Paris et son recteur n\u2019ont pas vocation \u00e0 se substituer au travail et aux efforts des repr\u00e9sentants officiels de l\u2019Alg\u00e9rie en France. Il y a un ambassadeur qui compte \u00e0 la fois faire son travail correctement et mener compl\u00e8tement sa mission.<\/span><\/p>\n<p class=\"p6\"><span class=\"s2\">Il n\u2019y aura pas un autre. Je vous ai d\u00e9j\u00e0 dit que je suis personnellement tr\u00e8s engag\u00e9 pour entretenir des ponts et en construire d\u2019autres entre les deux pays, les deux soci\u00e9t\u00e9s. Le modeste r\u00f4le qui est le mien consiste \u00e0 participer \u00e0 pacifier les relations et \u00e0 les intensifier dans le cadre du p\u00e9rim\u00e8tre qui m\u2019est d\u00e9volu. Je ferai en sorte, en tout cas, \u00e0 ce que l\u2019islam ne soit, en aucune mani\u00e8re, un sujet de discorde entre l\u2019Alg\u00e9rie et la France.<\/span><\/p>\n<p class=\"p6\"><em><strong><span class=\"s2\">Islam en France ou islam de France, pouvez-vous vous positionner sur cette id\u00e9e qui semble tellement embarrasser l\u2019Elys\u00e9e\u2009?<\/span><\/strong><\/em><\/p>\n<p class=\"p6\"><span class=\"s2\">L\u2019islam est en France chez lui d\u00e9sormais. Beaucoup de Fran\u00e7ais sont de confession musulmane. Le sujet, \u00e0 mes yeux, est plus simple et il est inutile de le compliquer par des formules alambiqu\u00e9es. Les citoyens fran\u00e7ais de confession musulmane, comme tous leurs concitoyens, doivent respecter les lois et les r\u00e8gles de leur pays ou, pour ce qui est des \u00e9trangers, de leur pays de r\u00e9sidence. Par ailleurs, les musulmans ne doivent pas \u00eatre des citoyens \u00e0 part, mais des citoyens \u00e0 part enti\u00e8re.<\/span><\/p>\n<p class=\"p6\"><em><strong><span class=\"s2\">\u2013 Il y a toujours eu \u00e0 l\u2019int\u00e9rieur de la maison une confrontation sourde entre diff\u00e9rentes chapelles pour le contr\u00f4le du rite, dans laquelle la repr\u00e9sentation marocaine s\u2019est montr\u00e9e tr\u00e8s active. Cela peut-il porter pr\u00e9judice \u00e0 votre vision et votre programme, si tant est que vous veniez avec une nouvelle ambition ?<\/span><\/strong><\/em><\/p>\n<p class=\"p6\"><span class=\"s2\">Personnellement, et c\u2019est ce que je dis \u00e0 mes amis marocains, je pense qu\u2019il faut absolument s\u00e9parer l\u2019islam des sujets de discorde politique ou diplomatique. Nous avons une \u00e9norme t\u00e2che \u00e0 remplir : repr\u00e9senter dignement tous les musulmans, quelle que soit leur origine, au sein de la soci\u00e9t\u00e9 fran\u00e7aise. Ces musulmans doivent \u00eatre pr\u00e9serv\u00e9s des sujets qui, le plus souvent, les d\u00e9passent.<\/span><\/p>\n<p class=\"p6\"><span class=\"s2\">Personnellement, je me place dans la concertation et le dialogue et dans la recherche du consensus. Si d\u2019autres f\u00e9d\u00e9rations, proches d\u2019autres pays, pr\u00e9f\u00e8rent \u00eatre les instruments d\u2019agendas politiques, elles jetteront elles-m\u00eames du discr\u00e9dit sur leur action. Au regard des r\u00e9sultats des derni\u00e8res \u00e9lections du CFCM, nous irons vers une pr\u00e9sidence tournante, deux ans pour chacune des principales f\u00e9d\u00e9rations\u00a0: les composantes turques, marocaines et alg\u00e9riennes (nous-m\u00eames). Nous verrons dans quel ordre.<\/span><\/p>\n<p class=\"p6\"><span class=\"s2\">Ma priorit\u00e9, je ne cesserai de le dire, c\u2019est la Grande Mosqu\u00e9e de Paris, son fonctionnement et tous les projets que je dois lancer. Je compte notamment, \u00e0 moyen terme, me rendre sur le terrain, \u00e0 travers toute la France, pour aller \u00e0 la rencontre des fid\u00e8les qui fr\u00e9quentent les lieux de culte qui sont affili\u00e9s \u00e0 notre f\u00e9d\u00e9ration.<\/span><\/p>\n<p><span class=\"post-views-label\">Post Views:<\/span> <span class=\"post-views-count\">2\u00a0163<\/span><\/p>\n<p><br class=\"c2\"\/><\/p>\n<p>Auteur: Anis Khecheba<br \/>\n<a href=\"https:\/\/www.elwatan.com\/edition\/actualite\/lislam-ne-doit-pas-etre-politique-21-01-2020\">Cliquez ici pour lire l&rsquo;article depuis sa source.<\/a><\/p>\n","protected":false},"excerpt":{"rendered":"<p>La Grande Mosqu\u00e9e de Paris a un nouveau recteur en la personne de Chems-Eddine Hafiz, avocat de profession. Il succ\u00e8de au Dr\u00a0Dalil Boubekeur qui a occup\u00e9 le poste pendant 28 ans et qui a estim\u00e9 que le temps \u00e9tait venu de passer le t\u00e9moin. M.\u00a0Hafiz nous parle dans cet entretien de cette succession et de [&hellip;]<\/p>\n","protected":false},"author":1743,"featured_media":73719,"comment_status":"closed","ping_status":"closed","sticky":false,"template":"","format":"standard","meta":{"fifu_image_url":"","fifu_image_alt":"","footnotes":""},"categories":[73,53],"tags":[],"class_list":["post-73718","post","type-post","status-publish","format-standard","has-post-thumbnail","hentry","category-actualite","category-algerie"],"_links":{"self":[{"href":"https:\/\/linitiative.ca\/International\/wp-json\/wp\/v2\/posts\/73718","targetHints":{"allow":["GET"]}}],"collection":[{"href":"https:\/\/linitiative.ca\/International\/wp-json\/wp\/v2\/posts"}],"about":[{"href":"https:\/\/linitiative.ca\/International\/wp-json\/wp\/v2\/types\/post"}],"author":[{"embeddable":true,"href":"https:\/\/linitiative.ca\/International\/wp-json\/wp\/v2\/users\/1743"}],"replies":[{"embeddable":true,"href":"https:\/\/linitiative.ca\/International\/wp-json\/wp\/v2\/comments?post=73718"}],"version-history":[{"count":0,"href":"https:\/\/linitiative.ca\/International\/wp-json\/wp\/v2\/posts\/73718\/revisions"}],"wp:featuredmedia":[{"embeddable":true,"href":"https:\/\/linitiative.ca\/International\/wp-json\/"}],"wp:attachment":[{"href":"https:\/\/linitiative.ca\/International\/wp-json\/wp\/v2\/media?parent=73718"}],"wp:term":[{"taxonomy":"category","embeddable":true,"href":"https:\/\/linitiative.ca\/International\/wp-json\/wp\/v2\/categories?post=73718"},{"taxonomy":"post_tag","embeddable":true,"href":"https:\/\/linitiative.ca\/International\/wp-json\/wp\/v2\/tags?post=73718"}],"curies":[{"name":"wp","href":"https:\/\/api.w.org\/{rel}","templated":true}]}}