{"id":73720,"date":"2020-01-21T04:08:33","date_gmt":"2020-01-21T09:08:33","guid":{"rendered":"https:\/\/linitiative.ca\/International\/surplus-de-production-et-baisse-du-prix-de-la-pomme-de-terre-les-agriculteurs-crient-faillite\/"},"modified":"2020-01-21T04:08:33","modified_gmt":"2020-01-21T09:08:33","slug":"surplus-de-production-et-baisse-du-prix-de-la-pomme-de-terre-les-agriculteurs-crient-faillite","status":"publish","type":"post","link":"https:\/\/linitiative.ca\/International\/surplus-de-production-et-baisse-du-prix-de-la-pomme-de-terre-les-agriculteurs-crient-faillite\/","title":{"rendered":"Surplus de production et baisse du prix de la pomme de terre : Les agriculteurs crient faillite"},"content":{"rendered":"<h4 class=\"title-14\"\/>\n<div class=\"featured_image\"><img loading=\"lazy\" decoding=\"async\" width=\"800\" height=\"513\" src=\"https:\/\/www.elwatan.com\/wp-content\/uploads\/2020\/01\/pomme-de-terre-col-h-lyes.gif\" class=\"attachment-post-thumbnail size-post-thumbnail wp-post-image\" alt=\"\"\/><\/div>\n<p class=\"p4\"><span class=\"s1\"><strong>Des dizaines d\u2019agriculteurs exigent une meilleure prise en charge du surplus de leur production. Ils r\u00e9clament plus de lieux de stockage, de moyens de transport et de march\u00e9s o\u00f9 \u00e9couler ce tubercule.<\/strong><\/span><\/p>\n<p class=\"p4\"><span class=\"s1\"><strong>D<\/strong><\/span><span class=\"s1\">es agriculteurs des wilayas de A\u00efn Defla et Bouira ont protest\u00e9 en bloquant la circulation sur l\u2019autoroute Est-Ouest. En entassant des sacs remplis de pomme de terre, ils d\u00e9noncent l\u2019absence de lieux de stockage, notamment pour cette saison de surplus de production, la baisse du prix du tubercule et beaucoup de pertes. Un malaise qui a fait r\u00e9agir les organisations professionnelles et la tutelle.<\/span><\/p>\n<p class=\"p4\"><span class=\"s1\">En effet, ils \u00e9taient des dizaines d\u2019agriculteurs \u00e0 exiger une meilleure prise en charge du surplus de leur production. Ils r\u00e9clament plus de lieux de stockage, de moyens de transport et de march\u00e9s o\u00f9 \u00e9couler ce tubercule. <em>\u00abM\u00eame \u00e0 5\u00a0DA le kilo, nous ne trouvons pas d\u2019acheteur. Nous avons d\u00e9pens\u00e9 beaucoup d\u2019argent pour ne r\u00e9colter aujourd\u2019hui que des pertes \u00e9normes.<\/em><\/span><\/p>\n<p class=\"p4\"><span class=\"s1\"><em>Nous ne voulons pas de promesses mais de v\u00e9ritables actions sur terrain. Faute de quoi, notre fili\u00e8re ira droit dans le mur\u00bb,<\/em> s\u2019est emport\u00e9 un agriculteur \u00e9tabli dans wilaya de A\u00efn Defla. D\u2019autres de la r\u00e9gion d\u2019El Asnam, wilaya de Bouira, crient carr\u00e9ment faillite et appellent \u00e0 des solutions d\u2019urgence. Il faut le dire, cette fili\u00e8re conna\u00eet depuis toujours des perturbations tant sur le prix que sur la production.<\/span><\/p>\n<p class=\"p4\"><span class=\"s1\">Bien que cette derni\u00e8re tourne autour de 50 millions de quintaux\/an sur une superficie de 150 000 hectares, son march\u00e9 peine \u00e0 conna\u00eetre l\u2019\u00e9quilibre tant attendu pour ce produit de tr\u00e8s large consommation. L\u2019Alg\u00e9rien en consommerait annuellement plus de 111 kg, soit 3 fois la norme mondiale plafonn\u00e9e \u00e0 31 kg.<\/span><\/p>\n<p class=\"p4\"><span class=\"s1\">Pour El Hadj Tahar Boulenouar, pr\u00e9sident de l\u2019Association nationale des commer\u00e7ants et artisans (ANCA), cette situation n\u2019est pas propre aux agriculteurs de la fili\u00e8re pomme de terre. <em>\u00abChaque saison, nous avons un surplus de production d\u2019un produit agricole, qu\u2019il soit fruit ou l\u00e9gume. Cette fois-ci, c\u2019est la pomme de terre. Il faut dire que l\u2019agriculteur a le march\u00e9 local pour \u00e9couler son produit destin\u00e9 initialement \u00e0 la consommation directe.<\/em><\/span><\/p>\n<p class=\"p4\"><span class=\"s1\"><em>Tout surplus, notamment en pomme de terre qui pose actuellement probl\u00e8me, doit \u00eatre dirig\u00e9 soit vers l\u2019exportation, les chambres froides pour le stockage, sinon carr\u00e9ment vers l\u2019industrie agroalimentaire pour la transformation\u00bb<\/em>, explique notre interlocuteur, qui insiste sur l\u2019insuffisance, voire l\u2019absence de ces trois canaux d\u2019\u00e9coulement du produit agricole.<\/span><\/p>\n<p class=\"p4\"><span class=\"s1\">Pour lui, la bureaucratie et l\u2019absence d\u2019une politique d\u2019encouragement \u00e0 l\u2019exportation emp\u00eachent l\u2019agriculteur de penser \u00e0 des march\u00e9s hors territoire national. Ce qui aggrave la situation, selon ses propos, est l\u2019absence quasi-totale d\u2019usine de transformation de ce produit, en chips, frites, pur\u00e9e, ou autres d\u00e9riv\u00e9s agroalimentaires pouvant absorber ce surplus de production et encourager l\u2019agriculteur \u00e0 investir encore plus dans cette fili\u00e8re.<\/span><\/p>\n<p class=\"p4\"><span class=\"s1\"><em>\u00abPis encore, nous n\u2019avons pas assez de chambres frigorifiques pour stocker cette surproduction et la r\u00e9server pour les p\u00e9riodes creuses comme moyen de r\u00e9gulation du march\u00e9\u00bb,<\/em> ajoute notre interlocuteur, qui n\u2019a pas cach\u00e9 sa crainte quant aux retomb\u00e9es de cette abondance sur les prochaines saisons de r\u00e9colte. Pour lui, les agriculteurs, ayant subi beaucoup de pertes cette saison, ne vont plus r\u00e9investir dans une nouvelle r\u00e9colte. R\u00e9sultat des courses, selon lui, une p\u00e9nurie serait \u00e0 pr\u00e9voir dans les prochains mois.<\/span><\/p>\n<p class=\"p4\"><span class=\"s1\">De son c\u00f4t\u00e9, l\u2019Organisation nationale des entreprises et de l\u2019artisanat a appel\u00e9, dans un communiqu\u00e9 rendu public, hier, \u00e0 l\u2019ouverture de nouveaux march\u00e9s, notamment dans le Grand Sud qui conna\u00eet une hausse fulgurante des prix des produits agroalimentaires, dont la pomme de terre et la volaille.<\/span><\/p>\n<p class=\"p7\"><span class=\"s1\">Face \u00e0 cette situation, les hautes autorit\u00e9s du secteur, essentiellement le minist\u00e8re de l\u2019Agriculture et du D\u00e9veloppement rural, ont lanc\u00e9 une s\u00e9rie de r\u00e9unions d\u2019urgence avec les parties concern\u00e9es, essentiellement le Conseil national interprofessionnel de la fili\u00e8re de la pomme de terre (CNIFPT), afin de venir en aide \u00e0 ces agriculteurs l\u00e9s\u00e9s. Une s\u00e9rie de mesures ont \u00e9t\u00e9 prises afin de r\u00e9pondre \u00e0 leurs revendications, dont le stockage du surplus de pomme de terre.\u00a0<\/span><\/p>\n<p><span class=\"post-views-label\">Post Views:<\/span> <span class=\"post-views-count\">1\u00a0326<\/span><\/p>\n<p><br class=\"c2\"\/><\/p>\n<p>Auteur: Anis Khecheba<br \/>\n<a href=\"https:\/\/www.elwatan.com\/a-la-une\/les-agriculteurs-crient-faillite-21-01-2020\">Cliquez ici pour lire l&rsquo;article depuis sa source.<\/a><\/p>\n","protected":false},"excerpt":{"rendered":"<p>Des dizaines d\u2019agriculteurs exigent une meilleure prise en charge du surplus de leur production. Ils r\u00e9clament plus de lieux de stockage, de moyens de transport et de march\u00e9s o\u00f9 \u00e9couler ce tubercule. Des agriculteurs des wilayas de A\u00efn Defla et Bouira ont protest\u00e9 en bloquant la circulation sur l\u2019autoroute Est-Ouest. En entassant des sacs remplis [&hellip;]<\/p>\n","protected":false},"author":1743,"featured_media":73721,"comment_status":"closed","ping_status":"closed","sticky":false,"template":"","format":"standard","meta":{"fifu_image_url":"","fifu_image_alt":"","footnotes":""},"categories":[73,53],"tags":[],"class_list":["post-73720","post","type-post","status-publish","format-standard","has-post-thumbnail","hentry","category-actualite","category-algerie"],"_links":{"self":[{"href":"https:\/\/linitiative.ca\/International\/wp-json\/wp\/v2\/posts\/73720","targetHints":{"allow":["GET"]}}],"collection":[{"href":"https:\/\/linitiative.ca\/International\/wp-json\/wp\/v2\/posts"}],"about":[{"href":"https:\/\/linitiative.ca\/International\/wp-json\/wp\/v2\/types\/post"}],"author":[{"embeddable":true,"href":"https:\/\/linitiative.ca\/International\/wp-json\/wp\/v2\/users\/1743"}],"replies":[{"embeddable":true,"href":"https:\/\/linitiative.ca\/International\/wp-json\/wp\/v2\/comments?post=73720"}],"version-history":[{"count":0,"href":"https:\/\/linitiative.ca\/International\/wp-json\/wp\/v2\/posts\/73720\/revisions"}],"wp:featuredmedia":[{"embeddable":true,"href":"https:\/\/linitiative.ca\/International\/wp-json\/"}],"wp:attachment":[{"href":"https:\/\/linitiative.ca\/International\/wp-json\/wp\/v2\/media?parent=73720"}],"wp:term":[{"taxonomy":"category","embeddable":true,"href":"https:\/\/linitiative.ca\/International\/wp-json\/wp\/v2\/categories?post=73720"},{"taxonomy":"post_tag","embeddable":true,"href":"https:\/\/linitiative.ca\/International\/wp-json\/wp\/v2\/tags?post=73720"}],"curies":[{"name":"wp","href":"https:\/\/api.w.org\/{rel}","templated":true}]}}