{"id":73724,"date":"2020-01-21T04:20:34","date_gmt":"2020-01-21T09:20:34","guid":{"rendered":"https:\/\/linitiative.ca\/International\/les-energies-renouvelables-et-lalgerie-le-grand-bluff\/"},"modified":"2020-01-21T04:20:34","modified_gmt":"2020-01-21T09:20:34","slug":"les-energies-renouvelables-et-lalgerie-le-grand-bluff","status":"publish","type":"post","link":"https:\/\/linitiative.ca\/International\/les-energies-renouvelables-et-lalgerie-le-grand-bluff\/","title":{"rendered":"Les \u00e9nergies renouvelables et l\u2019Alg\u00e9rie :\u00a0Le grand bluff"},"content":{"rendered":"<h4 class=\"title-14\"\/>\n<div class=\"featured_image\"><img loading=\"lazy\" decoding=\"async\" width=\"1000\" height=\"478\" src=\"https:\/\/www.elwatan.com\/wp-content\/uploads\/2020\/01\/UNEEEEE-4.gif\" class=\"attachment-post-thumbnail size-post-thumbnail wp-post-image\" alt=\"Les \u00e9nergies renouvelables et l\u2019Alg\u00e9rie : Le grand bluff\"\/><\/div>\n<p class=\"p1\"><span class=\"s1\"><strong>L\u2019adoption, d\u00e8s 2011, du Programme national des \u00e9nergies renouvelables et de l\u2019efficacit\u00e9 \u00e9nerg\u00e9tique, \u00e9lev\u00e9 en 2016 au rang de priorit\u00e9 nationale, n\u2019a \u00e9t\u00e9 suivie concr\u00e8tement d\u2019aucune avanc\u00e9e tangible sur le terrain. Une capacit\u00e9 totale de 343 MW est fournie par une vingtaine de centrales solaires photovolta\u00efques, r\u00e9alis\u00e9es entre 2014 et 2017 dans le Sud et les Hauts-Plateaux.<\/strong><\/span><\/p>\n<p class=\"p4\"><span class=\"s1\"><strong>Selon un r\u00e9cent bilan rendu public, le secteur des EnR n\u2019enregistre que peu de projets, dont la majorit\u00e9 de faible capacit\u00e9. Ainsi, ce sont 25 MW en solaire thermique qui ont \u00e9t\u00e9 install\u00e9s via la centrale hybride solaire-gaz, sise \u00e0 Hassi R\u2019mel, d\u2019une capacit\u00e9 totale de 150 MW, r\u00e9alis\u00e9e par New Energy Algeria (Neal) en 2011.<\/strong><\/span><\/p>\n<p class=\"p4\"><span class=\"s1\"><strong>L<\/strong><\/span><span class=\"s1\">\u2019adoption, d\u00e8s 2011, du Programme national des \u00e9nergies renouvelables et de l\u2019efficacit\u00e9 \u00e9nerg\u00e9tique, \u00e9lev\u00e9 en 2016 au rang de priorit\u00e9 nationale, n\u2019a \u00e9t\u00e9 suivie concr\u00e8tement d\u2019aucune avanc\u00e9e tangible sur le terrain.<\/span><\/p>\n<p class=\"p4\"><span class=\"s1\">La nouvelle ministre de l\u2019Environnement et des Energies renouvelables, Nassira Benharrats, a fait savoir qu\u2019une feuille de route, d\u00e9finissant les contours d\u2019une strat\u00e9gie globale tenant compte de l\u2019ensemble des axes du secteur, sera inclue dans le programme du gouvernement. Reste \u00e0 savoir quelles en seront la teneur et les chances de concr\u00e9tisation. Dans ce cadre, que va devenir le Programme national des \u00e9nergies renouvelables en souffrance depuis 2011\u00a0?<\/span><\/p>\n<p class=\"p4\"><span class=\"s1\">En effet, en d\u00e9pit de la volont\u00e9 exprim\u00e9e dans les textes et l\u2019ambitieuse strat\u00e9gie trac\u00e9e par les pouvoirs publics, les capacit\u00e9s r\u00e9ellement install\u00e9es, entre 2010 et 2019, sont \u00e9valu\u00e9es \u00e0 environ 390 m\u00e9gawatts (MW), soit \u00e0 peine 1,8% des 22\u00a0000 MW constituant la capacit\u00e9 totale en \u00e9nergies renouvelables \u00e0 d\u00e9ployer \u00e0 l\u2019horizon 2030.<\/span><\/p>\n<p class=\"p4\"><span class=\"s1\">Une \u00e9ch\u00e9ance qui se rapproche alors que le pays est tr\u00e8s loin de concr\u00e9tiser la cr\u00e9ation des 12\u00a0000\u00a0MW destin\u00e9s \u00e0 la consommation domestique \u2013\u00a07200 MW de solaire thermique, 2800 MW de solaire photovolta\u00efque et 2000 MW d\u2019\u00e9olien \u2013 ainsi que 10\u00a0000 MW destin\u00e9s \u00e0 l\u2019export. Tout au contraire.<\/span><\/p>\n<p class=\"p4\"><span class=\"s1\">Selon un r\u00e9cent bilan rendu public par Noureddine Yassaa, commissaire aux \u00e9nergies renouvelables, une simple comparaison entre les capacit\u00e9s install\u00e9es pour la production d\u2019\u00e9lectricit\u00e9 \u00e0 partir du gaz et celles \u00e0 base de ressources renouvelables durant la derni\u00e8re d\u00e9cennie fait ressortir, qu\u2019entre 2010 et 2019, <em>\u00abcelles install\u00e9es principalement sous forme de turbines \u00e0 gaz ont pratiquement doubl\u00e9, passant de pr\u00e8s de 11\u00a0000 MW en 2011 \u00e0 pr\u00e8s de 21\u00a0000 MW en 2019\u00bb<\/em> ce qui montre, selon lui, que <em>\u00abtoute la priorit\u00e9 a \u00e9t\u00e9 accord\u00e9e au d\u00e9veloppement de la production de l\u2019\u00e9lectricit\u00e9 \u00e0 partir du gaz naturel durant la derni\u00e8re d\u00e9cennie\u00bb,<\/em> contrairement au discours ambitieux sur la place pr\u00e9pond\u00e9rante \u00e0 donner au EnR.<\/span><\/p>\n<p class=\"p4\"><span class=\"s1\">Selon un r\u00e9cent bilan rendu public, le secteur des EnR n\u2019enregistre que peu de projets, dont la majorit\u00e9 de faible capacit\u00e9. Ainsi, ce sont 25 MW en solaire thermique qui ont \u00e9t\u00e9 install\u00e9s via la centrale hybride solaire-gaz, sise \u00e0 Hassi R\u2019mel, d\u2019une capacit\u00e9 totale de 150 MW, r\u00e9alis\u00e9e par New Energy Algeria (Neal) en 2011.<\/span><\/p>\n<p class=\"p4\"><span class=\"s1\">Par ailleurs, une capacit\u00e9 totale de 343 MW est fournie par une vingtaine de centrales solaires photovolta\u00efques, r\u00e9alis\u00e9es entre 2014 et 2017 dans le Sud et les Hauts-Plateaux, ainsi qu\u2019une centrale pilote multi-technologies de 1,1\u00a0MW d\u00e9ploy\u00e9e en 2014 \u00e0 Gharda\u00efa, d\u2019une ferme \u00e9olienne de 10,2 MW install\u00e9e \u00e0 Kabert\u00e8ne (Adrar) en 2014, r\u00e9alis\u00e9es par SKTM\/Sonelgaz, et une centrale solaire photovolta\u00efque de 10 MW mise en service en 2018 \u00e0 Ouargla par Sonatrach.<\/span><\/p>\n<p class=\"p4\"><span class=\"s1\">Selon M. Yassaa, <em>\u00able financement de tous les projets assur\u00e9 par le Tr\u00e9sor public reste d\u00e9risoire par rapport \u00e0 l\u2019enveloppe globale consentie pour l\u2019ensemble des activit\u00e9s li\u00e9es au secteur de l\u2019\u00e9nergie dans le pays\u00bb<\/em>.<\/span><\/p>\n<p class=\"p4\"><span class=\"s1\">Ainsi, malgr\u00e9 le discours officiel en faveur des EnR et les appels r\u00e9p\u00e9t\u00e9s des experts en faveur d\u2019une orientation salutaire vers les \u00e9nergies durables, le mix \u00e9nerg\u00e9tique incluant une part cons\u00e9quente de renouvelables est loin d\u2019\u00eatre une priorit\u00e9.<\/span><\/p>\n<p class=\"p4\"><span class=\"s1\">Dix ans apr\u00e8s l\u2019option strat\u00e9gique prise en faveur des EnR, le secteur pi\u00e9tine, et l\u2019orientation \u00e9nerg\u00e9tique est toujours en faveur du p\u00e9trole et du gaz, en d\u00e9pit de la crise et des perspectives assez sombres concernant l\u2019\u00e9volution des ressources financi\u00e8res tir\u00e9es du p\u00e9trole, conjugu\u00e9es \u00e0 la voracit\u00e9 de la consommation nationale qui risque de venir \u00e0 bout de toutes les ressources gazi\u00e8res du pays, et de compromettre ses objectifs d\u2019exportation.\u00a0<\/span><\/p>\n<p><span class=\"post-views-label\">Post Views:<\/span> <span class=\"post-views-count\">9\u00a0223<\/span><\/p>\n<p><br class=\"c2\"\/><\/p>\n<p>Auteur: Anis Khecheba<br \/>\n<a href=\"https:\/\/www.elwatan.com\/edition\/economie\/les-energies-renouvelables-et-lalgerie-le-grand-bluff-21-01-2020\">Cliquez ici pour lire l&rsquo;article depuis sa source.<\/a><\/p>\n","protected":false},"excerpt":{"rendered":"<p>L\u2019adoption, d\u00e8s 2011, du Programme national des \u00e9nergies renouvelables et de l\u2019efficacit\u00e9 \u00e9nerg\u00e9tique, \u00e9lev\u00e9 en 2016 au rang de priorit\u00e9 nationale, n\u2019a \u00e9t\u00e9 suivie concr\u00e8tement d\u2019aucune avanc\u00e9e tangible sur le terrain. Une capacit\u00e9 totale de 343 MW est fournie par une vingtaine de centrales solaires photovolta\u00efques, r\u00e9alis\u00e9es entre 2014 et 2017 dans le Sud et [&hellip;]<\/p>\n","protected":false},"author":1743,"featured_media":73725,"comment_status":"closed","ping_status":"closed","sticky":false,"template":"","format":"standard","meta":{"fifu_image_url":"","fifu_image_alt":"","footnotes":""},"categories":[73,53],"tags":[],"class_list":["post-73724","post","type-post","status-publish","format-standard","has-post-thumbnail","hentry","category-actualite","category-algerie"],"_links":{"self":[{"href":"https:\/\/linitiative.ca\/International\/wp-json\/wp\/v2\/posts\/73724","targetHints":{"allow":["GET"]}}],"collection":[{"href":"https:\/\/linitiative.ca\/International\/wp-json\/wp\/v2\/posts"}],"about":[{"href":"https:\/\/linitiative.ca\/International\/wp-json\/wp\/v2\/types\/post"}],"author":[{"embeddable":true,"href":"https:\/\/linitiative.ca\/International\/wp-json\/wp\/v2\/users\/1743"}],"replies":[{"embeddable":true,"href":"https:\/\/linitiative.ca\/International\/wp-json\/wp\/v2\/comments?post=73724"}],"version-history":[{"count":0,"href":"https:\/\/linitiative.ca\/International\/wp-json\/wp\/v2\/posts\/73724\/revisions"}],"wp:featuredmedia":[{"embeddable":true,"href":"https:\/\/linitiative.ca\/International\/wp-json\/"}],"wp:attachment":[{"href":"https:\/\/linitiative.ca\/International\/wp-json\/wp\/v2\/media?parent=73724"}],"wp:term":[{"taxonomy":"category","embeddable":true,"href":"https:\/\/linitiative.ca\/International\/wp-json\/wp\/v2\/categories?post=73724"},{"taxonomy":"post_tag","embeddable":true,"href":"https:\/\/linitiative.ca\/International\/wp-json\/wp\/v2\/tags?post=73724"}],"curies":[{"name":"wp","href":"https:\/\/api.w.org\/{rel}","templated":true}]}}