{"id":73737,"date":"2020-01-21T16:03:53","date_gmt":"2020-01-21T21:03:53","guid":{"rendered":"https:\/\/linitiative.ca\/International\/tunisie-grogne-chez-les-policiers-victimes-dattaques-a-armes-blanches\/"},"modified":"2020-01-21T16:03:53","modified_gmt":"2020-01-21T21:03:53","slug":"tunisie-grogne-chez-les-policiers-victimes-dattaques-a-armes-blanches","status":"publish","type":"post","link":"https:\/\/linitiative.ca\/International\/tunisie-grogne-chez-les-policiers-victimes-dattaques-a-armes-blanches\/","title":{"rendered":"Tunisie \u2013 Grogne chez les policiers victimes d\u2019attaques \u00e0 armes blanches"},"content":{"rendered":"<div class=\"post-cont-in left relative\">\n<p>Le syndicat de la police a publi\u00e9 ce soir un post pour dire le ras le bol des agents s\u00e9curitaires qui ne cessent de se faire gri\u00e8vement agresser par des d\u00e9linquants munis d\u2019armes blanches.<\/p>\n<div class=\"code-block code-block-1 c3\"><ins class=\"adsbygoogle c2\" data-ad-layout=\"in-article\" data-ad-format=\"fluid\" data-ad-client=\"ca-pub-2102118777505746\" data-ad-slot=\"7301775417\"\/> <\/div>\n<p>Ce fut le cas, hier, quand deux fr\u00e8res ont agress\u00e9 des policiers \u00e0 El Ouardia, \u00e0 l\u2019aide d\u2019une \u00e9p\u00e9e de grande taille. Plusieurs agents ont \u00e9t\u00e9 bless\u00e9s lors de cette attaque.<\/p>\n<p>Par ailleurs, aujourd\u2019hui, dans la localit\u00e9 de Soliman, des policiers ont \u00e9t\u00e9 agress\u00e9s \u00e0 l\u2019aide d\u2019un couperet, alors qu\u2019ils entreprenaient d\u2019appr\u00e9hender les membres d\u2019un\u00a0important gang de voleurs.<\/p>\n<p>Les policiers protestent contre le fait qu\u2019ils soient r\u00e9duits \u00e0 subir ces agressions sauvages, sans pouvoir riposter, \u00e0 cause de la loi qui leur impose de riposter avec des armes similaires \u00e0 celles de leurs agresseurs.<\/p>\n<p>Le syndicat appelle, avec une pointe d\u2019humour, les autorit\u00e9s de tutelle,\u00a0\u00e0 les fournir en \u00e9p\u00e9es et autres couperets, pour pouvoir se d\u00e9fendre \u00e0 armes \u00e9gales contre les d\u00e9linquants.<\/p>\n<p><img loading=\"lazy\" decoding=\"async\" class=\"aligncenter wp-image-491897\" src=\"https:\/\/www.tunisienumerique.com\/wp-content\/uploads\/2020\/01\/voiture-police.jpg\" alt=\"\" width=\"789\" height=\"592\" srcset=\"https:\/\/www.tunisienumerique.com\/wp-content\/uploads\/2020\/01\/voiture-police.jpg 960w, https:\/\/www.tunisienumerique.com\/wp-content\/uploads\/2020\/01\/voiture-police-768x576.jpg 768w, https:\/\/www.tunisienumerique.com\/wp-content\/uploads\/2020\/01\/voiture-police-600x450.jpg 600w\" sizes=\"auto, (max-width: 789px) 100vw, 789px\"\/><\/p>\n<p><img loading=\"lazy\" decoding=\"async\" class=\"aligncenter size-full wp-image-491898\" src=\"https:\/\/www.tunisienumerique.com\/wp-content\/uploads\/2020\/01\/amn.jpg\" alt=\"\" width=\"787\" height=\"960\" srcset=\"https:\/\/www.tunisienumerique.com\/wp-content\/uploads\/2020\/01\/amn.jpg 787w, https:\/\/www.tunisienumerique.com\/wp-content\/uploads\/2020\/01\/amn-768x937.jpg 768w, https:\/\/www.tunisienumerique.com\/wp-content\/uploads\/2020\/01\/amn-600x732.jpg 600w\" sizes=\"auto, (max-width: 787px) 100vw, 787px\"\/><\/p>\n<div class=\"swp_social_panel swp_horizontal_panel swp_flat_fresh swp_default_full_color swp_individual_full_color swp_other_full_color scale-100 scale-\" data-min-width=\"1100\" data-float-color=\"#ffffff\" data-float=\"bottom\" data-float-mobile=\"bottom\" data-transition=\"slide\">\n<div class=\"nc_tweetContainer swp_share_button total_shares total_sharesalt\"><span class=\"swp_count\">24 <span class=\"swp_label\">Partages<\/span><\/span><\/div>\n<\/div>\n<p><strong>Que se passe-t-il en Tunisie?<\/strong><br \/>Nous expliquons sur notre <a href=\"https:\/\/www.youtube.com\/channel\/UCRzypVq0B_yBad5eGrwBx0Q?sub_confirmation=1\" target=\"_blank\" rel=\"noopener noreferrer\">cha\u00eene YouTube<\/a> . <a href=\"https:\/\/www.youtube.com\/channel\/UCRzypVq0B_yBad5eGrwBx0Q?sub_confirmation=1\" target=\"_blank\" rel=\"noopener noreferrer\">Abonnez-vous!<\/a><\/p>\n<div class=\"mvp-org-wrap mvp-org-logo\" itemprop=\"publisher\" itemscope=\"\" itemtype=\"https:\/\/schema.org\/Organization\"><img decoding=\"async\" src=\"https:\/\/www.tunisienumerique.com\/wp-content\/uploads\/2017\/02\/logo_tunisie_numerique.png\"\/><\/div>\n<div class=\"mvp-related-posts left relative\">\n<h4 class=\"post-header\"><span class=\"post-header\">Lire aussi<\/span><\/h4>\n<\/div>\n<\/div>\n<p>Auteur: LM<br \/>\n<a href=\"https:\/\/www.tunisienumerique.com\/tunisie-grogne-chez-les-policiers-victimes-dattaques-a-armes-blanches\/\">Cliquez ici pour lire l&rsquo;article depuis sa source.<\/a><\/p>\n","protected":false},"excerpt":{"rendered":"<p>Le syndicat de la police a publi\u00e9 ce soir un post pour dire le ras le bol des agents s\u00e9curitaires qui ne cessent de se faire gri\u00e8vement agresser par des d\u00e9linquants munis d\u2019armes blanches. Ce fut le cas, hier, quand deux fr\u00e8res ont agress\u00e9 des policiers \u00e0 El Ouardia, \u00e0 l\u2019aide d\u2019une \u00e9p\u00e9e de grande [&hellip;]<\/p>\n","protected":false},"author":1789,"featured_media":73738,"comment_status":"closed","ping_status":"closed","sticky":false,"template":"","format":"standard","meta":{"fifu_image_url":"","fifu_image_alt":"","footnotes":""},"categories":[73,55],"tags":[],"class_list":["post-73737","post","type-post","status-publish","format-standard","has-post-thumbnail","hentry","category-actualite","category-tunisie"],"_links":{"self":[{"href":"https:\/\/linitiative.ca\/International\/wp-json\/wp\/v2\/posts\/73737","targetHints":{"allow":["GET"]}}],"collection":[{"href":"https:\/\/linitiative.ca\/International\/wp-json\/wp\/v2\/posts"}],"about":[{"href":"https:\/\/linitiative.ca\/International\/wp-json\/wp\/v2\/types\/post"}],"author":[{"embeddable":true,"href":"https:\/\/linitiative.ca\/International\/wp-json\/wp\/v2\/users\/1789"}],"replies":[{"embeddable":true,"href":"https:\/\/linitiative.ca\/International\/wp-json\/wp\/v2\/comments?post=73737"}],"version-history":[{"count":0,"href":"https:\/\/linitiative.ca\/International\/wp-json\/wp\/v2\/posts\/73737\/revisions"}],"wp:featuredmedia":[{"embeddable":true,"href":"https:\/\/linitiative.ca\/International\/wp-json\/"}],"wp:attachment":[{"href":"https:\/\/linitiative.ca\/International\/wp-json\/wp\/v2\/media?parent=73737"}],"wp:term":[{"taxonomy":"category","embeddable":true,"href":"https:\/\/linitiative.ca\/International\/wp-json\/wp\/v2\/categories?post=73737"},{"taxonomy":"post_tag","embeddable":true,"href":"https:\/\/linitiative.ca\/International\/wp-json\/wp\/v2\/tags?post=73737"}],"curies":[{"name":"wp","href":"https:\/\/api.w.org\/{rel}","templated":true}]}}