{"id":73741,"date":"2020-01-21T16:55:46","date_gmt":"2020-01-21T21:55:46","guid":{"rendered":"https:\/\/linitiative.ca\/International\/tunisie-video-les-declarations-revelatrices-du-frere-de-kais-saied\/"},"modified":"2020-01-21T16:55:46","modified_gmt":"2020-01-21T21:55:46","slug":"tunisie-video-les-declarations-revelatrices-du-frere-de-kais-saied","status":"publish","type":"post","link":"https:\/\/linitiative.ca\/International\/tunisie-video-les-declarations-revelatrices-du-frere-de-kais-saied\/","title":{"rendered":"Tunisie \u2013 VIDEO\u00a0: Les d\u00e9clarations \u00ab\u00a0r\u00e9v\u00e9latrices\u00a0\u00bb du fr\u00e8re de Ka\u00efs Sa\u00efed"},"content":{"rendered":"<div class=\"post-cont-in left relative\">\n<p>Naoufel Sa\u00efed, le fr\u00e8re du pr\u00e9sident de la R\u00e9publique <a href=\"https:\/\/www.tunisienumerique.com\/tunisie-actualite\/kais-saied\/\" title=\"Ka\u00efs Sa\u00efed\" target=\"_top\" class=\"auto-link\" rel=\"noopener noreferrer\">Ka\u00efs Sa\u00efed<\/a>, est mont\u00e9 au cr\u00e9neau, ce mardi, pour \u00e9mettre son avis sur la situation dans le pays.<\/p>\n<div class=\"code-block code-block-1 c3\"><ins class=\"adsbygoogle c2\" data-ad-layout=\"in-article\" data-ad-format=\"fluid\" data-ad-client=\"ca-pub-2102118777505746\" data-ad-slot=\"7301775417\"\/> <\/div>\n<p>Il a annonc\u00e9 au micro de ShemsFM, et sur sa page facebook, que la situation, dans le pays, \u00e9tait aberrante, en rapport avec le syst\u00e8me politique mis en place.<\/p>\n<p>Il a expliqu\u00e9 qu\u2019il \u00e9tait inconcevable, par exemple, que le parlement \u00e9choue dans la formation d\u2019un gouvernement, et que le chef de l\u2019Etat est appel\u00e9 \u00e0 sauver la situation, en choisissant un nouveau chef du gouvernement, pour, finalement, voir ce nouveau chef du gouvernement, revenir au parlement qui est d\u00e9faillant, et en cause de la crise, pour obtenir sa confiance, alors que la logique voudrait que ce chef du gouvernement soit redevable devant le chef de l\u2019Etat qui l\u2019a choisi, et non pas devant le parlement qui est en cause de la crise.<\/p>\n<p>Des d\u00e9clarations que les observateurs ont \u00e9t\u00e9 unanimes \u00e0 condamner, dans la mesure o\u00f9 le statut de \u00ab\u00a0fr\u00e8re de\u00a0\u00bb de Naoufel Sa\u00efed ne lui permettait pas d\u2019interf\u00e9rer de cette fa\u00e7on crue et directe, dans les affaires de l\u2019Etat. D\u2019aucuns n\u2019ont pas h\u00e9sit\u00e9 \u00e0 le comparer \u00e0 Sa\u00efd Bouteflika, qui a gouvern\u00e9 l\u2019Alg\u00e9rie en lieu et place de son fr\u00e8re, Abdelaziz Bouteflika, souffrant.<\/p>\n<p>D\u2019autres ont consid\u00e9r\u00e9 ces d\u00e9clarations comme r\u00e9v\u00e9latrices des desseins de la pr\u00e9sidence qui va tenter de choper les pr\u00e9rogatives du parlement, au profit du pr\u00e9sident de la R\u00e9publique, en attendant l\u2019aboutissement du projet de celui-ci, qui consiste \u00e0 modifier la constitution, pour revenir au syst\u00e8me pr\u00e9sidentiel.<\/p>\n<p><img loading=\"lazy\" decoding=\"async\" class=\"aligncenter size-full wp-image-491919\" src=\"https:\/\/www.tunisienumerique.com\/wp-content\/uploads\/2020\/01\/post-naw-.jpg\" alt=\"\" width=\"566\" height=\"507\"\/><\/p>\n<p><img loading=\"lazy\" decoding=\"async\" class=\"aligncenter size-full wp-image-491923\" src=\"https:\/\/www.tunisienumerique.com\/wp-content\/uploads\/2020\/01\/post-naw-2.jpg\" alt=\"\" width=\"565\" height=\"508\"\/><br \/><iframe loading=\"lazy\" class=\"c4\" src=\"https:\/\/www.facebook.com\/plugins\/video.php?href=https%3A%2F%2Fwww.facebook.com%2FShemsFm.PageOfficielle%2Fvideos%2F193828898334385%2F&#038;show_text=0&#038;width=560\" width=\"560\" height=\"315\" frameborder=\"0\" scrolling=\"no\" allowfullscreen=\"allowfullscreen\">[embedded content]<\/iframe><\/p>\n<div class=\"swp_social_panel swp_horizontal_panel swp_flat_fresh swp_default_full_color swp_individual_full_color swp_other_full_color scale-100 scale-\" data-min-width=\"1100\" data-float-color=\"#ffffff\" data-float=\"bottom\" data-float-mobile=\"bottom\" data-transition=\"slide\">\n<div class=\"nc_tweetContainer swp_share_button total_shares total_sharesalt\"><span class=\"swp_count\">2 <span class=\"swp_label\">Partages<\/span><\/span><\/div>\n<\/div>\n<p><strong>Que se passe-t-il en Tunisie?<\/strong><br \/>Nous expliquons sur notre <a href=\"https:\/\/www.youtube.com\/channel\/UCRzypVq0B_yBad5eGrwBx0Q?sub_confirmation=1\" target=\"_blank\" rel=\"noopener noreferrer\">cha\u00eene YouTube<\/a> . <a href=\"https:\/\/www.youtube.com\/channel\/UCRzypVq0B_yBad5eGrwBx0Q?sub_confirmation=1\" target=\"_blank\" rel=\"noopener noreferrer\">Abonnez-vous!<\/a><\/p>\n<div class=\"mvp-org-wrap mvp-org-logo\" itemprop=\"publisher\" itemscope=\"\" itemtype=\"https:\/\/schema.org\/Organization\"><img decoding=\"async\" src=\"https:\/\/www.tunisienumerique.com\/wp-content\/uploads\/2017\/02\/logo_tunisie_numerique.png\"\/><\/div>\n<div class=\"mvp-related-posts left relative\">\n<h4 class=\"post-header\"><span class=\"post-header\">Lire aussi<\/span><\/h4>\n<\/div>\n<\/div>\n<p>Auteur: Ramsis<br \/>\n<a href=\"https:\/\/www.tunisienumerique.com\/tunisie-video-les-declarations-revelatrices-du-frere-de-kais-saied\/\">Cliquez ici pour lire l&rsquo;article depuis sa source.<\/a><\/p>\n","protected":false},"excerpt":{"rendered":"<p>Naoufel Sa\u00efed, le fr\u00e8re du pr\u00e9sident de la R\u00e9publique Ka\u00efs Sa\u00efed, est mont\u00e9 au cr\u00e9neau, ce mardi, pour \u00e9mettre son avis sur la situation dans le pays. Il a annonc\u00e9 au micro de ShemsFM, et sur sa page facebook, que la situation, dans le pays, \u00e9tait aberrante, en rapport avec le syst\u00e8me politique mis en [&hellip;]<\/p>\n","protected":false},"author":1789,"featured_media":73742,"comment_status":"closed","ping_status":"closed","sticky":false,"template":"","format":"standard","meta":{"fifu_image_url":"","fifu_image_alt":"","footnotes":""},"categories":[73,55],"tags":[],"class_list":["post-73741","post","type-post","status-publish","format-standard","has-post-thumbnail","hentry","category-actualite","category-tunisie"],"_links":{"self":[{"href":"https:\/\/linitiative.ca\/International\/wp-json\/wp\/v2\/posts\/73741","targetHints":{"allow":["GET"]}}],"collection":[{"href":"https:\/\/linitiative.ca\/International\/wp-json\/wp\/v2\/posts"}],"about":[{"href":"https:\/\/linitiative.ca\/International\/wp-json\/wp\/v2\/types\/post"}],"author":[{"embeddable":true,"href":"https:\/\/linitiative.ca\/International\/wp-json\/wp\/v2\/users\/1789"}],"replies":[{"embeddable":true,"href":"https:\/\/linitiative.ca\/International\/wp-json\/wp\/v2\/comments?post=73741"}],"version-history":[{"count":0,"href":"https:\/\/linitiative.ca\/International\/wp-json\/wp\/v2\/posts\/73741\/revisions"}],"wp:featuredmedia":[{"embeddable":true,"href":"https:\/\/linitiative.ca\/International\/wp-json\/"}],"wp:attachment":[{"href":"https:\/\/linitiative.ca\/International\/wp-json\/wp\/v2\/media?parent=73741"}],"wp:term":[{"taxonomy":"category","embeddable":true,"href":"https:\/\/linitiative.ca\/International\/wp-json\/wp\/v2\/categories?post=73741"},{"taxonomy":"post_tag","embeddable":true,"href":"https:\/\/linitiative.ca\/International\/wp-json\/wp\/v2\/tags?post=73741"}],"curies":[{"name":"wp","href":"https:\/\/api.w.org\/{rel}","templated":true}]}}