{"id":73744,"date":"2020-01-21T16:00:51","date_gmt":"2020-01-21T21:00:51","guid":{"rendered":"https:\/\/linitiative.ca\/International\/an-i-de-tshisekedi-au-pouvoirdes-signaux-positifs-mais-aussi-des-defis-a-relever\/"},"modified":"2020-01-21T16:00:51","modified_gmt":"2020-01-21T21:00:51","slug":"an-i-de-tshisekedi-au-pouvoirdes-signaux-positifs-mais-aussi-des-defis-a-relever","status":"publish","type":"post","link":"https:\/\/linitiative.ca\/International\/an-i-de-tshisekedi-au-pouvoirdes-signaux-positifs-mais-aussi-des-defis-a-relever\/","title":{"rendered":"AN I DE TSHISEKEDI AU POUVOIR:Des signaux positifs mais aussi des d\u00e9fis \u00e0 relever"},"content":{"rendered":"<div class=\"stream-item stream-item-above-post-content\">\n<p><noscript><\/p>\n<p><a href=\"\/\/www3.smartadserver.com\/ac?jump=1&#038;nwid=2136&#038;siteid=240610&#038;pgname=rg&#038;fmtid=49046&#038;visit=m&#038;tmstp=[timestamp]&#038;out=nonrich\" target=\"_blank\" rel=\"noopener noreferrer\"><img decoding=\"async\" src=\"\/\/www3.smartadserver.com\/ac?out=nonrich&#038;nwid=2136&#038;siteid=240610&#038;pgname=rg&#038;fmtid=49046&#038;visit=m&#038;tmstp=[timestamp]\" border=\"0\" alt=\"\"\/><\/a><\/p>\n<p><\/noscript><\/div>\n<p class=\"c3\">Dans deux jours, le pr\u00e9sident de la R\u00e9publique d\u00e9mocratique du Congo (RDC), F\u00e9lix Tshisekedi, f\u00eatera son premier anniversaire aux commandes de l\u2019Etat. L\u2019on se souvient, en effet, \u00a0que c\u2019est le 24 janvier 2019, qu\u2019il a pr\u00eat\u00e9 serment, mettant fin au long bonus de pouvoir que s\u2019\u00e9tait accord\u00e9 le pr\u00e9sident Joseph Kabila. M\u00eame s\u2019il semble pr\u00e9matur\u00e9 de faire le bilan de son mandat, l\u2019on ne peut s\u2019emp\u00eacher de s\u2019interroger sur l\u2019orientation de la trajectoire prise par son r\u00e9gime.<\/p>\n<p class=\"c3\">D\u2019ores et d\u00e9j\u00e0, l\u2019on peut f\u00e9liciter le pr\u00e9sident Tshisekedi d\u2019avoir r\u00e9ussi \u00e0 asseoir son pouvoir. Ce pari, il faut le dire, n\u2019\u00e9tait pas gagn\u00e9 d\u2019avance, surtout quand on conna\u00eet les conditions dans lesquelles il est arriv\u00e9 au pouvoir. En effet, c\u2019est au terme d\u2019une longue transition qui avait transform\u00e9 la sc\u00e8ne politique congolaise en un v\u00e9ritable chaudron et \u00e0 l\u2019issue d\u2019\u00e9lections aux r\u00e9sultats contest\u00e9s sur fond d\u2019accusations de trahison, \u00a0qu\u2019il est parvenu \u00e0 la t\u00eate de l\u2019Etat. M\u00eame si son challenger malheureux, Martin Fayulu, continue de ruer dans les brancards, la temp\u00eate semble loin derri\u00e8re.<\/p>\n<p class=\"c3\"><strong>On note l\u2019apaisement des tensions politiques avec l\u2019\u00e9largissement de prisonniers et le retour d\u2019exil\u00e9s politiques<\/strong><\/p>\n<p class=\"c3\">M\u00eame la toute-puissante Eglise catholique qui avait jet\u00e9 le discr\u00e9dit sur les r\u00e9sultats de l\u2019\u00e9lection qui a consacr\u00e9 la victoire de\u00a0 Felix Tshisekedi, \u00a0a fini par accepter le fait accompli. Hormis cette victoire politique qui, cumul\u00e9e \u00e0 la belle revanche qu\u2019il a prise sur l\u2019histoire en rapatriant la d\u00e9pouille mortelle de son d\u00e9funt p\u00e8re Etienne Tshisekedi pour un hommage national in\u00e9gal\u00e9, a conf\u00e9r\u00e9 \u00e0 F\u00e9lix Tshisekedi une v\u00e9ritable carrure d\u2019homme d\u2019Etat, l\u2019on peut aussi se r\u00e9jouir de nombreux autres signaux positifs.\u00a0 Au nombre de ces voyants au vert, l\u2019on note l\u2019apaisement des tensions politiques avec l\u2019\u00e9largissement de prisonniers et le retour d\u2019exil\u00e9s politiques dont des figures embl\u00e9matiques comme Jean Pierre Bemba ou Mo\u00efse Katumbi. Au titre des acquis, l\u2019on a remarqu\u00e9 aussi de nets progr\u00e8s en mati\u00e8re de respect des droits de l\u2019Homme, comme le confirme l\u2019un des derniers rapports d\u2019<em>Amnesty International.<\/em> Et ce n\u2019est pas rien, quand on sait que l\u2019Etat policier instaur\u00e9 par Kabila, s\u2019\u00e9tait illustr\u00e9 par la f\u00e9rocit\u00e9 de ses r\u00e9pressions dont le seuil de l\u2019horreur a \u00e9t\u00e9 atteint lors de la lutte pour l\u2019alternance dont le parcours jonch\u00e9 de dizaines de cadavres, laisse\u00a0 encore de profondes stigmates. Enfin, au plan diplomatique, l\u2019on peut se f\u00e9liciter que le nouveau pr\u00e9sident ait r\u00e9ussi \u00e0 briser le cercle de l\u2019isolement de la RDC pour r\u00e9chauffer non seulement\u00a0 les relations entre le pays et ses voisins, mais aussi avec de nombreux partenaires internationaux.<\/p>\n<p class=\"c3\">Toutefois, cette petite \u00e9claircie au-dessus de la canop\u00e9e congolaise, ne doit pas masquer les \u00e9normes d\u00e9fis qui restent \u00e0 \u00eatre relev\u00e9s. Et parmi ceux-ci, il y a l\u2019imp\u00e9rieuse n\u00e9cessit\u00e9 pour F\u00e9lix Tshisekedi, \u00a0de se cr\u00e9er des marges de man\u0153uvre pour gouverner malgr\u00e9 la lourde mainmise de l\u2019ancien r\u00e9gime dont il reste l\u2019otage. En acc\u00e9dant au pouvoir les mains li\u00e9es par Joseph Kabila que l\u2019on soup\u00e7onne de man\u0153uvrer pour revenir \u00e0 la t\u00eate de l\u2019Etat, \u00a0le pr\u00e9sident tente d\u2019exister en faisant preuve de volontarisme, mais le gouvernement de coalition auquel il a \u00e9t\u00e9 contraint et l\u2019Assembl\u00e9e nationale domin\u00e9e par des alli\u00e9s politiques du Parti du peuple pour la reconstruction et la d\u00e9mocratie (PPRD) qui ne jouent pas toujours la carte de la bonne foi, lui collent comme un boulet \u00e0 la cheville.<\/p>\n<p class=\"c3\"><strong>C\u2019est maintenant qu\u2019il faut accentuer la cadence<\/strong><\/p>\n<p class=\"c3\">L\u2019autre d\u00e9fi \u00e0 relever et pas des moindres, c\u2019est celui de la transformation qualitative des conditions de vie des Congolais. Car, c\u2019est connu. Les Congolais sont extr\u00eamement pauvres dans un Etat tr\u00e8s riche. Il faut donc vaincre la\u00a0 mal\u00e9diction mini\u00e8re en rendant les richesses nationales profitables \u00e0 tous. Cela passe par une lutte sans merci contre les empires financiers qui enlacent, par les tentacules de la corruption et de la fraude, tout le tissu \u00e9conomique congolais. Il y a aussi \u00a0le d\u00e9fi de la bonne gouvernance qu\u2019il faut relever. L\u2019on se souvient, il y a peu, de cette scabreuse affaire de fonds g\u00e9r\u00e9s avec opacit\u00e9 \u00e0 la pr\u00e9sidence de la R\u00e9publique et qui d\u00e9teint n\u00e9gativement sur\u00a0 l\u2019image de Tshisekedi qui se doit de nettoyer les \u00e9curies d\u2019Augias en faisant de la lutte contre corruption, son cheval de bataille. Enfin, il y a tout le grand chantier de pacification de l\u2019Est du pays qui, malgr\u00e9 les r\u00e9centes victoires de l\u2019arm\u00e9e sur les rebelles, reste un repaire de bandits de grands chemins. La vie humaine y est encore r\u00e9duite \u00e0 peu de choses et l\u2019autorit\u00e9 de l\u2019Etat y est inexistante.<\/p>\n<p class=\"c3\">L\u2019un dans l\u2019autre donc, sans risque de se tromper, on peut dire que les signaux, au terme d\u2019une ann\u00e9e d\u2019exercice du pouvoir d\u2019Etat, sont positifs pour le pr\u00e9sident Tshisekedi qui n\u2019\u00e9tait pas parti avec les faveurs des pronostics. Mais il reste encore de nombreux d\u00e9fis \u00e0 relever. Il faut donc maintenir le cap au milieu des emb\u00fbches pour permettre au navire congolais, d\u2019\u00e9merger des flots. Pour r\u00e9ussir ce pari, le pr\u00e9sident congolais doit, d\u2019ores et d\u00e9j\u00e0, int\u00e9grer le fait que plus il s\u2019approchera des futures \u00e9ch\u00e9ances \u00e9lectorales, plus il devra affronter l\u2019adversit\u00e9 de ses alli\u00e9s du moment qui feront en sorte qu\u2019il n\u2019ait pas de bilan positif \u00e0 d\u00e9fendre devant le peuple. C\u2019est donc maintenant qu\u2019il faut accentuer la cadence pour d\u00e9jouer tous les pi\u00e8ges des adversaires politiques et se faire d\u00e9finitivement l\u2019ami du peuple congolais.<\/p>\n<p class=\"c3\"><strong>\u00a0<\/strong><\/p>\n<p class=\"c3\"><strong><em>\u00ab\u00a0 Le Pays\u00a0\u00bb<\/em><\/strong><\/p>\n<p class=\"c3\"><strong>\u00a0<\/strong><\/p>\n<p>Auteur: Le Pays<br \/>\n<a href=\"http:\/\/lepays.bf\/an-i-de-tshisekedi-au-pouvoirdes-signaux-positifs-mais-aussi-des-defis-a-relever\/\">Cliquez ici pour lire l&rsquo;article depuis sa source.<\/a><\/p>\n","protected":false},"excerpt":{"rendered":"<p>Dans deux jours, le pr\u00e9sident de la R\u00e9publique d\u00e9mocratique du Congo (RDC), F\u00e9lix Tshisekedi, f\u00eatera son premier anniversaire aux commandes de l\u2019Etat. L\u2019on se souvient, en effet, \u00a0que c\u2019est le 24 janvier 2019, qu\u2019il a pr\u00eat\u00e9 serment, mettant fin au long bonus de pouvoir que s\u2019\u00e9tait accord\u00e9 le pr\u00e9sident Joseph Kabila. M\u00eame s\u2019il semble pr\u00e9matur\u00e9 [&hellip;]<\/p>\n","protected":false},"author":1813,"featured_media":0,"comment_status":"closed","ping_status":"closed","sticky":false,"template":"","format":"standard","meta":{"fifu_image_url":"","fifu_image_alt":"","footnotes":""},"categories":[73,81],"tags":[],"class_list":["post-73744","post","type-post","status-publish","format-standard","hentry","category-actualite","category-burkina-faso"],"_links":{"self":[{"href":"https:\/\/linitiative.ca\/International\/wp-json\/wp\/v2\/posts\/73744","targetHints":{"allow":["GET"]}}],"collection":[{"href":"https:\/\/linitiative.ca\/International\/wp-json\/wp\/v2\/posts"}],"about":[{"href":"https:\/\/linitiative.ca\/International\/wp-json\/wp\/v2\/types\/post"}],"author":[{"embeddable":true,"href":"https:\/\/linitiative.ca\/International\/wp-json\/wp\/v2\/users\/1813"}],"replies":[{"embeddable":true,"href":"https:\/\/linitiative.ca\/International\/wp-json\/wp\/v2\/comments?post=73744"}],"version-history":[{"count":0,"href":"https:\/\/linitiative.ca\/International\/wp-json\/wp\/v2\/posts\/73744\/revisions"}],"wp:attachment":[{"href":"https:\/\/linitiative.ca\/International\/wp-json\/wp\/v2\/media?parent=73744"}],"wp:term":[{"taxonomy":"category","embeddable":true,"href":"https:\/\/linitiative.ca\/International\/wp-json\/wp\/v2\/categories?post=73744"},{"taxonomy":"post_tag","embeddable":true,"href":"https:\/\/linitiative.ca\/International\/wp-json\/wp\/v2\/tags?post=73744"}],"curies":[{"name":"wp","href":"https:\/\/api.w.org\/{rel}","templated":true}]}}