{"id":73745,"date":"2020-01-21T17:27:37","date_gmt":"2020-01-21T22:27:37","guid":{"rendered":"https:\/\/linitiative.ca\/International\/lutte-contre-la-fraude-des-commercants-instituent-une-brigade\/"},"modified":"2020-01-21T17:27:37","modified_gmt":"2020-01-21T22:27:37","slug":"lutte-contre-la-fraude-des-commercants-instituent-une-brigade","status":"publish","type":"post","link":"https:\/\/linitiative.ca\/International\/lutte-contre-la-fraude-des-commercants-instituent-une-brigade\/","title":{"rendered":"Lutte contre la fraude : Des commer\u00e7ants instituent  une brigade"},"content":{"rendered":"<div class=\"td-post-featured-image\" readability=\"34\"><a href=\"https:\/\/i0.wp.com\/www.sidwaya.info\/wp-content\/uploads\/2020\/01\/fraude.gif?fit=700%2C708&#038;ssl=1\" data-caption=\"Le SG du SYNATCOMB, Rock Donatien Nagalo\u00a0: \u00ab\u00a0Le but est d\u2019assainir le syst\u00e8me commercial au Burkina\u00a0\u00bb.\"><img loading=\"lazy\" decoding=\"async\" width=\"696\" height=\"704\" class=\"entry-thumb td-modal-image\" src=\"https:\/\/i0.wp.com\/www.sidwaya.info\/wp-content\/uploads\/2020\/01\/fraude.gif?resize=696%2C704&#038;ssl=1\" alt=\"\" title=\"fraude\"\/><\/a>Le SG du SYNATCOMB, Rock Donatien Nagalo\u00a0: \u00ab\u00a0Le but est d\u2019assainir le syst\u00e8me commercial au Burkina\u00a0\u00bb.<\/div>\n<p><strong>Le Syndicat national des commer\u00e7ants du Burkina (SYNATCOMB) en collaboration avec des structures s\u0153urs a organis\u00e9, le vendredi 17 janvier 2020 \u00e0 Ouagadougou, une c\u00e9r\u00e9monie d\u2019installation officielle du Bureau ex\u00e9cutif de la Brigade de veille citoyenne et de contr\u00f4le anti-fraude (BVCAF).<\/strong><\/p>\n<p>C\u2019est sous le th\u00e8me\u00a0: \u00ab\u00a0Pour un commerce \u00e9quitable, f\u00e9d\u00e9rons nos actions\u00a0\u00bb, que le Syndicat national des commer\u00e7ants du Burkina (SYNATCOMB) et ses structures s\u0153urs ont, d\u00e9sormais, une Brigade de veille citoyenne et de contr\u00f4le anti-fraude (BVCAF). Les membres du bureau ex\u00e9cutif, au nombre de sept, ont \u00e9t\u00e9 install\u00e9s, le vendredi 17 janvier 2020 \u00e0 Ouagadougou. Selon le secr\u00e9taire national, Abdoulaye Yam\u00e9ogo, l\u2019objectif est de relever les d\u00e9fis dans le secteur du commerce.<\/p>\n<div class=\"td-a-rec td-a-rec-id-content_inline tdi_30_5ee td_block_template_1\"><a href=\"https:\/\/www.sidwaya.info\/wp-content\/uploads\/2019\/12\/Bandeau-sitebonneannee.jpg\"><img loading=\"lazy\" decoding=\"async\" class=\"aligncenter size-full wp-image-17812\" src=\"https:\/\/www.sidwaya.info\/wp-content\/uploads\/2019\/12\/Bandeau-sitebonneannee.jpg\" alt=\"\" width=\"720\" height=\"90\"\/><\/a><\/div>\n<p>En outre, il a fait savoir que la BVCAF va travailler \u00e0 lutter contre la fraude et \u00e0 booster les activit\u00e9s du secteur informel. Car pour lui, depuis belle lurette, les commer\u00e7ants sont confront\u00e9s \u00e0 d\u2019\u00e9normes probl\u00e8mes. Le r\u00f4le de la BVCAF, a-t-il pr\u00e9cis\u00e9, est de veiller \u00e0 ce que chaque commer\u00e7ant reste dans sa cat\u00e9gorie. \u00ab\u00a0Les grossistes ne doivent pas \u00eatre des d\u00e9taillants. Aussi, nous allons travailler \u00e0 ce que les investisseurs ne soient pas eux-m\u00eames leurs propres patrons, une fois que l\u2019entreprise est install\u00e9e au Burkina. Il faut que notre commerce se d\u00e9veloppe puisqu\u2019il y a des \u00e9trangers qui nous vendent des produits \u00e0 des prix en gros dans leurs pays et \u00e0 notre grande surprise, ils reviennent au Burkina pour revendre en d\u00e9tail.<\/p>\n<p>Dans ce cas, le petit commer\u00e7ant aura des difficult\u00e9s pour \u00e9couler ses produits\u00a0\u00bb, a d\u00e9nonc\u00e9 le secr\u00e9taire national. Il a aussi ajout\u00e9 que la BVCAF va rester toujours aux c\u00f4t\u00e9s des acteurs \u00e9tatiques dont la brigade mobile de l\u2019Etat, la douane, la police, la gendarmerie et toutes autres structures de lutte contre la fraude.\u00a0\u00ab\u00a0Un produit d\u00e9clar\u00e9 \u00e0 la douane et un autre non d\u00e9clar\u00e9 ne peuvent pas avoir le m\u00eame prix de vente sur le march\u00e9\u00a0\u00bb, a-t-il dit. Quant au secr\u00e9taire g\u00e9n\u00e9ral du SYNATCOMB, Rock Donatien Nagalo, il a pr\u00e9cis\u00e9 que le bureau ex\u00e9cutif est charg\u00e9 d\u2019alerter les forces comp\u00e9tentes sur toute tentative de fraude locale.\u00a0\u00ab\u00a0Nous allons \u00e9riger des centrales d\u2019achat, c\u2019est-\u00e0-dire diff\u00e9rencier les d\u00e9taillants et les grossistes dans les communes. Pour le contr\u00f4le des produits, nous allons mettre des panneaux \u00e0 l\u2019entr\u00e9e dans toutes les localit\u00e9s du pays\u00a0\u00bb, a-t-il fait savoir.<\/p>\n<p class=\"c1\"><strong>Oumarou RABO<\/strong><br \/>(Collaborateur)<\/p>\n<div class=\"td-a-rec td-a-rec-id-content_bottom tdi_31_f47 td_block_template_1\"><img loading=\"lazy\" decoding=\"async\" class=\"aligncenter size-full wp-image-9623\" src=\"https:\/\/www.sidwaya.info\/wp-content\/uploads\/2019\/06\/Projet-bannie%CC%80re-Orange-mobile.jpg\" alt=\"\" width=\"728\" height=\"81\"\/><\/div>\n<p>Auteur: JK. Sidwaya<br \/>\n<a href=\"https:\/\/www.sidwaya.info\/blog\/2020\/01\/21\/lutte-contre-la-fraude-des-commercants-instituent-une-brigade\/\">Cliquez ici pour lire l&rsquo;article depuis sa source.<\/a><\/p>\n","protected":false},"excerpt":{"rendered":"<p>Le SG du SYNATCOMB, Rock Donatien Nagalo\u00a0: \u00ab\u00a0Le but est d\u2019assainir le syst\u00e8me commercial au Burkina\u00a0\u00bb. Le Syndicat national des commer\u00e7ants du Burkina (SYNATCOMB) en collaboration avec des structures s\u0153urs a organis\u00e9, le vendredi 17 janvier 2020 \u00e0 Ouagadougou, une c\u00e9r\u00e9monie d\u2019installation officielle du Bureau ex\u00e9cutif de la Brigade de veille citoyenne et de contr\u00f4le [&hellip;]<\/p>\n","protected":false},"author":1816,"featured_media":0,"comment_status":"closed","ping_status":"closed","sticky":false,"template":"","format":"standard","meta":{"fifu_image_url":"","fifu_image_alt":"","footnotes":""},"categories":[73,81],"tags":[],"class_list":["post-73745","post","type-post","status-publish","format-standard","hentry","category-actualite","category-burkina-faso"],"_links":{"self":[{"href":"https:\/\/linitiative.ca\/International\/wp-json\/wp\/v2\/posts\/73745","targetHints":{"allow":["GET"]}}],"collection":[{"href":"https:\/\/linitiative.ca\/International\/wp-json\/wp\/v2\/posts"}],"about":[{"href":"https:\/\/linitiative.ca\/International\/wp-json\/wp\/v2\/types\/post"}],"author":[{"embeddable":true,"href":"https:\/\/linitiative.ca\/International\/wp-json\/wp\/v2\/users\/1816"}],"replies":[{"embeddable":true,"href":"https:\/\/linitiative.ca\/International\/wp-json\/wp\/v2\/comments?post=73745"}],"version-history":[{"count":0,"href":"https:\/\/linitiative.ca\/International\/wp-json\/wp\/v2\/posts\/73745\/revisions"}],"wp:attachment":[{"href":"https:\/\/linitiative.ca\/International\/wp-json\/wp\/v2\/media?parent=73745"}],"wp:term":[{"taxonomy":"category","embeddable":true,"href":"https:\/\/linitiative.ca\/International\/wp-json\/wp\/v2\/categories?post=73745"},{"taxonomy":"post_tag","embeddable":true,"href":"https:\/\/linitiative.ca\/International\/wp-json\/wp\/v2\/tags?post=73745"}],"curies":[{"name":"wp","href":"https:\/\/api.w.org\/{rel}","templated":true}]}}