{"id":73746,"date":"2020-01-21T17:31:00","date_gmt":"2020-01-21T22:31:00","guid":{"rendered":"https:\/\/linitiative.ca\/International\/loi-de-finances-gestion-2020-les-entreprises-simpregnent-des-innovations-fiscales\/"},"modified":"2020-01-21T17:31:00","modified_gmt":"2020-01-21T22:31:00","slug":"loi-de-finances-gestion-2020-les-entreprises-simpregnent-des-innovations-fiscales","status":"publish","type":"post","link":"https:\/\/linitiative.ca\/International\/loi-de-finances-gestion-2020-les-entreprises-simpregnent-des-innovations-fiscales\/","title":{"rendered":"Loi de finances gestion 2020 Les entreprises s\u2019impr\u00e8gnent  des innovations fiscales"},"content":{"rendered":"<div class=\"td-post-featured-image\" readability=\"33\"><a href=\"https:\/\/i1.wp.com\/www.sidwaya.info\/wp-content\/uploads\/2020\/01\/ecco.gif?fit=700%2C467&#038;ssl=1\" data-caption=\"Le DG de la MEBF, Lancina Ki (milieu) a invit\u00e9 \u2026\"><img loading=\"lazy\" decoding=\"async\" width=\"696\" height=\"464\" class=\"entry-thumb td-modal-image\" src=\"https:\/\/i1.wp.com\/www.sidwaya.info\/wp-content\/uploads\/2020\/01\/ecco.gif?resize=696%2C464&#038;ssl=1\" alt=\"\" title=\"ecco\"\/><\/a>Le DG de la MEBF, Lancina Ki (milieu) a invit\u00e9 \u2026<\/div>\n<p><strong>La Maison de l\u2019entreprise du Burkina Faso a initi\u00e9, le vendredi 17 janvier 2020 \u00e0 Ouagadougou, une rencontre d\u2019\u00e9changes avec les chefs d\u2019entreprises sur les innovations fiscales contenues dans la loi de finances gestion 2020.<\/strong><\/p>\n<p>Le Centre d\u2019information juridique des affaires de la Maison de l\u2019entreprise du Burkina Faso (MEBF) d\u00e9bute ses activit\u00e9s de l\u2019ann\u00e9e avec la rencontre d\u2019information sur les innovations et modifications fiscales de la loi de finances, gestion 2020. Initi\u00e9 depuis une quinzaine d\u2019ann\u00e9es, ce cadre d\u2019\u00e9changes s\u2019est tenu le vendredi 17 janvier 2020 \u00e0 Ouagadougou. Selon le directeur g\u00e9n\u00e9ral de la MEBF, cette rencontre r\u00e9pond \u00e0 l\u2019une des missions de son institution qui est de sensibiliser les chefs d\u2019entreprises burkinab\u00e8 \u00e0 l\u2019ensemble de la l\u00e9gislation qui a un impact sur les affaires au Burkina Faso.<\/p>\n<div class=\"td-a-rec td-a-rec-id-content_inline tdi_30_722 td_block_template_1\"><a href=\"https:\/\/www.sidwaya.info\/wp-content\/uploads\/2019\/12\/Bandeau-sitebonneannee.jpg\"><img loading=\"lazy\" decoding=\"async\" class=\"aligncenter size-full wp-image-17812\" src=\"https:\/\/www.sidwaya.info\/wp-content\/uploads\/2019\/12\/Bandeau-sitebonneannee.jpg\" alt=\"\" width=\"720\" height=\"90\"\/><\/a><\/div>\n<p>Il a expliqu\u00e9 que les entrepreneurs contribuent au d\u00e9veloppement du pays \u00e0 travers le paiement des imp\u00f4ts et de ce fait, il est important pour eux de conna\u00eetre les dispositions fiscales auxquelles ils s\u2019exposent afin d\u2019\u00e9viter des p\u00e9nalit\u00e9s. \u00ab\u00a0Dans l\u2019optique d\u2019une optimisation des recettes fiscales, des mesures d\u2019ajustements techniques de la loi 058 portant sur le Code g\u00e9n\u00e9ral des imp\u00f4ts ont \u00e9t\u00e9 propos\u00e9es dans l\u2019actuelle loi de finances. Elles visent, d\u2019une part, l\u2019am\u00e9lioration, la lisibilit\u00e9 et l\u2019applicabilit\u00e9 de certaines dispositions. D\u2019autre part, il s\u2019agit d\u2019accompagner la modernisation de l\u2019administration fiscale\u00a0\u00bb, a laiss\u00e9 entendre le directeur g\u00e9n\u00e9ral de la MEBF.<\/p>\n<p>Le repr\u00e9sentant du directeur g\u00e9n\u00e9ral des imp\u00f4ts, Moctar Yankin\u00e9 a fait savoir que dans la loi de finances gestion 2020, plusieurs innovations ont \u00e9t\u00e9 introduites afin d\u2019am\u00e9liorer le rendement des imp\u00f4ts. \u00ab\u00a0Il y a eu des ajustements techniques pour permettre aux contribuables de mieux comprendre le dispositif fiscal mis en place. Nous avons \u00e9tabli des mesures de faveur \u00e0 l\u2019endroit des populations \u00e0 faibles revenus sur la mutation des immeubles\u00a0\u00bb, a confi\u00e9 Moctar Yankin\u00e9. Il a ajout\u00e9 que des mesures ont \u00e9t\u00e9 prises afin d\u2019\u00e9viter au secteur des transports la taxe sur la valeur ajout\u00e9e si ce n\u2019est que par option. Il a salu\u00e9 la tenue de cette rencontre qui offre une occasion aux op\u00e9rateurs \u00e9conomiques et aux usagers de l\u2019administration fiscale de comprendre le dispositif fiscal et d\u2019\u00e9viter les \u00e9cueils dans leurs affaires. \u00ab\u00a0Plus ils comprennent le dispositif, mieux ils effectuent leurs obligations fiscales et le pays entier gagne par le versement cons\u00e9quent de recettes pour permettre le d\u00e9veloppement\u00a0\u00bb, a soutenu le repr\u00e9sentant du directeur g\u00e9n\u00e9ral des imp\u00f4ts.<\/p>\n<p class=\"c1\"><strong>Joseph HARO<\/strong><\/p>\n<div class=\"td-a-rec td-a-rec-id-content_bottom tdi_31_e0d td_block_template_1\"><img loading=\"lazy\" decoding=\"async\" class=\"aligncenter size-full wp-image-9623\" src=\"https:\/\/www.sidwaya.info\/wp-content\/uploads\/2019\/06\/Projet-bannie%CC%80re-Orange-mobile.jpg\" alt=\"\" width=\"728\" height=\"81\"\/><\/div>\n<p>Auteur: JK. Sidwaya<br \/>\n<a href=\"https:\/\/www.sidwaya.info\/blog\/2020\/01\/21\/loi-de-finances-gestion-2020-les-entreprises-simpregnent-des-innovations-fiscales\/\">Cliquez ici pour lire l&rsquo;article depuis sa source.<\/a><\/p>\n","protected":false},"excerpt":{"rendered":"<p>Le DG de la MEBF, Lancina Ki (milieu) a invit\u00e9 \u2026 La Maison de l\u2019entreprise du Burkina Faso a initi\u00e9, le vendredi 17 janvier 2020 \u00e0 Ouagadougou, une rencontre d\u2019\u00e9changes avec les chefs d\u2019entreprises sur les innovations fiscales contenues dans la loi de finances gestion 2020. Le Centre d\u2019information juridique des affaires de la Maison [&hellip;]<\/p>\n","protected":false},"author":1816,"featured_media":0,"comment_status":"closed","ping_status":"closed","sticky":false,"template":"","format":"standard","meta":{"fifu_image_url":"","fifu_image_alt":"","footnotes":""},"categories":[73,81],"tags":[],"class_list":["post-73746","post","type-post","status-publish","format-standard","hentry","category-actualite","category-burkina-faso"],"_links":{"self":[{"href":"https:\/\/linitiative.ca\/International\/wp-json\/wp\/v2\/posts\/73746","targetHints":{"allow":["GET"]}}],"collection":[{"href":"https:\/\/linitiative.ca\/International\/wp-json\/wp\/v2\/posts"}],"about":[{"href":"https:\/\/linitiative.ca\/International\/wp-json\/wp\/v2\/types\/post"}],"author":[{"embeddable":true,"href":"https:\/\/linitiative.ca\/International\/wp-json\/wp\/v2\/users\/1816"}],"replies":[{"embeddable":true,"href":"https:\/\/linitiative.ca\/International\/wp-json\/wp\/v2\/comments?post=73746"}],"version-history":[{"count":0,"href":"https:\/\/linitiative.ca\/International\/wp-json\/wp\/v2\/posts\/73746\/revisions"}],"wp:attachment":[{"href":"https:\/\/linitiative.ca\/International\/wp-json\/wp\/v2\/media?parent=73746"}],"wp:term":[{"taxonomy":"category","embeddable":true,"href":"https:\/\/linitiative.ca\/International\/wp-json\/wp\/v2\/categories?post=73746"},{"taxonomy":"post_tag","embeddable":true,"href":"https:\/\/linitiative.ca\/International\/wp-json\/wp\/v2\/tags?post=73746"}],"curies":[{"name":"wp","href":"https:\/\/api.w.org\/{rel}","templated":true}]}}