{"id":73748,"date":"2020-01-21T17:41:35","date_gmt":"2020-01-21T22:41:35","guid":{"rendered":"https:\/\/linitiative.ca\/International\/congres-pour-la-democratie-et-le-progres-objectif-2020-reconquerir-le-pouvoir-detat\/"},"modified":"2020-01-21T17:41:35","modified_gmt":"2020-01-21T22:41:35","slug":"congres-pour-la-democratie-et-le-progres-objectif-2020-reconquerir-le-pouvoir-detat","status":"publish","type":"post","link":"https:\/\/linitiative.ca\/International\/congres-pour-la-democratie-et-le-progres-objectif-2020-reconquerir-le-pouvoir-detat\/","title":{"rendered":"Congr\u00e8s pour la d\u00e9mocratie et le progr\u00e8s : Objectif 2020, reconqu\u00e9rir le pouvoir d\u2019Etat"},"content":{"rendered":"<div class=\"td-post-featured-image\" readability=\"33\"><a href=\"https:\/\/i1.wp.com\/www.sidwaya.info\/wp-content\/uploads\/2020\/01\/cdp.gif?fit=700%2C703&#038;ssl=1\" data-caption=\"Le pr\u00e9sident du CDP, Eddie Kombo\u00efgo a re\u00e7u les meilleurs v\u0153ux 2020 des militants du parti.\"><img loading=\"lazy\" decoding=\"async\" width=\"696\" height=\"699\" class=\"entry-thumb td-modal-image\" src=\"https:\/\/i1.wp.com\/www.sidwaya.info\/wp-content\/uploads\/2020\/01\/cdp.gif?resize=696%2C699&#038;ssl=1\" alt=\"\" title=\"cdp\"\/><\/a>Le pr\u00e9sident du CDP, Eddie Kombo\u00efgo a re\u00e7u les meilleurs v\u0153ux 2020 des militants du parti.<\/div>\n<p><strong>Les militants et sympathisants du Congr\u00e8s pour la d\u00e9mocratie et le progr\u00e8s (CDP) ont pr\u00e9sent\u00e9 leurs v\u0153ux de nouvel an au pr\u00e9sident du parti, Eddie Kombo\u00efgo, le dimanche 19 janvier 2020 \u00e0 Ouagadougou.<\/strong><\/p>\n<p>L\u2019ann\u00e9e 2019 pourrait avoir emport\u00e9 avec elle la crise que vivait le Congr\u00e8s pour la d\u00e9mocratie et le progr\u00e8s (CDP). C\u2019est du moins ce que veut faire croire le pr\u00e9sident du parti, Eddie Kombo\u00efgo, le dimanche 19 janvier 2020 \u00e0 Ouagadougou, lors de la traditionnelle c\u00e9r\u00e9monie de pr\u00e9sentation de v\u0153ux du nouvel an de l\u2019ex-parti au pouvoir. En effet, devant des membres du haut conseil, des bureaux ex\u00e9cutifs et politiques nationaux, des responsables de structures g\u00e9ographiques et sp\u00e9cifiques et surtout de caciques du parti comme Mahamadi Kouanda, le pr\u00e9sident du CDP a affirm\u00e9 : \u00ab Camarades, certains ont pr\u00e9dit que le CDP sera divis\u00e9.<\/p>\n<div class=\"td-a-rec td-a-rec-id-content_inline tdi_30_7ee td_block_template_1\"><a href=\"https:\/\/www.sidwaya.info\/wp-content\/uploads\/2019\/12\/Bandeau-sitebonneannee.jpg\"><img loading=\"lazy\" decoding=\"async\" class=\"aligncenter size-full wp-image-17812\" src=\"https:\/\/www.sidwaya.info\/wp-content\/uploads\/2019\/12\/Bandeau-sitebonneannee.jpg\" alt=\"\" width=\"720\" height=\"90\"\/><\/a><\/div>\n<p>Vous avez vu ici pr\u00e9sents, les camarades avec lesquels on ne sait pas entendu en 2019. Par cette pr\u00e9sence, ils r\u00e9affirment leur attachement au CDP. Je voudrais leur dire : soyez les bienvenus. Ensemble nous construirons un CDP fort et conqu\u00e9rant \u00bb. Pour M. Kombo\u00efgo, ce \u00ab retour \u00e0 la maison \u00bb est donc un signe \u00ab ind\u00e9niable \u00bb de la volont\u00e9 de tous d\u2019\u0153uvrer dans une synergie d\u2019actions pour b\u00e2tir une \u00ab \u00e9quipe forte et solidaire qui travaille dans un esprit de famille \u00bb. 2020 est une ann\u00e9e \u00e9lectorale et pour le pr\u00e9sident du CDP, il faut sonner le rassemblement de tous les militants pour la \u00ab reconqu\u00eate certaine \u00bb du pouvoir d\u2019Etat.<\/p>\n<p>Il a toutefois signifi\u00e9 que son v\u0153u \u00ab le plus cher \u00bb est la paix pour le pays et dans le c\u0153ur de tous les Burkinab\u00e8 et l\u2019objectif ultime du CDP, le \u00ab retour honorable \u00bb des exil\u00e9s dans un climat apais\u00e9. Quant au processus de d\u00e9signation du candidat du parti \u00e0 la pr\u00e9sidentielle de 2020, Eddie Kombo\u00efgo s\u2019est voulu clair. \u00ab Le projet de directives a \u00e9t\u00e9 soumis au pr\u00e9sident d\u2019honneur, Blaise Compaor\u00e9, qui a entrepris un certain nombre de consultations. Tr\u00e8s prochainement, nous recevrons ses observations et amendements et nous proc\u00e8derons de la mani\u00e8re la plus d\u00e9mocratique possible au choix de notre candidat \u00bb, a-t-il dit sous les acclamations des militants.<\/p>\n<p><img loading=\"lazy\" decoding=\"async\" class=\"size-medium wp-image-18441\" src=\"https:\/\/i2.wp.com\/www.sidwaya.info\/wp-content\/uploads\/2020\/01\/cdp2.gif?resize=300%2C200&#038;ssl=1\" alt=\"\" width=\"300\" height=\"200\" srcset=\"https:\/\/i2.wp.com\/www.sidwaya.info\/wp-content\/uploads\/2020\/01\/cdp2.gif?resize=300%2C200&#038;ssl=1 300w, https:\/\/i2.wp.com\/www.sidwaya.info\/wp-content\/uploads\/2020\/01\/cdp2.gif?resize=696%2C464&#038;ssl=1 696w, https:\/\/i2.wp.com\/www.sidwaya.info\/wp-content\/uploads\/2020\/01\/cdp2.gif?resize=630%2C420&#038;ssl=1 630w\" sizes=\"auto, (max-width: 300px) 100vw, 300px\" data-recalc-dims=\"1\"\/>Les militants du parti ont promis la \u00abvictoire effective\u00bb du CDP aux \u00e9lections<br \/>de 2020.<\/p>\n<p>Mais avant, le secr\u00e9taire g\u00e9n\u00e9ral adjoint du CDP, Issa Gand\u00e9ma, a souhait\u00e9 les v\u0153ux de paix, de sant\u00e9 et de prosp\u00e9rit\u00e9 au pr\u00e9sident Kombo\u00efgo et son \u00e9pouse, \u00e0 sa famille et proches. Il a rappel\u00e9 les acquis du parti en 2019, citant notamment la mise en place de la quasi-totalit\u00e9 des structures du parti (sauf celles du Kadiogo), la tenue r\u00e9guli\u00e8re des sessions et r\u00e9unions des organes du parti, des rencontres circonstanci\u00e9es, la participation du parti aux activit\u00e9s de l\u2019opposition politique et la r\u00e9forme du syst\u00e8me de cartes de militants.<\/p>\n<p>Malgr\u00e9 tout, M. Gandema a relev\u00e9 des d\u00e9fis pour cette ann\u00e9e comme l\u2019adoption d\u2019un guide en mati\u00e8re de communication \u00ab pour plus de visibilit\u00e9 et de discipline interne et externe du parti \u00bb, la finalisation de la r\u00e9habilitation du si\u00e8ge social du parti et son \u00e9quipement, la r\u00e9conciliation \u00ab sinc\u00e8re \u00bb de tous les militants, la d\u00e9signation des candidats du CDP aux \u00e9lections pr\u00e9sidentielle et l\u00e9gislatives, et la participation effective du parti \u00e0 toutes les phases pr\u00e9paratoires du scrutin de 2020.<\/p>\n<p>En retour, Eddie Kombo\u00efgo a pr\u00e9sent\u00e9 ses v\u0153ux de nouvel an aux militants du parti, promettant que les dol\u00e9ances feront l\u2019objet d\u2019une analyse pouss\u00e9e en vue de leur op\u00e9rationnalisation. Sur l\u2019\u00e9tat de sant\u00e9 du g\u00e9n\u00e9ral Djibrill Bassol\u00e9, Eddie Kombo\u00efgo a pr\u00e9cis\u00e9 qu\u2019une d\u00e9l\u00e9gation du CDP lui a rendu visite \u00e0 l\u2019h\u00f4pital de Tengandogo, le dimanche 19 janvier. Sa sant\u00e9 est plus que pr\u00e9occupante. Elle est tr\u00e8s pr\u00e9caire et se d\u00e9t\u00e9riore de jour en jour, d\u2019o\u00f9 un appel au chef de l\u2019Etat pour qu\u2019il use de son pouvoir afin de permettre \u00e0 M. Bassol\u00e9 d\u2019aller se soigner \u00e0 l\u2019\u00e9tranger.<\/p>\n<p class=\"c1\"><strong>Jean-Marie TOE<\/strong><\/p>\n<div class=\"td-a-rec td-a-rec-id-content_bottom tdi_31_eee td_block_template_1\"><img loading=\"lazy\" decoding=\"async\" class=\"aligncenter size-full wp-image-9623\" src=\"https:\/\/www.sidwaya.info\/wp-content\/uploads\/2019\/06\/Projet-bannie%CC%80re-Orange-mobile.jpg\" alt=\"\" width=\"728\" height=\"81\"\/><\/div>\n<p>Auteur: JK. Sidwaya<br \/>\n<a href=\"https:\/\/www.sidwaya.info\/blog\/2020\/01\/21\/congres-pour-la-democratie-et-le-progres-objectif-2020-reconquerir-le-pouvoir-detat\/\">Cliquez ici pour lire l&rsquo;article depuis sa source.<\/a><\/p>\n","protected":false},"excerpt":{"rendered":"<p>Le pr\u00e9sident du CDP, Eddie Kombo\u00efgo a re\u00e7u les meilleurs v\u0153ux 2020 des militants du parti. Les militants et sympathisants du Congr\u00e8s pour la d\u00e9mocratie et le progr\u00e8s (CDP) ont pr\u00e9sent\u00e9 leurs v\u0153ux de nouvel an au pr\u00e9sident du parti, Eddie Kombo\u00efgo, le dimanche 19 janvier 2020 \u00e0 Ouagadougou. L\u2019ann\u00e9e 2019 pourrait avoir emport\u00e9 avec [&hellip;]<\/p>\n","protected":false},"author":1816,"featured_media":0,"comment_status":"closed","ping_status":"closed","sticky":false,"template":"","format":"standard","meta":{"fifu_image_url":"","fifu_image_alt":"","footnotes":""},"categories":[73,81],"tags":[],"class_list":["post-73748","post","type-post","status-publish","format-standard","hentry","category-actualite","category-burkina-faso"],"_links":{"self":[{"href":"https:\/\/linitiative.ca\/International\/wp-json\/wp\/v2\/posts\/73748","targetHints":{"allow":["GET"]}}],"collection":[{"href":"https:\/\/linitiative.ca\/International\/wp-json\/wp\/v2\/posts"}],"about":[{"href":"https:\/\/linitiative.ca\/International\/wp-json\/wp\/v2\/types\/post"}],"author":[{"embeddable":true,"href":"https:\/\/linitiative.ca\/International\/wp-json\/wp\/v2\/users\/1816"}],"replies":[{"embeddable":true,"href":"https:\/\/linitiative.ca\/International\/wp-json\/wp\/v2\/comments?post=73748"}],"version-history":[{"count":0,"href":"https:\/\/linitiative.ca\/International\/wp-json\/wp\/v2\/posts\/73748\/revisions"}],"wp:attachment":[{"href":"https:\/\/linitiative.ca\/International\/wp-json\/wp\/v2\/media?parent=73748"}],"wp:term":[{"taxonomy":"category","embeddable":true,"href":"https:\/\/linitiative.ca\/International\/wp-json\/wp\/v2\/categories?post=73748"},{"taxonomy":"post_tag","embeddable":true,"href":"https:\/\/linitiative.ca\/International\/wp-json\/wp\/v2\/tags?post=73748"}],"curies":[{"name":"wp","href":"https:\/\/api.w.org\/{rel}","templated":true}]}}