{"id":73753,"date":"2020-01-21T16:50:03","date_gmt":"2020-01-21T21:50:03","guid":{"rendered":"https:\/\/linitiative.ca\/International\/sourdes-tensions-au-debut-du-proces-en-destitution-de-trump\/"},"modified":"2020-01-21T16:50:03","modified_gmt":"2020-01-21T21:50:03","slug":"sourdes-tensions-au-debut-du-proces-en-destitution-de-trump","status":"publish","type":"post","link":"https:\/\/linitiative.ca\/International\/sourdes-tensions-au-debut-du-proces-en-destitution-de-trump\/","title":{"rendered":"Sourdes tensions au d\u00e9but du proc\u00e8s en destitution de Trump"},"content":{"rendered":"<div readability=\"32\">\n<p>Publi\u00e9 le 21.01.2020 \u00e0 22h50 par AFP<\/p>\n<\/div>\n<div readability=\"144\">\n<p>\u00ab\u00a0Ses mensonges nous divisent\u00a0\u00bb. En ce mardi glacial, un homme, seul, brandit une pancarte devant le Congr\u00e8s am\u00e9ricain, o\u00f9 les s\u00e9nateurs s\u2019appr\u00eatent \u00e0 entamer le proc\u00e8s historique en destitution de Donald Trump.<\/p>\n<p>Dans l\u2019enceinte du Capitole, le slogan prend tout son sens, \u00e9lus et touristes affichant des lectures diam\u00e9tralement oppos\u00e9es des poursuites intent\u00e9es contre le pr\u00e9sident des Etats-Unis.<\/p>\n<p>Un de ses partisans, qui avait planifi\u00e9 sa visite sans conna\u00eetre le calendrier des d\u00e9bats, refuse de parler d\u2019un jour historique. C\u2019est \u00ab\u00a0une mascarade! Heureusement, \u00e7a ne devrait pas tra\u00eener\u00a0\u00bb, glisse-t-il sans donner son nom.<\/p>\n<p>Tim Boyer n\u2019avait pas davantage pr\u00e9vu de d\u00e9couvrir l\u2019imposant Capitole en ce jour \u00ab\u00a0particulier\u00a0\u00bb. \u00ab\u00a0Je ne m\u2019attends pas \u00e0 un proc\u00e8s \u00e9quitable, mais j\u2019esp\u00e8re que les s\u00e9nateurs feront ce qu\u2019ils ont \u00e0 faire\u2026\u00a0\u00bb<\/p>\n<p>A la mi-journ\u00e9e, les cent \u00e9lus de la chambre haute, qui ont jur\u00e9 la semaine derni\u00e8re de juger le pr\u00e9sident \u00ab\u00a0avec impartialit\u00e9\u00a0\u00bb, ont converg\u00e9 vers l\u2019h\u00e9micycle bleu et or o\u00f9 le proc\u00e8s doit se d\u00e9rouler.<\/p>\n<p>Interpell\u00e9e par l\u2019AFP, la s\u00e9natrice r\u00e9publicaine Shelley Moore Capito admet qu\u2019il y a des tensions dans l\u2019air: \u00ab\u00a0c\u2019est une affaire grave!\u00a0\u00bb.<\/p>\n<p>Contrairement aux sessions habituelles, les \u00e9lus ont \u00e9t\u00e9 somm\u00e9s d\u2019abandonner leurs t\u00e9l\u00e9phones et ordinateurs portables. \u00ab\u00a0Je vais peut-\u00eatre souffrir d\u2019un petit manque au d\u00e9but, mais \u00e7a devrait aller\u00a0\u00bb, plaisante-t-elle, en se disant pr\u00eate \u00e0 tenir \u00ab\u00a0le temps qu\u2019il faudra\u00a0\u00bb.<\/p>\n<p>Dans l\u2019h\u00e9micycle, les s\u00e9nateurs \u00e9changent des poign\u00e9es de main. Leur ballet dessine clairement deux camps: les r\u00e9publicains saluent les d\u00e9fenseurs du pr\u00e9sident, install\u00e9s \u00e0 une table en demi-cercle qui leur fait face; dans l\u2019autre moiti\u00e9 de la salle, les d\u00e9mocrates \u00e9changent avec leurs confr\u00e8res de la Chambre des repr\u00e9sentants venus porter l\u2019accusation contre Donald Trump.<\/p>\n<p>Peu d\u2019\u00e9lus franchissent la trav\u00e9e centrale pour saluer un membre de l\u2019autre camp.<\/p>\n<p>\u2013 \u00ab\u00a0Fier\u00a0\u00bb de d\u00e9fendre Trump \u2013<\/p>\n<p>Trois petits coups de marteau, donn\u00e9s par le pr\u00e9sident de la Cour supr\u00eame des Etats-Unis John Roberts, charg\u00e9 de pr\u00e9sider les d\u00e9bats, r\u00e9sonnent. Un haut grad\u00e9 charg\u00e9 du protocole appelle \u00e0 garder le silence \u00ab\u00a0sous peine d\u2019emprisonnement\u00a0\u00bb.<\/p>\n<p>Les s\u00e9nateurs se figent sur leur si\u00e8ge, la plupart stylo en main pour prendre des notes.<\/p>\n<p>Au balcon, le public continue d\u2019arriver au compte-gouttes, ralenti par les contr\u00f4les de s\u00e9curit\u00e9 renforc\u00e9s pour cette journ\u00e9e historique.<\/p>\n<p>Avec le ton monocorde qui le caract\u00e9rise, Mitch McConnell, le leader de la majorit\u00e9 r\u00e9publicaine, prend bri\u00e8vement la parole pour pr\u00e9ciser que la s\u00e9ance servira \u00e0 fixer les r\u00e8gles du jeu du proc\u00e8s.<\/p>\n<p>Pat Cipollone, l\u2019avocat de la Maison Blanche, s\u2019approche du micro. Cet homme discret, pas plus habitu\u00e9 aux pr\u00e9toires qu\u2019aux cam\u00e9ras, se dit \u00ab\u00a0fier\u00a0\u00bb de repr\u00e9senter Donald Trump.<\/p>\n<p>\u00ab\u00a0Il est temps que ce proc\u00e8s commence\u00a0\u00bb, les d\u00e9bats vont d\u00e9montrer que \u00ab\u00a0le pr\u00e9sident n\u2019a rien fait de mal\u00a0\u00bb, ass\u00e8ne-t-il d\u2019embl\u00e9e, sans s\u2019\u00e9tendre plus avant.<\/p>\n<p>Le d\u00e9mocrate Adam Schiff se fait lui lyrique pour enjoindre aux s\u00e9nateurs de respecter leur serment d\u2019impartialit\u00e9. \u00ab\u00a0Nous pensons que le pr\u00e9sident m\u00e9rite d\u2019\u00eatre destitu\u00e9\u00a0\u00bb parce qu\u2019il a demand\u00e9 \u00e0 l\u2019Ukraine d\u2019enqu\u00eater sur un de ses rivaux, argumente-t-il.<\/p>\n<p>Mais \u00ab\u00a0la plus importante question aujourd\u2019hui est de savoir si le pr\u00e9sident et les Am\u00e9ricains verront un proc\u00e8s \u00e9quitable\u00a0\u00bb, lance-t-il.<\/p>\n<p>Son but? Convaincre quatre des 53 s\u00e9nateurs r\u00e9publicains de faire d\u00e9fection et de voter avec les 47 s\u00e9nateurs d\u00e9mocrates pour obtenir de nouveaux documents et t\u00e9moins. Sinon \u00ab\u00a0ce sera une parodie de proc\u00e8s\u00a0\u00bb, met-il en garde.<\/p>\n<p>Face \u00e0 lui, les mains crois\u00e9es sur le ventre, Mitch McConnell ne bouge pas d\u2019un iota. Le strat\u00e8ge assure avoir les voix n\u00e9cessaires pour faire adopter une r\u00e9solution qui devrait permettre de mener le proc\u00e8s au pas de charge et d\u2019acquitter le pr\u00e9sident au plus vite, peut-\u00eatre d\u2019ici deux semaines.<\/p>\n<\/div>\n<p>Auteur: AFP<br \/>\n<a href=\"https:\/\/www.journalducameroun.com\/sourdes-tensions-au-debut-du-proces-en-destitution-de-trump\/\">Cliquez ici pour lire l&rsquo;article depuis sa source.<\/a><\/p>\n","protected":false},"excerpt":{"rendered":"<p>Publi\u00e9 le 21.01.2020 \u00e0 22h50 par AFP \u00ab\u00a0Ses mensonges nous divisent\u00a0\u00bb. En ce mardi glacial, un homme, seul, brandit une pancarte devant le Congr\u00e8s am\u00e9ricain, o\u00f9 les s\u00e9nateurs s\u2019appr\u00eatent \u00e0 entamer le proc\u00e8s historique en destitution de Donald Trump. Dans l\u2019enceinte du Capitole, le slogan prend tout son sens, \u00e9lus et touristes affichant des lectures [&hellip;]<\/p>\n","protected":false},"author":1965,"featured_media":0,"comment_status":"closed","ping_status":"closed","sticky":false,"template":"","format":"standard","meta":{"fifu_image_url":"","fifu_image_alt":"","footnotes":""},"categories":[73,82],"tags":[],"class_list":["post-73753","post","type-post","status-publish","format-standard","hentry","category-actualite","category-cameroun"],"_links":{"self":[{"href":"https:\/\/linitiative.ca\/International\/wp-json\/wp\/v2\/posts\/73753","targetHints":{"allow":["GET"]}}],"collection":[{"href":"https:\/\/linitiative.ca\/International\/wp-json\/wp\/v2\/posts"}],"about":[{"href":"https:\/\/linitiative.ca\/International\/wp-json\/wp\/v2\/types\/post"}],"author":[{"embeddable":true,"href":"https:\/\/linitiative.ca\/International\/wp-json\/wp\/v2\/users\/1965"}],"replies":[{"embeddable":true,"href":"https:\/\/linitiative.ca\/International\/wp-json\/wp\/v2\/comments?post=73753"}],"version-history":[{"count":0,"href":"https:\/\/linitiative.ca\/International\/wp-json\/wp\/v2\/posts\/73753\/revisions"}],"wp:attachment":[{"href":"https:\/\/linitiative.ca\/International\/wp-json\/wp\/v2\/media?parent=73753"}],"wp:term":[{"taxonomy":"category","embeddable":true,"href":"https:\/\/linitiative.ca\/International\/wp-json\/wp\/v2\/categories?post=73753"},{"taxonomy":"post_tag","embeddable":true,"href":"https:\/\/linitiative.ca\/International\/wp-json\/wp\/v2\/tags?post=73753"}],"curies":[{"name":"wp","href":"https:\/\/api.w.org\/{rel}","templated":true}]}}