{"id":73754,"date":"2020-01-21T16:50:05","date_gmt":"2020-01-21T21:50:05","guid":{"rendered":"https:\/\/linitiative.ca\/International\/liban-hassan-diab-un-premier-ministre-autoproclame-technocrate\/"},"modified":"2020-01-21T16:50:05","modified_gmt":"2020-01-21T21:50:05","slug":"liban-hassan-diab-un-premier-ministre-autoproclame-technocrate","status":"publish","type":"post","link":"https:\/\/linitiative.ca\/International\/liban-hassan-diab-un-premier-ministre-autoproclame-technocrate\/","title":{"rendered":"Liban: Hassan Diab, un Premier ministre autoproclam\u00e9 \u00ab\u00a0technocrate\u00a0\u00bb"},"content":{"rendered":"<p>Hassan Diab, \u00e0 la t\u00eate du nouveau gouvernement libanais, est un universitaire et ancien ministre de l\u2019Education qui clame son ind\u00e9pendance et s\u2019est autoproclam\u00e9 \u00ab\u00a0technocrate\u00a0\u00bb, en \u00e9cho aux revendications de la rue.<\/p>\n<p>Peu connu du grand public, cet enseignant en ing\u00e9nierie de 61 ans \u00e0 l\u2019Universit\u00e9 am\u00e9ricaine de Beyrouth (AUB) va prendre la succession de Saad Hariri, apr\u00e8s plusieurs mois d\u2019intenses tergiversations.<\/p>\n<p>Sa d\u00e9signation intervient plus de trois mois apr\u00e8s le d\u00e9but d\u2019un mouvement populaire de contestation dans un contexte de crise \u00e9conomique sans pr\u00e9c\u00e9dent depuis la fin de la guerre civile (1975-1990).<\/p>\n<p>Il a \u00e9t\u00e9 pouss\u00e9 au poste de Premier ministre, r\u00e9serv\u00e9 \u00e0 un sunnite, avec le soutien des mouvements chiites Hezbollah et Amal, ainsi que celui du Courant patriotique libre (CPL), la formation du pr\u00e9sident Michel Aoun, un chr\u00e9tien.<\/p>\n<p>Mais le principal bloc sunnite et ses alli\u00e9s chr\u00e9tiens n\u2019ont pas apport\u00e9 leur soutien \u00e0 ce sexag\u00e9naire n\u00e9 \u00e0 Beyrouth, compliquant encore plus la t\u00e2che que repr\u00e9sente la formation d\u2019un gouvernement dans ce pays multiconfessionnel.<\/p>\n<p>L\u2019annonce de sa nomination, le 19 d\u00e9cembre, avait \u00e9t\u00e9 accueillie avec beaucoup de scepticisme par les contestataires.<\/p>\n<p>Au Liban, o\u00f9 la classe politique est rest\u00e9e quasi inchang\u00e9e depuis des d\u00e9cennies, il lui aura fallu plus d\u2019un mois pour former son \u00e9quipe de 20 ministres. Le pays r\u00e9gi par un syst\u00e8me politique qui doit assurer un \u00e9quilibre entre les communaut\u00e9s est habitu\u00e9 aux marchandages et tractations politiques interminables.<\/p>\n<p>\u2013 Carri\u00e8re acad\u00e9mique \u2013<\/p>\n<p>Rest\u00e9 \u00e0 l\u2019\u00e9cart des projecteurs depuis son d\u00e9part du poste de ministre de l\u2019Education en 2014, il s\u2019est engag\u00e9 apr\u00e8s sa nommination \u00e0 former un gouvernement de \u00ab\u00a0technocrates ind\u00e9pendants\u00a0\u00bb.<\/p>\n<p>Hassan Diab n\u2019est membre av\u00e9r\u00e9 d\u2019aucun parti politique et ne soutient pas de groupe en particulier. Sur son site internet, il se pr\u00e9sente comme \u00ab\u00a0l\u2019un des rares ministres technocrates depuis l\u2019ind\u00e9pendance\u00a0\u00bb.<\/p>\n<p>P\u00e8re de trois enfants, Hassan Diab a obtenu en 1985 un doctorat en g\u00e9nie informatique \u00e0 l\u2019Universit\u00e9 de Bath, au Royaume-Uni.<\/p>\n<p>Il est professeur en g\u00e9nie informatique et en ing\u00e9nierie \u00e9lectrique \u00e0 l\u2019Universit\u00e9 am\u00e9ricaine de Beyrouth, o\u00f9 il a occup\u00e9 plusieurs postes \u2013tant dans l\u2019enseignement que dans l\u2019administratif\u2013, dont celui de vice-pr\u00e9sident, depuis qu\u2019il y est entr\u00e9 en tant que professeur assistant \u00e0 l\u2019\u00e2ge de 26 ans.<\/p>\n<p>D\u00e9fenseur d\u2019une r\u00e9forme du syst\u00e8me \u00e9ducatif au Liban, il a sign\u00e9 plusieurs ouvrages et articles universitaires sur le sujet.<\/p>\n<p>\u00ab\u00a0Je suis s\u00fbr que la solution \u00e0 la plupart des d\u00e9fis \u00e9conomiques, sociaux, financiers ou encore li\u00e9s au ch\u00f4mage, repose sur l\u2019\u00e9ducation sous toutes ses formes\u00a0\u00bb, \u00e9crit-il sur son site Internet.<\/p>\n<p>Il fut ministre de l\u2019Education de 2011 \u00e0 2014, br\u00e8ve exp\u00e9rience dans la politique dans un contexte de forte polarisation politique, au sein d\u2019un gouvernement domin\u00e9 par le Hezbollah et ses alli\u00e9s apr\u00e8s l\u2019effondrement d\u2019une coalition gouvernementale d\u00e9j\u00e0 dirig\u00e9e \u00e0 l\u2019\u00e9poque par M. Hariri.<\/p>\n<p>Selon des observateurs, l\u2019histoire pourrait se r\u00e9p\u00e9ter.<\/p>\n<p>\u2013 Mouvement \u00ab\u00a0historique\u00a0\u00bb \u2013<\/p>\n<p>\u00ab\u00a0Le prochain gouvernement sera domin\u00e9 par le Hezbollah (et ses alli\u00e9s) sans couverture politique pour Hariri et les sunnites\u00a0\u00bb, pronostiquait d\u00e9j\u00e0 en d\u00e9cembre Imad Salamey, chercheur en sciences politiques \u00e0 l\u2019Universit\u00e9 libanaise am\u00e9ricaine (LAU).<\/p>\n<p>Tout comme il \u00e9tait arriv\u00e9 \u00e0 la t\u00eate du minist\u00e8re de l\u2019Education, M. Diab a acc\u00e9d\u00e9 au poste de Premier ministre apr\u00e8s le retrait de Saad Hariri.<\/p>\n<p>M. Hariri \u00e9tait vu comme le candidat le plus probable \u00e0 la t\u00eate d\u2019un gouvernement de technocrates. Mais \u00e0 plusieurs reprises il a dit renoncer au poste, face \u00e0 l\u2019opposition de ses rivaux politiques \u00e0 un tel cabinet, selon lui.<\/p>\n<p>Il avait d\u00e9missionn\u00e9 le 29 octobre, pr\u00e8s de deux semaines apr\u00e8s le d\u00e9but du mouvement de contestation contre l\u2019ensemble de la classe dirigeante.<\/p>\n<p>Trois jours apr\u00e8s le d\u00e9but de cette contestation, M. Diab avait lui qualifi\u00e9 le mouvement d&rsquo;\u00a0\u00bbhistorique\u00a0\u00bb, \u00e9crivant sur les r\u00e9seaux sociaux que \u00ab\u00a0le peuple libanais\u00a0\u00bb s\u2019\u00e9tait \u00ab\u00a0uni pour d\u00e9fendre ses droits \u00e0 une vie libre et digne\u00a0\u00bb.<\/p>\n<p>Mais des manifestants l\u2019ont critiqu\u00e9 pour avoir pr\u00e9c\u00e9demment particip\u00e9 \u00e0 ce qu\u2019ils consid\u00e8rent comme un gouvernement incomp\u00e9tent et corrompu. D\u2019autres, sur les r\u00e9seaux sociaux, ont attaqu\u00e9 un livre vantant ses m\u00e9rites et son bilan de ministre, publi\u00e9 par le minist\u00e8re de l\u2019Education apr\u00e8s son d\u00e9part.<\/p>\n<p>Interrog\u00e9e par l\u2019AFP, Samar Hamdan, une voisine depuis 15 ans, dit n\u2019avoir \u00ab\u00a0vu que des bonnes choses venant de lui\u00a0\u00bb.<\/p>\n<p>\u00ab\u00a0C\u2019est un \u00e9minent universitaire (\u2026) qui est rest\u00e9 humble en devenant ministre\u00a0\u00bb, a-t-elle affirm\u00e9.<\/p>\n<p>Auteur: AFP<br \/>\n<a href=\"https:\/\/www.journalducameroun.com\/liban-hassan-diab-un-premier-ministre-autoproclame-technocrate\/\">Cliquez ici pour lire l&rsquo;article depuis sa source.<\/a><\/p>\n","protected":false},"excerpt":{"rendered":"<p>Hassan Diab, \u00e0 la t\u00eate du nouveau gouvernement libanais, est un universitaire et ancien ministre de l\u2019Education qui clame son ind\u00e9pendance et s\u2019est autoproclam\u00e9 \u00ab\u00a0technocrate\u00a0\u00bb, en \u00e9cho aux revendications de la rue. Peu connu du grand public, cet enseignant en ing\u00e9nierie de 61 ans \u00e0 l\u2019Universit\u00e9 am\u00e9ricaine de Beyrouth (AUB) va prendre la succession de [&hellip;]<\/p>\n","protected":false},"author":1965,"featured_media":0,"comment_status":"closed","ping_status":"closed","sticky":false,"template":"","format":"standard","meta":{"fifu_image_url":"","fifu_image_alt":"","footnotes":""},"categories":[73,82],"tags":[],"class_list":["post-73754","post","type-post","status-publish","format-standard","hentry","category-actualite","category-cameroun"],"_links":{"self":[{"href":"https:\/\/linitiative.ca\/International\/wp-json\/wp\/v2\/posts\/73754","targetHints":{"allow":["GET"]}}],"collection":[{"href":"https:\/\/linitiative.ca\/International\/wp-json\/wp\/v2\/posts"}],"about":[{"href":"https:\/\/linitiative.ca\/International\/wp-json\/wp\/v2\/types\/post"}],"author":[{"embeddable":true,"href":"https:\/\/linitiative.ca\/International\/wp-json\/wp\/v2\/users\/1965"}],"replies":[{"embeddable":true,"href":"https:\/\/linitiative.ca\/International\/wp-json\/wp\/v2\/comments?post=73754"}],"version-history":[{"count":0,"href":"https:\/\/linitiative.ca\/International\/wp-json\/wp\/v2\/posts\/73754\/revisions"}],"wp:attachment":[{"href":"https:\/\/linitiative.ca\/International\/wp-json\/wp\/v2\/media?parent=73754"}],"wp:term":[{"taxonomy":"category","embeddable":true,"href":"https:\/\/linitiative.ca\/International\/wp-json\/wp\/v2\/categories?post=73754"},{"taxonomy":"post_tag","embeddable":true,"href":"https:\/\/linitiative.ca\/International\/wp-json\/wp\/v2\/tags?post=73754"}],"curies":[{"name":"wp","href":"https:\/\/api.w.org\/{rel}","templated":true}]}}