{"id":73755,"date":"2020-01-21T16:50:06","date_gmt":"2020-01-21T21:50:06","guid":{"rendered":"https:\/\/linitiative.ca\/International\/le-liban-en-crise-se-dote-dun-nouveau-gouvernement\/"},"modified":"2020-01-21T16:50:06","modified_gmt":"2020-01-21T21:50:06","slug":"le-liban-en-crise-se-dote-dun-nouveau-gouvernement","status":"publish","type":"post","link":"https:\/\/linitiative.ca\/International\/le-liban-en-crise-se-dote-dun-nouveau-gouvernement\/","title":{"rendered":"Le Liban en crise se dote d\u2019un nouveau gouvernement"},"content":{"rendered":"<p>Le Liban s\u2019est finalement dot\u00e9 mardi d\u2019un nouveau gouvernement qui aura la lourde t\u00e2che de relancer une \u00e9conomie en chute libre et de convaincre les manifestants qui fustigent la classe politique.<\/p>\n<p>Pr\u00e8s de trois mois apr\u00e8s la d\u00e9mission de Saad Hariri et plus d\u2019un mois apr\u00e8s la nomination du nouveau Premier ministre Hassan Diab, soutenu par le mouvement chiite Hezbollah, un gouvernement compos\u00e9 de 20 ministres a \u00e9t\u00e9 d\u00e9voil\u00e9 au Palais pr\u00e9sidentiel de Baabda.<\/p>\n<p>Le Premier ministre, un universitaire de 61 ans, a promis que son gouvernement ferait tout son possible pour r\u00e9pondre aux revendications du mouvement de contestation qui agite le pays depuis le 17 octobre, r\u00e9clamant une refonte du syst\u00e8me politique et la d\u00e9mission d\u2019une classe politique accus\u00e9e d\u2019incomp\u00e9tence et de corruption.<\/p>\n<p>\u00ab\u00a0C\u2019est un gouvernement qui exprime les aspirations des manifestants dans tout le pays, mobilis\u00e9s depuis plus de trois mois, qui travaillera \u00e0 r\u00e9pondre \u00e0 leur revendications: ind\u00e9pendance de la justice, recouvrement des fonds d\u00e9tourn\u00e9s, lutte contre l\u2019enrichissement ill\u00e9gal\u00a0\u00bb, a-t-il d\u00e9clar\u00e9 peu apr\u00e8s l\u2019annonce de la formation de son cabinet.<\/p>\n<p>Hassan Diab s\u2019\u00e9tait engag\u00e9 \u00e0 nommer un gouvernement de \u00ab\u00a0technocrates ind\u00e9pendants\u00a0\u00bb r\u00e9pondant aux aspirations de la rue.<\/p>\n<p>Parmi les nouveaux ministres figurent des acad\u00e9miciens, \u00e0 l\u2019instar de l\u2019\u00e9conomiste Ghazi Wazni, qui obtient les Finances, ou encore des hauts fonctionnaires.<\/p>\n<p>Dans son discours, Hassan Diab a cit\u00e9 \u00ab\u00a0l\u2019ind\u00e9pendance de la justice\u00a0\u00bb, \u00ab\u00a0la lutte contre l\u2019enrichissement ill\u00e9gal\u00a0\u00bb mais aussi \u00ab\u00a0la lutte contre le ch\u00f4mage\u00a0\u00bb.<\/p>\n<p>\u2013 \u00ab\u00a0Se moquer du peuple\u00a0\u00bb \u2013<\/p>\n<p>Avant m\u00eame l\u2019annonce, environ 200 manifestants se sont rassembl\u00e9s \u00e0 Beyrouth pr\u00e8s du Parlement, bloquant une art\u00e8re principale, a constat\u00e9 un correspondant de l\u2019AFP.<\/p>\n<p>\u00ab\u00a0Nous voulons un nouveau Liban, un Liban sans corrompu\u00a0\u00bb, s\u2019indignait un manifestant, Charbel Kahi, alors que retentissaient derri\u00e8re lui des roulements de tambours.<\/p>\n<p>\u00ab\u00a0Qu\u2019ils ne viennent pas se moquer du peuple libanais, en formant un gouvernement. Ca fait deux mois qu\u2019on attend, ils \u00e9taient en train de se partager les parts\u00a0\u00bb, lance cet agriculteur de 37 ans, contenant \u00e0 peine sa col\u00e8re.<\/p>\n<p>La tension est mont\u00e9e d\u2019un cran ces derniers jours, avec des affrontements d\u2019une violence sans pr\u00e9c\u00e9dent durant le week-end entre contestataires et forces de l\u2019ordre, qui ont fait plus de 500 bless\u00e9s \u00e0 Beyrouth.<\/p>\n<p>La nouvelle \u00e9quipe a \u00e9t\u00e9 form\u00e9e par un seul camp politique, celui du puissant mouvement chiite pro-iranien du Hezbollah et ses alli\u00e9s. Elle doit encore obtenir un vote de confiance du Parlement.<\/p>\n<p>Pourtant, m\u00eame entre ces alli\u00e9s, il aura fallu d\u2019intenses tractations et des marchandages politiques sans fin pour r\u00e9partir les portefeuilles.<\/p>\n<p>Au c\u00f4t\u00e9 du Hezbollah, on compte notamment la formation chiite Amal, ainsi que le Courant patriotique libre (CPL), fond\u00e9 par le pr\u00e9sident Michel Aoun.<\/p>\n<p>Avant m\u00eame l\u2019annonce de mardi, le politologue Hilal Khashan estimait qu\u2019un gouvernement \u00ab\u00a0compos\u00e9 exclusivement de technocrates\u00a0\u00bb \u00e9tait un \u00ab\u00a0voeu pieux\u00a0\u00bb.<\/p>\n<p>\u2013 \u00ab\u00a0T\u00e2che hercul\u00e9enne\u00a0\u00bb \u2013<\/p>\n<p>Pour la nouvelle \u00e9quipe, les d\u00e9fis sont multiples, en particulier sur le plan \u00e9conomique, dans un pays qui croule sous une dette avoisinant les 90 milliards de dollars (81 milliards d\u2019euros), soit plus de 150% de son Produit Int\u00e9rieur Brut.<\/p>\n<p>Il faudra des r\u00e9formes structurelles, attendues notamment pour d\u00e9bloquer des milliards de dollars d\u2019aide et de dons promis par la communaut\u00e9 internationale.<\/p>\n<p>Les contestataires fustigent des autorit\u00e9s incapables de fournir des services publics de base, alors que, 30 ans apr\u00e8s la fin de la guerre civile (1975-90), les Libanais vivent au quotidien avec des coupures d\u2019\u00e9lectricit\u00e9, un r\u00e9seau m\u00e9diocre d\u2019eau courante et une gestion calamiteuse des d\u00e9chets.<\/p>\n<p>La Banque mondiale a averti en novembre que le taux de pauvret\u00e9 pourrait en arriver \u00e0 englober 50% de la population, contre le tiers \u00e0 l\u2019heure actuelle.<\/p>\n<p>Le gouvernement devra \u00e9galement se pencher sur la d\u00e9pr\u00e9ciation de la livre libanaise, qui a perdu plus d\u2019un tiers de sa valeur face au dollar dans les bureaux de change.<\/p>\n<p>La t\u00e2che qui attend le gouvernement \u00ab\u00a0durant cette grave p\u00e9riode est hercul\u00e9enne\u00a0\u00bb, confirme Karim Mufti, chercheur en Sciences politiques.<\/p>\n<p>\u00ab\u00a0Au vu de la nature multidimensionnelle de la crise, il semble difficile d\u2019envisager des solutions \u00e0 court terme aux probl\u00e8mes financiers, \u00e9conomiques et sociaux du pays\u00a0\u00bb, dit-il.<\/p>\n<p>Plusieurs partis de premier plan ont refus\u00e9 de prendre part \u00e0 la formation du gouvernement, notamment le mouvement du Futur de M. Hariri, les Forces libanaises de Samir Geagea et la formation du chef druze Walid Jumblatt.<\/p>\n<p>Auteur: AFP<br \/>\n<a href=\"https:\/\/www.journalducameroun.com\/le-liban-en-crise-se-dote-dun-nouveau-gouvernement\/\">Cliquez ici pour lire l&rsquo;article depuis sa source.<\/a><\/p>\n","protected":false},"excerpt":{"rendered":"<p>Le Liban s\u2019est finalement dot\u00e9 mardi d\u2019un nouveau gouvernement qui aura la lourde t\u00e2che de relancer une \u00e9conomie en chute libre et de convaincre les manifestants qui fustigent la classe politique. Pr\u00e8s de trois mois apr\u00e8s la d\u00e9mission de Saad Hariri et plus d\u2019un mois apr\u00e8s la nomination du nouveau Premier ministre Hassan Diab, soutenu [&hellip;]<\/p>\n","protected":false},"author":1965,"featured_media":0,"comment_status":"closed","ping_status":"closed","sticky":false,"template":"","format":"standard","meta":{"fifu_image_url":"","fifu_image_alt":"","footnotes":""},"categories":[73,82],"tags":[],"class_list":["post-73755","post","type-post","status-publish","format-standard","hentry","category-actualite","category-cameroun"],"_links":{"self":[{"href":"https:\/\/linitiative.ca\/International\/wp-json\/wp\/v2\/posts\/73755","targetHints":{"allow":["GET"]}}],"collection":[{"href":"https:\/\/linitiative.ca\/International\/wp-json\/wp\/v2\/posts"}],"about":[{"href":"https:\/\/linitiative.ca\/International\/wp-json\/wp\/v2\/types\/post"}],"author":[{"embeddable":true,"href":"https:\/\/linitiative.ca\/International\/wp-json\/wp\/v2\/users\/1965"}],"replies":[{"embeddable":true,"href":"https:\/\/linitiative.ca\/International\/wp-json\/wp\/v2\/comments?post=73755"}],"version-history":[{"count":0,"href":"https:\/\/linitiative.ca\/International\/wp-json\/wp\/v2\/posts\/73755\/revisions"}],"wp:attachment":[{"href":"https:\/\/linitiative.ca\/International\/wp-json\/wp\/v2\/media?parent=73755"}],"wp:term":[{"taxonomy":"category","embeddable":true,"href":"https:\/\/linitiative.ca\/International\/wp-json\/wp\/v2\/categories?post=73755"},{"taxonomy":"post_tag","embeddable":true,"href":"https:\/\/linitiative.ca\/International\/wp-json\/wp\/v2\/tags?post=73755"}],"curies":[{"name":"wp","href":"https:\/\/api.w.org\/{rel}","templated":true}]}}