{"id":73756,"date":"2020-01-21T17:50:03","date_gmt":"2020-01-21T22:50:03","guid":{"rendered":"https:\/\/linitiative.ca\/International\/colombie-reprise-des-manifestations-affrontements-avec-les-forces-de-lordre\/"},"modified":"2020-01-21T17:50:03","modified_gmt":"2020-01-21T22:50:03","slug":"colombie-reprise-des-manifestations-affrontements-avec-les-forces-de-lordre","status":"publish","type":"post","link":"https:\/\/linitiative.ca\/International\/colombie-reprise-des-manifestations-affrontements-avec-les-forces-de-lordre\/","title":{"rendered":"Colombie: reprise des manifestations, affrontements avec les forces de l\u2019ordre"},"content":{"rendered":"<div readability=\"32\">\n<p>Publi\u00e9 le 21.01.2020 \u00e0 23h50 par AFP<\/p>\n<\/div>\n<div readability=\"128\">\n<p>La mobilisation contre le gouvernement du pr\u00e9sident Ivan Duque a repris mardi en Colombie avec des marches et des blocages routiers notamment \u00e0 Bogota, o\u00f9 des affrontements violents se sont sold\u00e9s par au moins quatre bless\u00e9s et plusieurs arrestations.<\/p>\n<p>Ce mouvement, assorti d\u2019un \u00ab\u00a0cacerolazo\u00a0\u00bb national ou concert de casseroles en fin de journ\u00e9e comme lors des manifestations de novembre et d\u00e9cembre, a affect\u00e9 la circulation automobile dans plusieurs secteurs de la capitale.<\/p>\n<p>La police a fait usage de gaz lacrymog\u00e8nes et de canons \u00e0 eau contre des personnes cagoul\u00e9es, qui lan\u00e7aient des pierres et ont caus\u00e9 des d\u00e9g\u00e2ts, selon des images t\u00e9l\u00e9vis\u00e9es.<\/p>\n<p>La mairie de Bogota a fait \u00e9tat sur Twitter de 18 \u00ab\u00a0manifestations pacifiques\u00a0\u00bb et de deux points, dans le nord-ouest et le sud de la ville, o\u00f9 les forces de l\u2019ordre sont intervenues contre \u00ab\u00a0des individus cagoul\u00e9s violents\u00a0\u00bb.<\/p>\n<p>Dans le centre de la capitale, Flor Calderon, 60 ans, s\u2019est interpos\u00e9e entre les manifestants et les policiers de l\u2019Escadron mobile anti-\u00e9meutes (Esmad) qui bloquaient le cort\u00e8ge.<\/p>\n<p>\u00ab\u00a0Ceci est une lutte pour vous et les enfants de vos enfants parce que le pays va tr\u00e8s mal\u00a0\u00bb, a-t-elle lanc\u00e9 aux forces de l\u2019ordre, en brandissant un drapeau blanc et en leur demandant de laisser passer la manifestation.<\/p>\n<p>Cette femme a expliqu\u00e9 \u00e0 l\u2019AFP qu\u2019elle \u00e9tait descendue \u00e0 nouveau dans la rue pour protester contre le \u00ab\u00a0massacre\u00a0\u00bb des leaders communautaires. En outre \u00ab\u00a0l\u2019\u00e9ducation est tr\u00e8s mauvaise, la sant\u00e9 est tr\u00e8s mauvaise, donc c\u2019est pour \u00e7a que j\u2019accompagne ces jeunes\u00a0\u00bb, a-t-elle ajout\u00e9.<\/p>\n<p>Au moins trois policiers et un manifestant ont \u00e9t\u00e9 bless\u00e9s dans la capitale, selon des sources officielles et des journalistes de l\u2019AFP. Des affrontements avec les forces de l\u2019ordre ont \u00e9galement \u00e9maill\u00e9 des manifestations dans les villes de Medellin et Cali, deuxi\u00e8me et troisi\u00e8me du pays.<\/p>\n<p>La maire de Bogota, Claudia Lopez, en fonction depuis le 1er janvier, a \u00e9tabli un protocole contre la violence pendant les manifestations, qui pr\u00e9voit une instance de dialogue avant un usage progressif de la force publique.<\/p>\n<p>La mobilisation reprend \u00e0 l\u2019issue des vacances, apr\u00e8s une fin d\u2019ann\u00e9e marqu\u00e9e par de multiples manifestations exigeant un changement de cap du gouvernement de droite, au pouvoir depuis ao\u00fbt 2018.<\/p>\n<p>Outre la mise en cause de la politique \u00e9conomique du pr\u00e9sident Ivan Duque, le mouvement, lanc\u00e9 le 21 novembre, d\u00e9nonce la spirale de violence visant leaders communautaires et d\u00e9fenseurs des droits humains depuis l\u2019accord de paix de 2016 avec l\u2019ex-gu\u00e9rilla marxiste des Farc, transform\u00e9e en parti politique.<\/p>\n<p>Selon l\u2019ONU, au moins 107 de ces militants ont \u00e9t\u00e9 tu\u00e9s en 2019, la majorit\u00e9 dans des r\u00e9gions o\u00f9 op\u00e8rent des groupes arm\u00e9s impliqu\u00e9s dans le trafic de drogues.<\/p>\n<p>Les Nations unies ont en outre alert\u00e9 sur les assassinats de 173 ex-gu\u00e9rilleros qui ont d\u00e9pos\u00e9 les armes.<\/p>\n<p>\u00ab\u00a0Personne ne peut payer de sa vie le fait de d\u00e9fendre une opinion politique ou une cause sociale, et c\u2019est pour cela que nous consid\u00e9rons cela comme tr\u00e8s important parmi nos revendications\u00a0\u00bb, a d\u00e9clar\u00e9 \u00e0 la presse une dirigeante universitaire, Jennifer Pedraza.<\/p>\n<p>Le pr\u00e9sident Duque a lanc\u00e9 une \u00ab\u00a0conversation nationale\u00a0\u00bb avec diff\u00e9rents secteurs sociaux pour tenter d\u2019enrayer le mouvement, mais ses leaders exigent une n\u00e9gociation directe.<\/p>\n<p>Rejetant la \u00ab\u00a0violence\u00a0\u00bb contre les forces de l\u2019ordre, le chef de l\u2019Etat, qui p\u00e2tit de 70% d\u2019opinions d\u00e9favorables dans les sondages, a estim\u00e9 que \u00ab\u00a0ces agressions obligent \u00e0 des arrestations et des sanctions exemplaires\u00a0\u00bb.<\/p>\n<\/div>\n<p>Auteur: AFP<br \/>\n<a href=\"https:\/\/www.journalducameroun.com\/colombie-reprise-des-manifestations-affrontements-avec-les-forces-de-lordre\/\">Cliquez ici pour lire l&rsquo;article depuis sa source.<\/a><\/p>\n","protected":false},"excerpt":{"rendered":"<p>Publi\u00e9 le 21.01.2020 \u00e0 23h50 par AFP La mobilisation contre le gouvernement du pr\u00e9sident Ivan Duque a repris mardi en Colombie avec des marches et des blocages routiers notamment \u00e0 Bogota, o\u00f9 des affrontements violents se sont sold\u00e9s par au moins quatre bless\u00e9s et plusieurs arrestations. Ce mouvement, assorti d\u2019un \u00ab\u00a0cacerolazo\u00a0\u00bb national ou concert de [&hellip;]<\/p>\n","protected":false},"author":1965,"featured_media":0,"comment_status":"closed","ping_status":"closed","sticky":false,"template":"","format":"standard","meta":{"fifu_image_url":"","fifu_image_alt":"","footnotes":""},"categories":[73,82],"tags":[],"class_list":["post-73756","post","type-post","status-publish","format-standard","hentry","category-actualite","category-cameroun"],"_links":{"self":[{"href":"https:\/\/linitiative.ca\/International\/wp-json\/wp\/v2\/posts\/73756","targetHints":{"allow":["GET"]}}],"collection":[{"href":"https:\/\/linitiative.ca\/International\/wp-json\/wp\/v2\/posts"}],"about":[{"href":"https:\/\/linitiative.ca\/International\/wp-json\/wp\/v2\/types\/post"}],"author":[{"embeddable":true,"href":"https:\/\/linitiative.ca\/International\/wp-json\/wp\/v2\/users\/1965"}],"replies":[{"embeddable":true,"href":"https:\/\/linitiative.ca\/International\/wp-json\/wp\/v2\/comments?post=73756"}],"version-history":[{"count":0,"href":"https:\/\/linitiative.ca\/International\/wp-json\/wp\/v2\/posts\/73756\/revisions"}],"wp:attachment":[{"href":"https:\/\/linitiative.ca\/International\/wp-json\/wp\/v2\/media?parent=73756"}],"wp:term":[{"taxonomy":"category","embeddable":true,"href":"https:\/\/linitiative.ca\/International\/wp-json\/wp\/v2\/categories?post=73756"},{"taxonomy":"post_tag","embeddable":true,"href":"https:\/\/linitiative.ca\/International\/wp-json\/wp\/v2\/tags?post=73756"}],"curies":[{"name":"wp","href":"https:\/\/api.w.org\/{rel}","templated":true}]}}