{"id":73769,"date":"2020-01-22T06:37:07","date_gmt":"2020-01-22T11:37:07","guid":{"rendered":"https:\/\/linitiative.ca\/International\/landor-stabilise-quasiment-ses-revenus-en-2019-a-109-millions-de-dinars\/"},"modified":"2020-01-22T06:37:07","modified_gmt":"2020-01-22T11:37:07","slug":"landor-stabilise-quasiment-ses-revenus-en-2019-a-109-millions-de-dinars","status":"publish","type":"post","link":"https:\/\/linitiative.ca\/International\/landor-stabilise-quasiment-ses-revenus-en-2019-a-109-millions-de-dinars\/","title":{"rendered":"Land\u2019Or stabilise quasiment ses revenus en 2019 \u00e0 109 millions de dinars"},"content":{"rendered":"<p>A la cl\u00f4ture de l\u2019ann\u00e9e 2019, la soci\u00e9t\u00e9 Land\u2019Or a r\u00e9alis\u00e9 un chiffre d\u2019affaires en l\u00e9ger repli de -1% par rapport \u00e0 l\u2019ann\u00e9e 2018 pour s\u2019\u00e9lever \u00e0 108,8 millions de dinars. L\u2019\u00e9volution \u00e9tait nettement positive sur le march\u00e9 local qui cl\u00f4ture l\u2019ann\u00e9e avec une croissance de 15%, tandis que les ventes \u00e0 l\u2019export enregistrent une r\u00e9gression de 25%.<\/p>\n<p>Au cours du quatri\u00e8me trimestre 2019, les ventes locales ont progress\u00e9 \u00e0 un taux de 14% par rapport \u00e0 la m\u00eame p\u00e9riode de 2018. En cl\u00f4turant l\u2019ann\u00e9e 2019 avec une croissance annuelle de 15%, la soci\u00e9t\u00e9 confirme sa bonne performance dans un march\u00e9 atone et marqu\u00e9 par une concurrence accrue.<\/p>\n<p>Les r\u00e9alisations des ventes \u00e0 l\u2019export sont principalement impact\u00e9es par la situation de guerre en Libye. Afin de faire face \u00e0 cette situation, la soci\u00e9t\u00e9 \u0153uvre \u00e0 d\u00e9velopper de nouvelles destinations qui pourraient compenser la perte des volumes vers la Libye.<\/p>\n<p><img decoding=\"async\" src=\"http:\/\/lexpertjournal.net\/fr\/wp-content\/uploads\/sites\/2\/2020\/01\/Capture-d%E2%80%99e%CC%81cran-2020-01-22-a%CC%80-12.36.37.png\" alt=\"\" class=\"wp-image-11735\" srcset=\"http:\/\/lexpertjournal.net\/fr\/wp-content\/uploads\/sites\/2\/2020\/01\/Capture-d\u2019e\u0301cran-2020-01-22-a\u0300-12.36.37.png 754w, http:\/\/lexpertjournal.net\/fr\/wp-content\/uploads\/sites\/2\/2020\/01\/Capture-d\u2019e\u0301cran-2020-01-22-a\u0300-12.36.37-300x172.png 300w\" sizes=\"(max-width: 754px) 100vw, 754px\"\/><\/p>\n<p>La valeur de la production a enregistr\u00e9 une \u00e9volution de +8% au cours de l\u2019ann\u00e9e 2019. Le contexte global est marqu\u00e9 par la rar\u00e9faction et la chert\u00e9 de certaines mati\u00e8res premi\u00e8res, et la soci\u00e9t\u00e9 continue ses efforts notamment en mati\u00e8re de recherche et d\u00e9veloppement afin de faire face \u00e0 la volatilit\u00e9 des prix des mati\u00e8res premi\u00e8res.<\/p>\n<p>Le projet de lev\u00e9e de fonds engag\u00e9 par la soci\u00e9t\u00e9 en partenariat avec AfricInvest et destin\u00e9 \u00e0 financer son plan de d\u00e9veloppement et \u00e0 r\u00e9duire son niveau d\u2019endettement, a \u00e9t\u00e9 d\u00e9finitivement cl\u00f4tur\u00e9 courant du mois de d\u00e9cembre 2019 avec une lev\u00e9e de 52,6 millions de dinars. La soci\u00e9t\u00e9 affiche un niveau de tr\u00e9sorerie nette de 12,2 millions de dinars au 31 d\u00e9cembre 2019.<\/p>\n<p class=\"c1\">source: Ilboursa<\/p>\n<p class=\"dpsp-share-text\">Partager c&rsquo;est aimer!<\/p>\n<div class=\"wp-post-author-wrap wp-post-author-shortcode left\">\n<h3 class=\"awpa-title\"\/>\n<div class=\"wp-post-author\">\n<div class=\"awpa-img awpa-author-block square\"><a href=\"http:\/\/lexpertjournal.net\/fr\/author\/expert\/\"><img loading=\"lazy\" decoding=\"async\" alt=\"\" src=\"http:\/\/0.gravatar.com\/avatar\/c828f0b17d24309f0d01a4eac3747085?s=150&#038;d=mm&#038;r=g\" srcset=\"http:\/\/0.gravatar.com\/avatar\/c828f0b17d24309f0d01a4eac3747085?s=300&#038;d=mm&#038;r=g 2x\" class=\"avatar avatar-150 photo\" height=\"150\" width=\"150\"\/><\/a><\/div>\n<\/div>\n<\/div>\n<p>Auteur: L&rsquo;expert<br \/>\n<a href=\"http:\/\/lexpertjournal.net\/fr\/2020\/01\/22\/landor-stabilise-quasiment-ses-revenus-en-2019-a-109-millions-de-dinars\/\">Cliquez ici pour lire l&rsquo;article depuis sa source.<\/a><\/p>\n","protected":false},"excerpt":{"rendered":"<p>A la cl\u00f4ture de l\u2019ann\u00e9e 2019, la soci\u00e9t\u00e9 Land\u2019Or a r\u00e9alis\u00e9 un chiffre d\u2019affaires en l\u00e9ger repli de -1% par rapport \u00e0 l\u2019ann\u00e9e 2018 pour s\u2019\u00e9lever \u00e0 108,8 millions de dinars. L\u2019\u00e9volution \u00e9tait nettement positive sur le march\u00e9 local qui cl\u00f4ture l\u2019ann\u00e9e avec une croissance de 15%, tandis que les ventes \u00e0 l\u2019export enregistrent une [&hellip;]<\/p>\n","protected":false},"author":1775,"featured_media":73770,"comment_status":"closed","ping_status":"closed","sticky":false,"template":"","format":"standard","meta":{"fifu_image_url":"","fifu_image_alt":"","footnotes":""},"categories":[78,55],"tags":[],"class_list":["post-73769","post","type-post","status-publish","format-standard","has-post-thumbnail","hentry","category-economie","category-tunisie"],"_links":{"self":[{"href":"https:\/\/linitiative.ca\/International\/wp-json\/wp\/v2\/posts\/73769","targetHints":{"allow":["GET"]}}],"collection":[{"href":"https:\/\/linitiative.ca\/International\/wp-json\/wp\/v2\/posts"}],"about":[{"href":"https:\/\/linitiative.ca\/International\/wp-json\/wp\/v2\/types\/post"}],"author":[{"embeddable":true,"href":"https:\/\/linitiative.ca\/International\/wp-json\/wp\/v2\/users\/1775"}],"replies":[{"embeddable":true,"href":"https:\/\/linitiative.ca\/International\/wp-json\/wp\/v2\/comments?post=73769"}],"version-history":[{"count":0,"href":"https:\/\/linitiative.ca\/International\/wp-json\/wp\/v2\/posts\/73769\/revisions"}],"wp:featuredmedia":[{"embeddable":true,"href":"https:\/\/linitiative.ca\/International\/wp-json\/"}],"wp:attachment":[{"href":"https:\/\/linitiative.ca\/International\/wp-json\/wp\/v2\/media?parent=73769"}],"wp:term":[{"taxonomy":"category","embeddable":true,"href":"https:\/\/linitiative.ca\/International\/wp-json\/wp\/v2\/categories?post=73769"},{"taxonomy":"post_tag","embeddable":true,"href":"https:\/\/linitiative.ca\/International\/wp-json\/wp\/v2\/tags?post=73769"}],"curies":[{"name":"wp","href":"https:\/\/api.w.org\/{rel}","templated":true}]}}