{"id":73773,"date":"2020-01-22T06:46:02","date_gmt":"2020-01-22T11:46:02","guid":{"rendered":"https:\/\/linitiative.ca\/International\/le-groupe-delice-realise-un-chiffre-daffaires-record-de-956-millions-de-dinars-en-2019\/"},"modified":"2020-01-22T06:46:02","modified_gmt":"2020-01-22T11:46:02","slug":"le-groupe-delice-realise-un-chiffre-daffaires-record-de-956-millions-de-dinars-en-2019","status":"publish","type":"post","link":"https:\/\/linitiative.ca\/International\/le-groupe-delice-realise-un-chiffre-daffaires-record-de-956-millions-de-dinars-en-2019\/","title":{"rendered":"Le Groupe D\u00e9lice r\u00e9alise un chiffre d\u2019affaires record de 956 millions de dinars en 2019"},"content":{"rendered":"<p>L\u2019ann\u00e9e 2019 \u00e9tait l\u2019ann\u00e9e de toutes les incertitudes pour la Tunisie, entre une croissance \u00e9conomique qui peine \u00e0 d\u00e9coller, une instabilit\u00e9 socio\u00e9conomique qui frappe de plein fouet toutes les strates du pays et une \u00e9ch\u00e9ance \u00e9lectorale qui a boulevers\u00e9 le paysage politique du pays, tous les acteurs de la place ont \u00e9t\u00e9 mis \u00e0 rude \u00e9preuve.<\/p>\n<p>Cependant le Groupe D\u00e9lice, s\u2019est hiss\u00e9 de nouveau pour cl\u00f4turer l\u2019exercice 2019 sur une note positive. Le groupe a ainsi r\u00e9alis\u00e9 en 2019 des revenus consolid\u00e9s records de 956,5 millions de dinars, enregistrant une augmentation de 12,3% par rapport \u00e0 2018.<\/p>\n<p>Autre record \u00e0 mettre en lumi\u00e8re, en l\u2019occurrence, le chiffre d\u2019affaires \u00e0 l\u2019export, qui s\u2019est \u00e9lev\u00e9 \u00e0 31,7 millions de dinars, affichant une croissance de 78,8% par rapport \u00e0 l\u2019ann\u00e9e pr\u00e9c\u00e9dente. Tous les segments d\u2019activit\u00e9, ont \u00e9volu\u00e9 \u00e0 deux chiffre, ce qui d\u00e9note de la solidit\u00e9 du Groupe et de l\u2019\u00e9tendue de son r\u00e9seau, sur tout le territoire tunisien et sur les march\u00e9s \u00e9trangers. La production valoris\u00e9e a, quant \u00e0 elle, progress\u00e9 de 13,3% par rapport \u00e0 2018.<\/p>\n<p>Autre fait marquant de l\u2019exercice 2019, les investissements corporels et incorporels r\u00e9alis\u00e9s par le Groupe ont atteint leur plus haut historique \u00e0 83,7 millions de dinars, en progression de 18,5% par rapport \u00e0 2018.\u00a0<\/p>\n<p>Ces investissements sont principalement orient\u00e9s vers la construction de la nouvelle unit\u00e9 de conditionnement d\u2019eau min\u00e9rale, la mise en place de projets d\u2019\u00e9conomies d\u2019\u00e9nergie (cog\u00e9n\u00e9ration) sur les deux sites de Soliman, l\u2019introduction d\u2019innovations dans l\u2019usine de Sidi Bouzid et l\u2019augmentation de la capacit\u00e9 des autres sites.<\/p>\n<p>A fin d\u00e9cembre 2019, l\u2019endettement \u00e0 moyen terme a atteint 144,9 millions de dinars. Cette augmentation a servi notamment au financement des investissements de la p\u00e9riode. L\u2019endettement \u00e0 court terme s\u2019\u00e9l\u00e8ve, quant \u00e0 lui, \u00e0 40,7 millions de dinars.<\/p>\n<p class=\"dpsp-share-text\">Partager c&rsquo;est aimer!<\/p>\n<div class=\"wp-post-author-wrap wp-post-author-shortcode left\">\n<h3 class=\"awpa-title\"\/>\n<div class=\"wp-post-author\">\n<div class=\"awpa-img awpa-author-block square\"><a href=\"http:\/\/lexpertjournal.net\/fr\/author\/expert\/\"><img loading=\"lazy\" decoding=\"async\" alt=\"\" src=\"http:\/\/0.gravatar.com\/avatar\/c828f0b17d24309f0d01a4eac3747085?s=150&#038;d=mm&#038;r=g\" srcset=\"http:\/\/0.gravatar.com\/avatar\/c828f0b17d24309f0d01a4eac3747085?s=300&#038;d=mm&#038;r=g 2x\" class=\"avatar avatar-150 photo\" height=\"150\" width=\"150\"\/><\/a><\/div>\n<\/div>\n<\/div>\n<p>Auteur: L&rsquo;expert<br \/>\n<a href=\"http:\/\/lexpertjournal.net\/fr\/2020\/01\/22\/le-groupe-delice-realise-un-chiffre-daffaires-record-de-956-millions-de-dinars-en-2019\/\">Cliquez ici pour lire l&rsquo;article depuis sa source.<\/a><\/p>\n","protected":false},"excerpt":{"rendered":"<p>L\u2019ann\u00e9e 2019 \u00e9tait l\u2019ann\u00e9e de toutes les incertitudes pour la Tunisie, entre une croissance \u00e9conomique qui peine \u00e0 d\u00e9coller, une instabilit\u00e9 socio\u00e9conomique qui frappe de plein fouet toutes les strates du pays et une \u00e9ch\u00e9ance \u00e9lectorale qui a boulevers\u00e9 le paysage politique du pays, tous les acteurs de la place ont \u00e9t\u00e9 mis \u00e0 rude [&hellip;]<\/p>\n","protected":false},"author":1775,"featured_media":0,"comment_status":"closed","ping_status":"closed","sticky":false,"template":"","format":"standard","meta":{"fifu_image_url":"","fifu_image_alt":"","footnotes":""},"categories":[78,55],"tags":[],"class_list":["post-73773","post","type-post","status-publish","format-standard","hentry","category-economie","category-tunisie"],"_links":{"self":[{"href":"https:\/\/linitiative.ca\/International\/wp-json\/wp\/v2\/posts\/73773","targetHints":{"allow":["GET"]}}],"collection":[{"href":"https:\/\/linitiative.ca\/International\/wp-json\/wp\/v2\/posts"}],"about":[{"href":"https:\/\/linitiative.ca\/International\/wp-json\/wp\/v2\/types\/post"}],"author":[{"embeddable":true,"href":"https:\/\/linitiative.ca\/International\/wp-json\/wp\/v2\/users\/1775"}],"replies":[{"embeddable":true,"href":"https:\/\/linitiative.ca\/International\/wp-json\/wp\/v2\/comments?post=73773"}],"version-history":[{"count":0,"href":"https:\/\/linitiative.ca\/International\/wp-json\/wp\/v2\/posts\/73773\/revisions"}],"wp:attachment":[{"href":"https:\/\/linitiative.ca\/International\/wp-json\/wp\/v2\/media?parent=73773"}],"wp:term":[{"taxonomy":"category","embeddable":true,"href":"https:\/\/linitiative.ca\/International\/wp-json\/wp\/v2\/categories?post=73773"},{"taxonomy":"post_tag","embeddable":true,"href":"https:\/\/linitiative.ca\/International\/wp-json\/wp\/v2\/tags?post=73773"}],"curies":[{"name":"wp","href":"https:\/\/api.w.org\/{rel}","templated":true}]}}