{"id":73774,"date":"2020-01-22T13:04:26","date_gmt":"2020-01-22T18:04:26","guid":{"rendered":"https:\/\/linitiative.ca\/International\/mostaganem-abritera-la-3eme-edition-du-festival-national-de-la-poesie-des-jeunes\/"},"modified":"2020-01-22T13:04:26","modified_gmt":"2020-01-22T18:04:26","slug":"mostaganem-abritera-la-3eme-edition-du-festival-national-de-la-poesie-des-jeunes","status":"publish","type":"post","link":"https:\/\/linitiative.ca\/International\/mostaganem-abritera-la-3eme-edition-du-festival-national-de-la-poesie-des-jeunes\/","title":{"rendered":"Mostaganem abritera la 3\u00e8me \u00e9dition du festival national de la po\u00e9sie des jeunes"},"content":{"rendered":"<p><span class=\"sp-nh-title\">Le premier rapport sur la situation de l&rsquo;Enfance \u00e9labor\u00e9 dans les toutes prochaines semaines<\/span> &#8211; <span class=\"sp-nh-date\">mercredi 22 janvier 2020 18:32<\/span><\/p>\n<p><span class=\"sp-nh-title\">S\u00e9curisation des routes: plus de 2000 patrouilles h\u00e9liport\u00e9es en 2019<\/span> &#8211; <span class=\"sp-nh-date\">mercredi 22 janvier 2020 18:21<\/span><\/p>\n<p><span class=\"sp-nh-title\">LF 2020: l&rsquo;importance de la digitalisation de l\u2019administration fiscale mise en exergue<\/span> &#8211; <span class=\"sp-nh-date\">mercredi 22 janvier 2020 18:15<\/span><\/p>\n<p><span class=\"sp-nh-title\">Comm\u00e9moration du 60e anniversaire de la cr\u00e9ation de l\u2019\u00e9tat-major de l\u2019ALN<\/span> &#8211; <span class=\"sp-nh-date\">mercredi 22 janvier 2020 18:13<\/span><\/p>\n<p><span class=\"sp-nh-title\">Salon international d&rsquo;agriculture Agribio 2020 : 50 exposants \u00e0 Oran<\/span> &#8211; <span class=\"sp-nh-date\">mercredi 22 janvier 2020 18:05<\/span><\/p>\n<p><span class=\"sp-nh-title\">Wassiet El Hattab , nouvelle pi\u00e8ce th\u00e9\u00e2trale de l\u2019association El Masrah El Hor (Milev 86)<\/span> &#8211; <span class=\"sp-nh-date\">mercredi 22 janvier 2020 18:01<\/span><\/p>\n<p><span class=\"sp-nh-title\">Le ministre allemand des Affaires \u00e9trang\u00e8res en visite de travail jeudi en Alg\u00e9rie<\/span> &#8211; <span class=\"sp-nh-date\">mercredi 22 janvier 2020 17:52<\/span><\/p>\n<p><span class=\"sp-nh-title\">26e op\u00e9ration de relogement \u00e0 Alger: 108 familles relog\u00e9es dans des appartements neufs<\/span> &#8211; <span class=\"sp-nh-date\">mercredi 22 janvier 2020 17:41<\/span><\/p>\n<p><span class=\"sp-nh-title\">Tlemcen : ouverture de l\u2019acad\u00e9mie internationale de course d\u2019orientation<\/span> &#8211; <span class=\"sp-nh-date\">mercredi 22 janvier 2020 17:24<\/span><\/p>\n<p><span class=\"sp-nh-title\">Mostaganem: la valorisation des agrumes passe par leur labellisation<\/span> &#8211; <span class=\"sp-nh-date\">mercredi 22 janvier 2020 17:21<\/span><\/p>\n<p><span class=\"sp-nh-title\">Classement mondial des clubs: le CRB en t\u00eate des formations alg\u00e9riennes<\/span> &#8211; <span class=\"sp-nh-date\">mercredi 22 janvier 2020 17:11<\/span><\/p>\n<p><span class=\"sp-nh-title\">L&rsquo;Alg\u00e9rie abritera jeudi une r\u00e9union des MAE des pays voisins de la Libye<\/span> &#8211; <span class=\"sp-nh-date\">mercredi 22 janvier 2020 15:56<\/span><\/p>\n<p><span class=\"sp-nh-title\">Alger: 10 personnes asphyxi\u00e9es par des gaz br\u00fbl\u00e9s dans une douche<\/span> &#8211; <span class=\"sp-nh-date\">mercredi 22 janvier 2020 15:51<\/span><\/p>\n<p><span class=\"sp-nh-title\">Entrevue du Pr\u00e9sident de la R\u00e9publique avec des responsables de m\u00e9dias<\/span> &#8211; <span class=\"sp-nh-date\">mercredi 22 janvier 2020 15:43<\/span><\/p>\n<p><span class=\"sp-nh-title\">Le Croissant-Rouge libyen salue le geste de solidarit\u00e9 de l\u2019Alg\u00e9rie<\/span> &#8211; <span class=\"sp-nh-date\">mercredi 22 janvier 2020 15:31<\/span><\/p>\n<p><span class=\"sp-nh-title\">La stabilit\u00e9 sociale et le savoir-faire, indispensables pour la promotion du tourisme<\/span> &#8211; <span class=\"sp-nh-date\">mercredi 22 janvier 2020 15:16<\/span><\/p>\n<p><span class=\"sp-nh-title\">Mostaganem abritera la 3\u00e8me \u00e9dition du festival national de la po\u00e9sie des jeunes<\/span> &#8211; <span class=\"sp-nh-date\">mercredi 22 janvier 2020 15:07<\/span><\/p>\n<p><span class=\"sp-nh-title\">SAA: une nouvelle filiale sp\u00e9cialis\u00e9e dans la s\u00e9curit\u00e9 et le gardiennage<\/span> &#8211; <span class=\"sp-nh-date\">mercredi 22 janvier 2020 14:58<\/span><\/p>\n<p><span class=\"sp-nh-title\">S\u00e9tif: d\u00e9mant\u00e8lement d\u2019un r\u00e9seau criminel et saisie de 4 kg de kif trait\u00e9<\/span> &#8211; <span class=\"sp-nh-date\">mercredi 22 janvier 2020 14:51<\/span><\/p>\n<p><span class=\"sp-nh-title\">Ligue 1 (mise \u00e0 jour): le PAC en qu\u00eate de confirmation face au CSC<\/span> &#8211; <span class=\"sp-nh-date\">mercredi 22 janvier 2020 14:32<\/span><\/p>\n<p>Auteur:<br \/>\n<a href=\"http:\/\/www.aps.dz\/culture\/100486-mostaganem-abritera-la-3eme-edition-du-festival-national-de-la-poesie-des-jeunes\">Cliquez ici pour lire l&rsquo;article depuis sa source.<\/a><\/p>\n","protected":false},"excerpt":{"rendered":"<p>Le premier rapport sur la situation de l&rsquo;Enfance \u00e9labor\u00e9 dans les toutes prochaines semaines &#8211; mercredi 22 janvier 2020 18:32 S\u00e9curisation des routes: plus de 2000 patrouilles h\u00e9liport\u00e9es en 2019 &#8211; mercredi 22 janvier 2020 18:21 LF 2020: l&rsquo;importance de la digitalisation de l\u2019administration fiscale mise en exergue &#8211; mercredi 22 janvier 2020 18:15 Comm\u00e9moration [&hellip;]<\/p>\n","protected":false},"author":1790,"featured_media":0,"comment_status":"closed","ping_status":"closed","sticky":false,"template":"","format":"standard","meta":{"fifu_image_url":"","fifu_image_alt":"","footnotes":""},"categories":[53,79],"tags":[],"class_list":["post-73774","post","type-post","status-publish","format-standard","hentry","category-algerie","category-culture"],"_links":{"self":[{"href":"https:\/\/linitiative.ca\/International\/wp-json\/wp\/v2\/posts\/73774","targetHints":{"allow":["GET"]}}],"collection":[{"href":"https:\/\/linitiative.ca\/International\/wp-json\/wp\/v2\/posts"}],"about":[{"href":"https:\/\/linitiative.ca\/International\/wp-json\/wp\/v2\/types\/post"}],"author":[{"embeddable":true,"href":"https:\/\/linitiative.ca\/International\/wp-json\/wp\/v2\/users\/1790"}],"replies":[{"embeddable":true,"href":"https:\/\/linitiative.ca\/International\/wp-json\/wp\/v2\/comments?post=73774"}],"version-history":[{"count":0,"href":"https:\/\/linitiative.ca\/International\/wp-json\/wp\/v2\/posts\/73774\/revisions"}],"wp:attachment":[{"href":"https:\/\/linitiative.ca\/International\/wp-json\/wp\/v2\/media?parent=73774"}],"wp:term":[{"taxonomy":"category","embeddable":true,"href":"https:\/\/linitiative.ca\/International\/wp-json\/wp\/v2\/categories?post=73774"},{"taxonomy":"post_tag","embeddable":true,"href":"https:\/\/linitiative.ca\/International\/wp-json\/wp\/v2\/tags?post=73774"}],"curies":[{"name":"wp","href":"https:\/\/api.w.org\/{rel}","templated":true}]}}