{"id":73782,"date":"2020-01-22T11:01:38","date_gmt":"2020-01-22T16:01:38","guid":{"rendered":"https:\/\/linitiative.ca\/International\/appel-a-faire-de-lartisanat-une-source-de-revenu-pour-les-jeunes\/"},"modified":"2020-01-22T11:01:38","modified_gmt":"2020-01-22T16:01:38","slug":"appel-a-faire-de-lartisanat-une-source-de-revenu-pour-les-jeunes","status":"publish","type":"post","link":"https:\/\/linitiative.ca\/International\/appel-a-faire-de-lartisanat-une-source-de-revenu-pour-les-jeunes\/","title":{"rendered":"Appel \u00e0 faire de l\u2019artisanat une source de revenu pour les jeunes"},"content":{"rendered":"<div readability=\"39\">\n<p>Marrakech \u2013 La ministre du Tourisme, de l\u2019Artisanat, du Transport a\u00e9rien et de l\u2019\u00c9conomie sociale, Mme Nadia Fettah Alaoui a appel\u00e9, mercredi \u00e0 Marrakech, \u00e0 attirer plus de jeunes vers les m\u00e9tiers de l\u2019artisanat et d\u2019en faire une source de revenu p\u00e9renne.<\/p>\n<\/div>\n<div readability=\"111\">\n<p>S\u2019exprimant lors d\u2019un workshop organis\u00e9 en marge de la sixi\u00e8me Semaine nationale de l\u2019artisanat (SNA-2020), qui se tient du 12 au 26 janvier dans la cit\u00e9 ocre sous le th\u00e8me \u00ab\u00a0Le financement dans le secteur de l\u2019artisanat: r\u00e9alit\u00e9 et perspectives\u00a0\u00bb, Mme Fettah Alaoui a affirm\u00e9 que cette conf\u00e9rence vient en r\u00e9ponse aux exhortations de SM le Roi Mohammed VI, le 11 octobre, devant les deux chambres parlementaires, visant \u00e0 encourager les jeunes entrepreneurs et mettre en place des mesures concr\u00e8tes, \u00e0 travers la simplification des proc\u00e9dures et l\u2019incitation du secteur bancaire pour qu\u2019il puisse s\u2019acquitter pleinement de son r\u00f4le, avec le secteur priv\u00e9.<\/p>\n<p>\u00ab\u00a0Il s\u2019agit d\u2019un moment de v\u00e9rit\u00e9. Il faut qu\u2019on se parle en toute franchise, \u00e9couter les artisans, savoir ce qui n\u2019a pas march\u00e9 et apporter des solutions innovantes\u00a0\u00bb, a-t-elle poursuivi.<\/p>\n<p>Ainsi, cette conf\u00e9rence s\u2019assigne pour objectif de p\u00e9renniser et d\u2019attirer plus de jeunes vers l\u2019activit\u00e9 artisanale, patrimoniale et culturelle, a-t-elle ajout\u00e9, notant que cette activit\u00e9 est \u00e0 m\u00eame de leur permettre de bien gagner leur vie et de retrouver l\u2019estime de soi.<\/p>\n<p>Ceci permettra bien \u00e9videmment d\u2019assurer la continuit\u00e9 de ces m\u00e9tiers ainsi que leur transmission de g\u00e9n\u00e9rations \u00e0 g\u00e9n\u00e9rations, a-t-elle soulign\u00e9.<\/p>\n<p>Dans ce sens, Mme la ministre a tenu \u00e0 saluer le r\u00f4le des repr\u00e9sentants des secteurs financier, de la soci\u00e9t\u00e9 civile et de l\u2019artisanat, qui \u0153uvrent ensemble \u00e0 trouver les solutions ad\u00e9quates pour aider les artisans, tout en les appelant \u00e0 davantage de mobilisation et plus d\u2019innovation pour permettre \u00e0 ces jeunes de s\u2019occuper d\u2019autres facteurs (design, innovation, commercialisation) et apporter du renouveau \u00e0 leurs produits.<\/p>\n<p>Le secteur de l\u2019artisanat avait b\u00e9n\u00e9fici\u00e9 d\u2019une \u00e9tude strat\u00e9gique en 2015, a rappel\u00e9 Mme Fettah Alaoui, faisant savoir que depuis des semaines, une autre \u00e9tude strat\u00e9gique a \u00e9t\u00e9 lanc\u00e9e et \u00ab\u00a0nous voudrions que le volet financier et financement en soit une composante importante, pour qu\u2019ensemble nous arrivions \u00e0 des solutions ad\u00e9quates pour notre jeunesse\u00a0\u00bb.<\/p>\n<p>Organis\u00e9e \u00e0 l\u2019initiative du minist\u00e8re du Tourisme, de l\u2019Artisanat, du Transport a\u00e9rien et de l\u2019\u00c9conomie sociale, \u00e0 travers la Maison de l\u2019artisan, cette \u00e9dition de la SNA vise \u00e0 construire une image de marque de l\u2019artisanat marocain, faire de cet \u00e9v\u00e9nement un espace de rencontres incontournable pour les artisans qui souhaitent mettre en valeur leurs cr\u00e9ations, s\u2019informer sur l\u2019\u00e9volution des tendances et trouver de nouveaux d\u00e9bouch\u00e9s, ainsi qu\u2019aider \u00e0 la commercialisation du produit tout en pr\u00e9servant et am\u00e9liorant les revenus des artisans.<\/p>\n<p>Am\u00e9nag\u00e9 sur 50.000m2, ce salon accueille environ 1.200 exposants, issus des 12 r\u00e9gions du Maroc, artisans individuels, coop\u00e9ratives et entreprises d\u2019artisanat, repr\u00e9sentant tous les m\u00e9tiers et les arts de l\u2019artisanat marocain.<\/p>\n<p>La 6\u00e8me semaine nationale de l\u2019artisanat conna\u00eet la mise en place d\u2019un stand sp\u00e9cial d\u00e9di\u00e9 \u00e0 la pr\u00e9servation des m\u00e9tiers menac\u00e9s de disparition, le prolongement de la p\u00e9riode d\u2019exposition d\u2019une \u00e0 deux semaines et la participation de plusieurs pays amis en tant qu\u2019invit\u00e9s d\u2019honneur : La Tunisie, la Mauritanie, le Chili, l\u2019Indon\u00e9sie et l\u2019Inde.<\/p>\n<\/div>\n<p>Auteur: Meriem IGASS<br \/>\n<a href=\"http:\/\/www.mapmarrakech.ma\/fr\/artisanat-4\/\">Cliquez ici pour lire l&rsquo;article depuis sa source.<\/a><\/p>\n","protected":false},"excerpt":{"rendered":"<p>Marrakech \u2013 La ministre du Tourisme, de l\u2019Artisanat, du Transport a\u00e9rien et de l\u2019\u00c9conomie sociale, Mme Nadia Fettah Alaoui a appel\u00e9, mercredi \u00e0 Marrakech, \u00e0 attirer plus de jeunes vers les m\u00e9tiers de l\u2019artisanat et d\u2019en faire une source de revenu p\u00e9renne. S\u2019exprimant lors d\u2019un workshop organis\u00e9 en marge de la sixi\u00e8me Semaine nationale de [&hellip;]<\/p>\n","protected":false},"author":1788,"featured_media":0,"comment_status":"closed","ping_status":"closed","sticky":false,"template":"","format":"standard","meta":{"fifu_image_url":"","fifu_image_alt":"","footnotes":""},"categories":[54,76],"tags":[],"class_list":["post-73782","post","type-post","status-publish","format-standard","hentry","category-maroc","category-regions"],"_links":{"self":[{"href":"https:\/\/linitiative.ca\/International\/wp-json\/wp\/v2\/posts\/73782","targetHints":{"allow":["GET"]}}],"collection":[{"href":"https:\/\/linitiative.ca\/International\/wp-json\/wp\/v2\/posts"}],"about":[{"href":"https:\/\/linitiative.ca\/International\/wp-json\/wp\/v2\/types\/post"}],"author":[{"embeddable":true,"href":"https:\/\/linitiative.ca\/International\/wp-json\/wp\/v2\/users\/1788"}],"replies":[{"embeddable":true,"href":"https:\/\/linitiative.ca\/International\/wp-json\/wp\/v2\/comments?post=73782"}],"version-history":[{"count":0,"href":"https:\/\/linitiative.ca\/International\/wp-json\/wp\/v2\/posts\/73782\/revisions"}],"wp:attachment":[{"href":"https:\/\/linitiative.ca\/International\/wp-json\/wp\/v2\/media?parent=73782"}],"wp:term":[{"taxonomy":"category","embeddable":true,"href":"https:\/\/linitiative.ca\/International\/wp-json\/wp\/v2\/categories?post=73782"},{"taxonomy":"post_tag","embeddable":true,"href":"https:\/\/linitiative.ca\/International\/wp-json\/wp\/v2\/tags?post=73782"}],"curies":[{"name":"wp","href":"https:\/\/api.w.org\/{rel}","templated":true}]}}