{"id":73783,"date":"2020-01-22T11:19:55","date_gmt":"2020-01-22T16:19:55","guid":{"rendered":"https:\/\/linitiative.ca\/International\/le-maroc-a-realise-des-performances-economiques-remarquables\/"},"modified":"2020-01-22T11:19:55","modified_gmt":"2020-01-22T16:19:55","slug":"le-maroc-a-realise-des-performances-economiques-remarquables","status":"publish","type":"post","link":"https:\/\/linitiative.ca\/International\/le-maroc-a-realise-des-performances-economiques-remarquables\/","title":{"rendered":"Le Maroc a r\u00e9alis\u00e9 des performances \u00e9conomiques remarquables"},"content":{"rendered":"<div readability=\"37\">\n<p>Marrakech \u2013 Le Maroc a r\u00e9alis\u00e9 des performances \u00e9conomiques remarquables au cours des derni\u00e8res ann\u00e9es, a soulign\u00e9 mercredi \u00e0 Marrakech, le Directeur G\u00e9n\u00e9ral de la Bourse de Casablanca, Karim Hajji.<\/p>\n<\/div>\n<div readability=\"163\">\n<p>Le Maroc a enregistr\u00e9 des performances \u00e9conomiques importantes, gr\u00e2ce au taux d\u2019int\u00e9r\u00eat consid\u00e9r\u00e9 comme le plus faible du Continent mais aussi, gr\u00e2ce \u00e0 son attractivit\u00e9 pour les investissements, a relev\u00e9 M. Hajji \u00e0 l\u2019ouverture de la seconde conf\u00e9rence annuelle des investisseurs en Afrique du Nord, organis\u00e9e \u00e0 l\u2019initiative de Renaissance Capital, banque d\u2019affaires leader sur les march\u00e9s \u00e9mergents et les march\u00e9s fronti\u00e8res avec des op\u00e9rations en Afrique, en Russie et dans la r\u00e9gion CEI+.<\/p>\n<p>Le Royaume dispose de tous les atouts et r\u00e9pond \u00e0 tous les crit\u00e8res pour \u00eatre un march\u00e9 \u00e9mergent et s\u2019imposer sur la sc\u00e8ne internationale. Il pr\u00e9sente des avantages certains en termes de croissance \u00e9conomique et d\u2019activit\u00e9 industrielle, s\u2019est-il f\u00e9licit\u00e9.<\/p>\n<p>La croissance \u00e9conomique au Maroc va s\u2019acc\u00e9l\u00e9rer de plus en plus dans les ann\u00e9es \u00e0 venir en int\u00e9grant davantage de personnes sur le march\u00e9 de l\u2019emploi, a-t-il not\u00e9<\/p>\n<p>Au niveau de la Bourse, nous avons assist\u00e9 \u00e0 une grande et importante r\u00e9forme porteuse de transformations positives, a-t-il fait savoir, mettant en avant la mise en place du programme \u00ab\u00a0Elite\u00a0\u00bb qui a pour but de d\u00e9velopper le march\u00e9 financier \u00e0 l\u2019\u00e9chelle nationale et r\u00e9gionale.<\/p>\n<p>Par ailleurs, il a mis en avant la d\u00e9signation par Sa Majest\u00e9 le Roi Mohammed VI d\u2019une Commission sp\u00e9ciale sur le mod\u00e8le de D\u00e9veloppement, notant que les conclusions de ladite commission permettront, sans nul doute, de booster davantage la croissance \u00e9conomique nationale.<\/p>\n<p>La 2\u00e8me conf\u00e9rence annuelle des investisseurs en Afrique du Nord est une r\u00e9union extr\u00eamement importante qui r\u00e9unit des investisseurs du monde entier, a-t-il relev\u00e9, ajoutant que cette conf\u00e9rence permet de jeter la lumi\u00e8re sur les opportunit\u00e9s d\u2019investissement qu\u2019offre le Royaume.<\/p>\n<p>De son c\u00f4t\u00e9, le PDG du groupe Label\u2019Vie, Zouhair Bennani, a mis en avant les exp\u00e9riences r\u00e9ussies des grandes entreprises marocaines qui ont fait le choix de s\u2019investir en Afrique.<\/p>\n<p>Les relations \u00e9conomiques et commerciales liant le Maroc et l\u2019Afrique sont tr\u00e8s anciennes, t\u00e9moignant de l\u2019ouverture du Royaume sur son environnement et sa volont\u00e9 de contribuer au d\u00e9veloppement du Continent, a-t-il soulign\u00e9.<\/p>\n<p>Pour sa part, Nawfal Bendefa, PDG de REIM Partners a salu\u00e9 la nouvelle l\u00e9gislation mise en place par le Maroc pour structurer et organiser l\u2019activit\u00e9 \u00e9conomique, notamment l\u2019immobilier.<\/p>\n<p>Le march\u00e9 de l\u2019immobilier commercial au Maroc est stable et porteur d\u2019opportunit\u00e9s, s\u2019est-il f\u00e9licit\u00e9, faisant remarquer que le taux de croissance de l\u2019\u00e9conomie nationale est en nette progression.<\/p>\n<p>Organis\u00e9 pour la premi\u00e8re fois au Maroc, cet \u00e9v\u00e9nement phare est ax\u00e9 notamment sur la comp\u00e9titivit\u00e9 et l\u2019industrialisation des pays de la r\u00e9gion MENA.<\/p>\n<p>Cette conf\u00e9rence sera lieu de conversations entre responsables de premier plan et accueillera une table ronde intitul\u00e9e \u00ab\u00a0Accompagner l\u2019industrialisation dans un nouveau paradigme \u00e9conomique\u00a0\u00bbautour de laquelle se r\u00e9uniront des dirigeants de grandes entreprises r\u00e9gionales.<\/p>\n<p>Pendant deux jours, cette rencontre vise \u00e0 rassembler les principales entreprises de la r\u00e9gion \u2013 repr\u00e9sentant plus de 10 secteurs diff\u00e9rents, de la vente au d\u00e9tail aux soins de sant\u00e9, en passant par la finance et l\u2019industrie \u2013 et \u00e0 les mettre en relation avec les principaux investisseurs institutionnels mondiaux et locaux de l\u2019\u00eele Maurice, Singapour, Afrique du Sud, Su\u00e8de, Suisse, \u00c9mirats Arabes Unis, Royaume-Uni et \u00c9tats-Unis.<\/p>\n<p>Les participants \u00e0 la conf\u00e9rence auront ainsi l\u2019opportunit\u00e9 de suivre des expos\u00e9s et pr\u00e9sentations de politiciens, de d\u00e9cideurs et de chefs d\u2019entreprise parmi les plus \u00e9minents de la r\u00e9gion.<\/p>\n<p>Cette conf\u00e9rence conna\u00eetra \u00e9galement l\u2019organisation d\u2019environ 200 r\u00e9unions entre les principales entreprises marocaines et \u00e9gyptiennes et des investisseurs internationaux de premier plan, dont les actifs sous gestion cumul\u00e9s exc\u00e8dent 2,000 milliards de dollars.<\/p>\n<p>Renaissance Capital, rappelle-t-on, est une banque d\u2019investissement de premier plan dans les march\u00e9s \u00e9mergents et les march\u00e9s fronti\u00e8res, offrant un acc\u00e8s \u00e0 50 march\u00e9s \u00e0 travers le monde, avec des op\u00e9rations en Afrique, en Europe centrale et orientale, en Am\u00e9rique du Nord et en Asie.<\/p>\n<p>Fond\u00e9e en 1995, Renaissance Capital a \u00e9tabli des positions de premier plan dans chacun de ses m\u00e9tiers \u2013 march\u00e9s des capitaux actions et de la dette, fusions-acquisitions, et autres march\u00e9s financiers, y compris les actions et d\u00e9riv\u00e9s actions, produits de dette, op\u00e9rations de change et d\u00e9riv\u00e9s de change, mati\u00e8res premi\u00e8res et REPO, ainsi qu\u2019en recherche et courtage.<\/p>\n<p>Renaissance Capital dispose de l\u2019une des plus grandes plateformes de distribution et d\u2019ex\u00e9cution en Europe de l\u2019Est, au Moyen-Orient et en Afrique, avec des \u00e9quipes de vente et trading pr\u00e9sentes \u00e0 Londres, Moscou, New York, Johannesburg, Le Cap, Lagos, Nairobi et Le Caire.<\/p>\n<\/div>\n<p>Auteur: Meriem IGASS<br \/>\n<a href=\"http:\/\/www.mapmarrakech.ma\/fr\/le-maroc-a-realise-des-performances-economiques-remarquables\/\">Cliquez ici pour lire l&rsquo;article depuis sa source.<\/a><\/p>\n","protected":false},"excerpt":{"rendered":"<p>Marrakech \u2013 Le Maroc a r\u00e9alis\u00e9 des performances \u00e9conomiques remarquables au cours des derni\u00e8res ann\u00e9es, a soulign\u00e9 mercredi \u00e0 Marrakech, le Directeur G\u00e9n\u00e9ral de la Bourse de Casablanca, Karim Hajji. Le Maroc a enregistr\u00e9 des performances \u00e9conomiques importantes, gr\u00e2ce au taux d\u2019int\u00e9r\u00eat consid\u00e9r\u00e9 comme le plus faible du Continent mais aussi, gr\u00e2ce \u00e0 son attractivit\u00e9 [&hellip;]<\/p>\n","protected":false},"author":1788,"featured_media":0,"comment_status":"closed","ping_status":"closed","sticky":false,"template":"","format":"standard","meta":{"fifu_image_url":"","fifu_image_alt":"","footnotes":""},"categories":[54,76],"tags":[],"class_list":["post-73783","post","type-post","status-publish","format-standard","hentry","category-maroc","category-regions"],"_links":{"self":[{"href":"https:\/\/linitiative.ca\/International\/wp-json\/wp\/v2\/posts\/73783","targetHints":{"allow":["GET"]}}],"collection":[{"href":"https:\/\/linitiative.ca\/International\/wp-json\/wp\/v2\/posts"}],"about":[{"href":"https:\/\/linitiative.ca\/International\/wp-json\/wp\/v2\/types\/post"}],"author":[{"embeddable":true,"href":"https:\/\/linitiative.ca\/International\/wp-json\/wp\/v2\/users\/1788"}],"replies":[{"embeddable":true,"href":"https:\/\/linitiative.ca\/International\/wp-json\/wp\/v2\/comments?post=73783"}],"version-history":[{"count":0,"href":"https:\/\/linitiative.ca\/International\/wp-json\/wp\/v2\/posts\/73783\/revisions"}],"wp:attachment":[{"href":"https:\/\/linitiative.ca\/International\/wp-json\/wp\/v2\/media?parent=73783"}],"wp:term":[{"taxonomy":"category","embeddable":true,"href":"https:\/\/linitiative.ca\/International\/wp-json\/wp\/v2\/categories?post=73783"},{"taxonomy":"post_tag","embeddable":true,"href":"https:\/\/linitiative.ca\/International\/wp-json\/wp\/v2\/tags?post=73783"}],"curies":[{"name":"wp","href":"https:\/\/api.w.org\/{rel}","templated":true}]}}