{"id":73784,"date":"2020-01-22T11:49:40","date_gmt":"2020-01-22T16:49:40","guid":{"rendered":"https:\/\/linitiative.ca\/International\/workshop-sur-les-moyens-de-financement-dans-le-secteur-de-lartisanat\/"},"modified":"2020-01-22T11:49:40","modified_gmt":"2020-01-22T16:49:40","slug":"workshop-sur-les-moyens-de-financement-dans-le-secteur-de-lartisanat","status":"publish","type":"post","link":"https:\/\/linitiative.ca\/International\/workshop-sur-les-moyens-de-financement-dans-le-secteur-de-lartisanat\/","title":{"rendered":"Workshop sur les moyens de financement dans le secteur de l\u2019artisanat"},"content":{"rendered":"<div readability=\"36\">\n<p>Marrakech \u2013 Les participants \u00e0 un workshop ont d\u00e9battu, mercredi \u00e0 Marrakech, des moyens de financement dans le secteur de l\u2019artisanat afin de pr\u00e9server et promouvoir cette composante essentielle de la culture et de l\u2019histoire des pays.<\/p>\n<\/div>\n<div readability=\"119\">\n<p>Organis\u00e9e dans le cadre de la sixi\u00e8me semaine nationale de l\u2019artisanat (SNA-2020), qui se tient du 12 au 26 janvier dans la cit\u00e9 ocre sous le th\u00e8me \u00ab\u00a0Le financement dans le secteur de l\u2019artisanat: r\u00e9alit\u00e9 et perspectives\u00a0\u00bb, cette conf\u00e9rence a \u00e9t\u00e9 l\u2019occasion de mettre en avant et d\u2019examiner les moyens efficaces \u00e0 m\u00eame de promouvoir ce secteur et d\u2019offrir la chance aux petites et moyennes entreprises d\u2019aller de l\u2019avant et de d\u00e9velopper leurs diff\u00e9rents produits.<\/p>\n<p>A cette occasion, M. Riadh Lahmairi, directeur de l\u2019investissement et du d\u00e9veloppement r\u00e9gional \u00e0 l\u2019Office National de l\u2019Artisanat Tunisien (ONAT) a pr\u00e9sent\u00e9 un expos\u00e9 exhaustif dans lequel il a expliqu\u00e9 les moyens de financement du secteur artisanal dans son pays.<\/p>\n<p>Il a, dans ce sens, mis en avant les principaux points forts de l\u2019artisanat tunisien, ainsi que les d\u00e9fis \u00e0 relever.<\/p>\n<p>Les banques tunisiennes octroient des cr\u00e9dits aux artisans et aux petites entreprises, avec des taux d\u2019int\u00e9r\u00eat attractifs pour leur permettre de mener \u00e0 bien leurs missions et pr\u00e9senter des produits qui r\u00e9pondent aux exigences du march\u00e9 aussi bien en terme de qualit\u00e9 que d\u2019innovation, a-t-il relev\u00e9.<\/p>\n<p>Pour sa part, Mme Asma Kadiri, directrice de la Strat\u00e9gie, de la Programmation et de la Coop\u00e9ration au minist\u00e8re du Tourisme, de l\u2019Artisanat, du Transport a\u00e9rien et de l\u2019\u00c9conomie sociale, a consid\u00e9r\u00e9 cet atelier comme un rendez-vous propice pour examiner les moyens de nature \u00e0 faciliter l\u2019acc\u00e8s aux cr\u00e9dits pour les jeunes entrepreneurs et les tr\u00e8s petites entreprises.<\/p>\n<p>Il s\u2019agit \u00e9galement d\u2019une occasion de mettre en avant les produits bancaires utilis\u00e9s auxquels les acteurs de l\u2019artisanat ont recours et de relever les difficult\u00e9s et les d\u00e9fis de ces artisans pour b\u00e9n\u00e9ficier du financement.<\/p>\n<p>Ainsi, cette conf\u00e9rence vient favoriser un terrain d\u2019entente entre les artisans et le secteur bancaire pour qu\u2019ils profitent de produits bancaires plus ad\u00e9quats et diversifi\u00e9s, a-t-elle dit.<\/p>\n<p>Au terme de cette conf\u00e9rence, la ministre du Tourisme, de l\u2019Artisanat, du Transport a\u00e9rien et de l\u2019\u00c9conomie sociale, Mme Nadia Fettah Alaoui a proc\u00e9d\u00e9 \u00e0 la remise des prix et des dipl\u00f4mes aux artisans, rep\u00e9sentant plusieurs r\u00e9gions du Royaume, qui se sont distingu\u00e9s avec leurs \u0153uvres, en pr\u00e9sence notamment du directeur g\u00e9n\u00e9ral de la Maison de l\u2019Artisan (MDA), Abdallah Aadnani.<\/p>\n<p>Organis\u00e9e \u00e0 l\u2019initiative du minist\u00e8re du Tourisme, de l\u2019Artisanat, du Transport a\u00e9rien et de l\u2019\u00c9conomie sociale, \u00e0 travers la Maison de l\u2019artisan, la SNA-2020 vise \u00e0 construire une image de marque de l\u2019artisanat marocain, faire de cet \u00e9v\u00e9nement un espace de rencontres incontournable pour les artisans qui souhaitent mettre en valeur leurs cr\u00e9ations, s\u2019informer sur l\u2019\u00e9volution des tendances et trouver de nouveaux d\u00e9bouch\u00e9s, ainsi qu\u2019aider \u00e0 la commercialisation du produit tout en pr\u00e9servant et am\u00e9liorant les revenus des artisans.<\/p>\n<p>Am\u00e9nag\u00e9 sur 50.000m2, ce salon accueille environ 1.200 exposants, issus des 12 r\u00e9gions du Maroc, artisans individuels, coop\u00e9ratives et entreprises d\u2019artisanat, repr\u00e9sentant tous les m\u00e9tiers et les arts de l\u2019artisanat marocain.<\/p>\n<p>La 6\u00e8me Semaine nationale de l\u2019artisanat est marqu\u00e9e par l\u2019am\u00e9nagement d\u2019un stand sp\u00e9cial d\u00e9di\u00e9 \u00e0 la pr\u00e9servation des m\u00e9tiers menac\u00e9s de disparition, le prolongement de la p\u00e9riode d\u2019exposition d\u2019une \u00e0 deux semaines et par la participation de plusieurs pays amis en tant qu\u2019invit\u00e9s d\u2019honneur : La Tunisie, la Mauritanie, le Chili, l\u2019Indon\u00e9sie et l\u2019Inde.<\/p>\n<\/div>\n<p>Auteur: Meriem IGASS<br \/>\n<a href=\"http:\/\/www.mapmarrakech.ma\/fr\/artisanat-5\/\">Cliquez ici pour lire l&rsquo;article depuis sa source.<\/a><\/p>\n","protected":false},"excerpt":{"rendered":"<p>Marrakech \u2013 Les participants \u00e0 un workshop ont d\u00e9battu, mercredi \u00e0 Marrakech, des moyens de financement dans le secteur de l\u2019artisanat afin de pr\u00e9server et promouvoir cette composante essentielle de la culture et de l\u2019histoire des pays. Organis\u00e9e dans le cadre de la sixi\u00e8me semaine nationale de l\u2019artisanat (SNA-2020), qui se tient du 12 au [&hellip;]<\/p>\n","protected":false},"author":1788,"featured_media":0,"comment_status":"closed","ping_status":"closed","sticky":false,"template":"","format":"standard","meta":{"fifu_image_url":"","fifu_image_alt":"","footnotes":""},"categories":[54,76],"tags":[],"class_list":["post-73784","post","type-post","status-publish","format-standard","hentry","category-maroc","category-regions"],"_links":{"self":[{"href":"https:\/\/linitiative.ca\/International\/wp-json\/wp\/v2\/posts\/73784","targetHints":{"allow":["GET"]}}],"collection":[{"href":"https:\/\/linitiative.ca\/International\/wp-json\/wp\/v2\/posts"}],"about":[{"href":"https:\/\/linitiative.ca\/International\/wp-json\/wp\/v2\/types\/post"}],"author":[{"embeddable":true,"href":"https:\/\/linitiative.ca\/International\/wp-json\/wp\/v2\/users\/1788"}],"replies":[{"embeddable":true,"href":"https:\/\/linitiative.ca\/International\/wp-json\/wp\/v2\/comments?post=73784"}],"version-history":[{"count":0,"href":"https:\/\/linitiative.ca\/International\/wp-json\/wp\/v2\/posts\/73784\/revisions"}],"wp:attachment":[{"href":"https:\/\/linitiative.ca\/International\/wp-json\/wp\/v2\/media?parent=73784"}],"wp:term":[{"taxonomy":"category","embeddable":true,"href":"https:\/\/linitiative.ca\/International\/wp-json\/wp\/v2\/categories?post=73784"},{"taxonomy":"post_tag","embeddable":true,"href":"https:\/\/linitiative.ca\/International\/wp-json\/wp\/v2\/tags?post=73784"}],"curies":[{"name":"wp","href":"https:\/\/api.w.org\/{rel}","templated":true}]}}