{"id":73790,"date":"2020-01-22T13:37:56","date_gmt":"2020-01-22T18:37:56","guid":{"rendered":"https:\/\/linitiative.ca\/International\/inhumation-de-la-depouille-de-ahmed-benaoum-a-mascara\/"},"modified":"2020-01-22T13:37:56","modified_gmt":"2020-01-22T18:37:56","slug":"inhumation-de-la-depouille-de-ahmed-benaoum-a-mascara","status":"publish","type":"post","link":"https:\/\/linitiative.ca\/International\/inhumation-de-la-depouille-de-ahmed-benaoum-a-mascara\/","title":{"rendered":"Inhumation de la d\u00e9pouille de Ahmed Benaoum \u00e0 Mascara"},"content":{"rendered":"<p><span class=\"sp-nh-title\">Publication de l&rsquo;ouvrage l&rsquo;administration \u00e9lectronique, un syst\u00e8me technique et humain int\u00e9gr\u00e9<\/span> &#8211; <span class=\"sp-nh-date\">mercredi 22 janvier 2020 19:42<\/span><\/p>\n<p><span class=\"sp-nh-title\">Micro-entreprises: vers l&rsquo;\u00e9laboration d&rsquo;une cartographie des activit\u00e9s<\/span> &#8211; <span class=\"sp-nh-date\">mercredi 22 janvier 2020 19:42<\/span><\/p>\n<p><span class=\"sp-nh-title\">Inhumation de la d\u00e9pouille de Ahmed Benaoum \u00e0 Mascara<\/span> &#8211; <span class=\"sp-nh-date\">mercredi 22 janvier 2020 19:37<\/span><\/p>\n<p><span class=\"sp-nh-title\">Lutte contre la criminalit\u00e9 frontali\u00e8re : plus de 21.000 affaires trait\u00e9es en 2019<\/span> &#8211; <span class=\"sp-nh-date\">mercredi 22 janvier 2020 19:28<\/span><\/p>\n<p><span class=\"sp-nh-title\">R\u00e9vision de la Constitution: publication du d\u00e9cret portant cr\u00e9ation d\u2019un comit\u00e9 d\u2019experts<\/span> &#8211; <span class=\"sp-nh-date\">mercredi 22 janvier 2020 19:24<\/span><\/p>\n<p><span class=\"sp-nh-title\">Futsal\/CAN \u00e0 La\u00e2youne occup\u00e9e: la FIACS d\u00e9plore l&rsquo;instrumentalisation politique du sport<\/span> &#8211; <span class=\"sp-nh-date\">mercredi 22 janvier 2020 19:23<\/span><\/p>\n<p><span class=\"sp-nh-title\">Protection civile: l&rsquo;Alg\u00e9rie veut renforcer ses capacit\u00e9s d&rsquo;intervention aux normes INSARAG<\/span> &#8211; <span class=\"sp-nh-date\">mercredi 22 janvier 2020 19:16<\/span><\/p>\n<p><span class=\"sp-nh-title\">Produits forestiers: une vingtaine de micro-entreprises cr\u00e9\u00e9es en 2019<\/span> &#8211; <span class=\"sp-nh-date\">mercredi 22 janvier 2020 19:07<\/span><\/p>\n<p><span class=\"sp-nh-title\">Tizi-Ouzou: \u00e9valuation des r\u00e9sultats de la coop\u00e9ration alg\u00e9ro-britanique dans le domaine \u00e9ducatif<\/span> &#8211; <span class=\"sp-nh-date\">mercredi 22 janvier 2020 18:48<\/span><\/p>\n<p><span class=\"sp-nh-title\">Le site de la nouvelle mosa\u00efque d\u00e9couverte \u00e0 N\u00e9gride serait probablement celui d\u2019un thermes romain<\/span> &#8211; <span class=\"sp-nh-date\">mercredi 22 janvier 2020 18:42<\/span><\/p>\n<p><span class=\"sp-nh-title\">Le premier rapport sur la situation de l&rsquo;Enfance \u00e9labor\u00e9 dans les toutes prochaines semaines<\/span> &#8211; <span class=\"sp-nh-date\">mercredi 22 janvier 2020 18:32<\/span><\/p>\n<p><span class=\"sp-nh-title\">S\u00e9curisation des routes: plus de 2000 patrouilles h\u00e9liport\u00e9es en 2019<\/span> &#8211; <span class=\"sp-nh-date\">mercredi 22 janvier 2020 18:21<\/span><\/p>\n<p><span class=\"sp-nh-title\">LF 2020: l&rsquo;importance de la digitalisation de l\u2019administration fiscale mise en exergue<\/span> &#8211; <span class=\"sp-nh-date\">mercredi 22 janvier 2020 18:15<\/span><\/p>\n<p><span class=\"sp-nh-title\">Comm\u00e9moration du 60e anniversaire de la cr\u00e9ation de l\u2019\u00e9tat-major de l\u2019ALN<\/span> &#8211; <span class=\"sp-nh-date\">mercredi 22 janvier 2020 18:13<\/span><\/p>\n<p><span class=\"sp-nh-title\">Salon international d&rsquo;agriculture Agribio 2020 : 50 exposants \u00e0 Oran<\/span> &#8211; <span class=\"sp-nh-date\">mercredi 22 janvier 2020 18:05<\/span><\/p>\n<p><span class=\"sp-nh-title\">Wassiet El Hattab , nouvelle pi\u00e8ce th\u00e9\u00e2trale de l\u2019association El Masrah El Hor (Milev 86)<\/span> &#8211; <span class=\"sp-nh-date\">mercredi 22 janvier 2020 18:01<\/span><\/p>\n<p><span class=\"sp-nh-title\">Le ministre allemand des Affaires \u00e9trang\u00e8res en visite de travail jeudi en Alg\u00e9rie<\/span> &#8211; <span class=\"sp-nh-date\">mercredi 22 janvier 2020 17:52<\/span><\/p>\n<p><span class=\"sp-nh-title\">26e op\u00e9ration de relogement \u00e0 Alger: 108 familles relog\u00e9es dans des appartements neufs<\/span> &#8211; <span class=\"sp-nh-date\">mercredi 22 janvier 2020 17:41<\/span><\/p>\n<p><span class=\"sp-nh-title\">Tlemcen : ouverture de l\u2019acad\u00e9mie internationale de course d\u2019orientation<\/span> &#8211; <span class=\"sp-nh-date\">mercredi 22 janvier 2020 17:24<\/span><\/p>\n<p><span class=\"sp-nh-title\">Mostaganem: la valorisation des agrumes passe par leur labellisation<\/span> &#8211; <span class=\"sp-nh-date\">mercredi 22 janvier 2020 17:21<\/span><\/p>\n<p>Auteur:<br \/>\n<a href=\"http:\/\/www.aps.dz\/regions\/100509-inhumation-de-la-depouille-de-ahmed-benaoum-a-mascara\">Cliquez ici pour lire l&rsquo;article depuis sa source.<\/a><\/p>\n","protected":false},"excerpt":{"rendered":"<p>Publication de l&rsquo;ouvrage l&rsquo;administration \u00e9lectronique, un syst\u00e8me technique et humain int\u00e9gr\u00e9 &#8211; mercredi 22 janvier 2020 19:42 Micro-entreprises: vers l&rsquo;\u00e9laboration d&rsquo;une cartographie des activit\u00e9s &#8211; mercredi 22 janvier 2020 19:42 Inhumation de la d\u00e9pouille de Ahmed Benaoum \u00e0 Mascara &#8211; mercredi 22 janvier 2020 19:37 Lutte contre la criminalit\u00e9 frontali\u00e8re : plus de 21.000 affaires [&hellip;]<\/p>\n","protected":false},"author":1790,"featured_media":0,"comment_status":"closed","ping_status":"closed","sticky":false,"template":"","format":"standard","meta":{"fifu_image_url":"","fifu_image_alt":"","footnotes":""},"categories":[53,76],"tags":[],"class_list":["post-73790","post","type-post","status-publish","format-standard","hentry","category-algerie","category-regions"],"_links":{"self":[{"href":"https:\/\/linitiative.ca\/International\/wp-json\/wp\/v2\/posts\/73790","targetHints":{"allow":["GET"]}}],"collection":[{"href":"https:\/\/linitiative.ca\/International\/wp-json\/wp\/v2\/posts"}],"about":[{"href":"https:\/\/linitiative.ca\/International\/wp-json\/wp\/v2\/types\/post"}],"author":[{"embeddable":true,"href":"https:\/\/linitiative.ca\/International\/wp-json\/wp\/v2\/users\/1790"}],"replies":[{"embeddable":true,"href":"https:\/\/linitiative.ca\/International\/wp-json\/wp\/v2\/comments?post=73790"}],"version-history":[{"count":0,"href":"https:\/\/linitiative.ca\/International\/wp-json\/wp\/v2\/posts\/73790\/revisions"}],"wp:attachment":[{"href":"https:\/\/linitiative.ca\/International\/wp-json\/wp\/v2\/media?parent=73790"}],"wp:term":[{"taxonomy":"category","embeddable":true,"href":"https:\/\/linitiative.ca\/International\/wp-json\/wp\/v2\/categories?post=73790"},{"taxonomy":"post_tag","embeddable":true,"href":"https:\/\/linitiative.ca\/International\/wp-json\/wp\/v2\/tags?post=73790"}],"curies":[{"name":"wp","href":"https:\/\/api.w.org\/{rel}","templated":true}]}}