{"id":73802,"date":"2020-01-22T15:13:57","date_gmt":"2020-01-22T20:13:57","guid":{"rendered":"https:\/\/linitiative.ca\/International\/international-sa-passion-pour-le-foot-sa-relation-avec-les-fans-rossoneri-et-son-maillot-n4-les-confidences-de-bennacer\/"},"modified":"2020-01-22T15:13:57","modified_gmt":"2020-01-22T20:13:57","slug":"international-sa-passion-pour-le-foot-sa-relation-avec-les-fans-rossoneri-et-son-maillot-n4-les-confidences-de-bennacer","status":"publish","type":"post","link":"https:\/\/linitiative.ca\/International\/international-sa-passion-pour-le-foot-sa-relation-avec-les-fans-rossoneri-et-son-maillot-n4-les-confidences-de-bennacer\/","title":{"rendered":"International : Sa passion pour le foot, sa relation avec les fans Rossoneri et son maillot n\u00b04\u2026 les confidences de Bennacer"},"content":{"rendered":"<div readability=\"32\">\n<p>Auteur : <span class=\"time\">mercredi 22 janvier 2020 18:44<\/span><\/p>\n<\/div>\n<div id=\"post_core\" readability=\"70\">\n<p><u><strong>Sa passion pour le football:<\/strong><\/u> \u00ab\u00c0 7-8 ans, je jouais en dehors de l\u2019\u00e9cole, j\u2019avais toujours le ballon avec moi. Quand j\u2019ai commenc\u00e9 \u00e0 jouer au football, je n\u2019\u00e9tais pas le meilleur. J\u2019\u00e9tais aussi moins fort que les autres amis qui jouaient avec moi, mais je r\u00eavais de devenir footballeur. J\u2019avais ce r\u00eave dans la t\u00eate, mais je ne savais pas si \u00e7a pouvait se r\u00e9aliser. C\u2019\u00e9tait difficile: il fallait avoir un peu de tout. Il fallait \u00eatre tr\u00e8s fort, fort d\u2019avoir un peu de chance. J\u2019ai eu tout \u00e7a.\u00bb<\/p>\n<p><u><strong>Sur le maillot num\u00e9ro 4 de Milan:<\/strong><\/u> \u00abMon premier maillot de d\u00e9part \u00e9tait contre Brescia, quand je l\u2019ai mis pour la premi\u00e8re fois, c\u2019\u00e9tait agr\u00e9able. \u00c0 l\u2019entra\u00eenement et en match, je vois le logo de Milan et les 7 Champions sur l\u2019\u00e9paule et c\u2019est toujours une \u00e9motion. Je veux bien faire, bien s\u00fbr, je sais que je dois faire encore mieux. Lentement, j\u2019apprends, je suis tr\u00e8s heureux d\u2019\u00eatre ici. J\u2019apprends beaucoup, je fais partie de ceux qui travaillent beaucoup.\u00bb<\/p>\n<p><u><strong>Trois choses qui repr\u00e9sentent Milan:<\/strong><\/u> \u00abMode, Piazza Duomo et San Siro\u00bb<\/p>\n<p><u><strong>Sur son premier impact avec San Siro et les fans de Rossoneri:<\/strong><\/u> \u00abL\u2019an dernier avec Empoli, quand je suis venu ici, mes jambes tremblaient. C\u2019\u00e9tait incroyable, les fans, tout. Cela me rappelle un peu le V\u00e9lodrome de Marseille: \u00e0 Milan, ils ont beaucoup de ferveur et je le ressens \u00e0 chaque match auquel je joue, m\u00eame si nous ne nous sentons pas bien, nous sentons tous les fans derri\u00e8re nous, c\u2019est tr\u00e8s agr\u00e9able.\u00bb<\/p>\n<p><strong>Publi\u00e9 dans :<\/strong> <span>BENNACER<\/span><\/p>\n<\/div>\n<p>Auteur:<br \/>\n<a href=\"http:\/\/www.lebuteur.com\/article\/detail?titre=sa-passion-pour-le-foot-sa-relation-avec-les-fans-rossoneri-et-son-maillot-n%C2%B04%E2%80%A6-les-confidences-de-bennacer&#038;id=94335&#038;utm_source=feedburner&#038;utm_medium=feed&#038;utm_campaign=Feed%3A+GalerieFArtciles+%28Les+derniers+articles++-+lebuteur.com%29\">Cliquez ici pour lire l&rsquo;article depuis sa source.<\/a><\/p>\n","protected":false},"excerpt":{"rendered":"<p>Auteur : mercredi 22 janvier 2020 18:44 Sa passion pour le football: \u00ab\u00c0 7-8 ans, je jouais en dehors de l\u2019\u00e9cole, j\u2019avais toujours le ballon avec moi. Quand j\u2019ai commenc\u00e9 \u00e0 jouer au football, je n\u2019\u00e9tais pas le meilleur. J\u2019\u00e9tais aussi moins fort que les autres amis qui jouaient avec moi, mais je r\u00eavais de [&hellip;]<\/p>\n","protected":false},"author":1738,"featured_media":73803,"comment_status":"closed","ping_status":"closed","sticky":false,"template":"","format":"standard","meta":{"fifu_image_url":"","fifu_image_alt":"","footnotes":""},"categories":[53,75],"tags":[],"class_list":["post-73802","post","type-post","status-publish","format-standard","has-post-thumbnail","hentry","category-algerie","category-sport"],"_links":{"self":[{"href":"https:\/\/linitiative.ca\/International\/wp-json\/wp\/v2\/posts\/73802","targetHints":{"allow":["GET"]}}],"collection":[{"href":"https:\/\/linitiative.ca\/International\/wp-json\/wp\/v2\/posts"}],"about":[{"href":"https:\/\/linitiative.ca\/International\/wp-json\/wp\/v2\/types\/post"}],"author":[{"embeddable":true,"href":"https:\/\/linitiative.ca\/International\/wp-json\/wp\/v2\/users\/1738"}],"replies":[{"embeddable":true,"href":"https:\/\/linitiative.ca\/International\/wp-json\/wp\/v2\/comments?post=73802"}],"version-history":[{"count":0,"href":"https:\/\/linitiative.ca\/International\/wp-json\/wp\/v2\/posts\/73802\/revisions"}],"wp:featuredmedia":[{"embeddable":true,"href":"https:\/\/linitiative.ca\/International\/wp-json\/"}],"wp:attachment":[{"href":"https:\/\/linitiative.ca\/International\/wp-json\/wp\/v2\/media?parent=73802"}],"wp:term":[{"taxonomy":"category","embeddable":true,"href":"https:\/\/linitiative.ca\/International\/wp-json\/wp\/v2\/categories?post=73802"},{"taxonomy":"post_tag","embeddable":true,"href":"https:\/\/linitiative.ca\/International\/wp-json\/wp\/v2\/tags?post=73802"}],"curies":[{"name":"wp","href":"https:\/\/api.w.org\/{rel}","templated":true}]}}