{"id":73804,"date":"2020-01-22T15:13:59","date_gmt":"2020-01-22T20:13:59","guid":{"rendered":"https:\/\/linitiative.ca\/International\/pros-le-transfert-de-slimani-va-passer-par-leicester-city\/"},"modified":"2020-01-22T15:13:59","modified_gmt":"2020-01-22T20:13:59","slug":"pros-le-transfert-de-slimani-va-passer-par-leicester-city","status":"publish","type":"post","link":"https:\/\/linitiative.ca\/International\/pros-le-transfert-de-slimani-va-passer-par-leicester-city\/","title":{"rendered":"Pros : Le transfert de Slimani va passer par Leicester City"},"content":{"rendered":"<div readability=\"32\">\n<p>Auteur : <span class=\"time\">mercredi 22 janvier 2020 18:54<\/span><\/p>\n<\/div>\n<div id=\"post_core\" readability=\"44\">\n<p>L&rsquo;entra\u00eeneur de Leicester City, Brendan Rodgers, a indiqu\u00e9 qu&rsquo;un \u00e9ventuel transfert de l&rsquo;attaquant, Islam Slimani, pr\u00eat\u00e9 cette saison \u00e0 l&rsquo;AS Monaco, devrait passera par club: \u00ab\u00a0Slimani est pr\u00eat\u00e9 et il y a un accord pour qu&rsquo;il soit de retour \u00e0 la fin de la saison, donc s&rsquo;il y a une \u00e9quipe qui est int\u00e9ress\u00e9e \u00e0 reprendre ce pr\u00eat, elle contactera les gens ici \u00e0 Leicester City. C&rsquo;est quelque chose qui passera par le club.\u00a0 Pour le moment, il n&rsquo;y a rien \u00e0 ajouter \u00e0 ce sujet.\u00bb a-t-il d\u00e9clar\u00e9 lors d&rsquo;une conf\u00e9rence de presse, cit\u00e9 mercredi par les m\u00e9dias locaux.<\/p>\n<p><strong>Publi\u00e9 dans :<\/strong> <span>slimani<\/span><\/p>\n<\/div>\n<p>Auteur:<br \/>\n<a href=\"http:\/\/www.lebuteur.com\/article\/detail?titre=le-transfert-de-slimani-va-passer-par-leicester-city&#038;id=94336&#038;utm_source=feedburner&#038;utm_medium=feed&#038;utm_campaign=Feed%3A+GalerieFArtciles+%28Les+derniers+articles++-+lebuteur.com%29\">Cliquez ici pour lire l&rsquo;article depuis sa source.<\/a><\/p>\n","protected":false},"excerpt":{"rendered":"<p>Auteur : mercredi 22 janvier 2020 18:54 L&rsquo;entra\u00eeneur de Leicester City, Brendan Rodgers, a indiqu\u00e9 qu&rsquo;un \u00e9ventuel transfert de l&rsquo;attaquant, Islam Slimani, pr\u00eat\u00e9 cette saison \u00e0 l&rsquo;AS Monaco, devrait passera par club: \u00ab\u00a0Slimani est pr\u00eat\u00e9 et il y a un accord pour qu&rsquo;il soit de retour \u00e0 la fin de la saison, donc s&rsquo;il y [&hellip;]<\/p>\n","protected":false},"author":1738,"featured_media":73805,"comment_status":"closed","ping_status":"closed","sticky":false,"template":"","format":"standard","meta":{"fifu_image_url":"","fifu_image_alt":"","footnotes":""},"categories":[53,75],"tags":[],"class_list":["post-73804","post","type-post","status-publish","format-standard","has-post-thumbnail","hentry","category-algerie","category-sport"],"_links":{"self":[{"href":"https:\/\/linitiative.ca\/International\/wp-json\/wp\/v2\/posts\/73804","targetHints":{"allow":["GET"]}}],"collection":[{"href":"https:\/\/linitiative.ca\/International\/wp-json\/wp\/v2\/posts"}],"about":[{"href":"https:\/\/linitiative.ca\/International\/wp-json\/wp\/v2\/types\/post"}],"author":[{"embeddable":true,"href":"https:\/\/linitiative.ca\/International\/wp-json\/wp\/v2\/users\/1738"}],"replies":[{"embeddable":true,"href":"https:\/\/linitiative.ca\/International\/wp-json\/wp\/v2\/comments?post=73804"}],"version-history":[{"count":0,"href":"https:\/\/linitiative.ca\/International\/wp-json\/wp\/v2\/posts\/73804\/revisions"}],"wp:featuredmedia":[{"embeddable":true,"href":"https:\/\/linitiative.ca\/International\/wp-json\/"}],"wp:attachment":[{"href":"https:\/\/linitiative.ca\/International\/wp-json\/wp\/v2\/media?parent=73804"}],"wp:term":[{"taxonomy":"category","embeddable":true,"href":"https:\/\/linitiative.ca\/International\/wp-json\/wp\/v2\/categories?post=73804"},{"taxonomy":"post_tag","embeddable":true,"href":"https:\/\/linitiative.ca\/International\/wp-json\/wp\/v2\/tags?post=73804"}],"curies":[{"name":"wp","href":"https:\/\/api.w.org\/{rel}","templated":true}]}}