{"id":73806,"date":"2020-01-22T15:14:01","date_gmt":"2020-01-22T20:14:01","guid":{"rendered":"https:\/\/linitiative.ca\/International\/pros-gattuso-ghoulam-ne-se-porte-pas-bien\/"},"modified":"2020-01-22T15:14:01","modified_gmt":"2020-01-22T20:14:01","slug":"pros-gattuso-ghoulam-ne-se-porte-pas-bien","status":"publish","type":"post","link":"https:\/\/linitiative.ca\/International\/pros-gattuso-ghoulam-ne-se-porte-pas-bien\/","title":{"rendered":"Pros : Gattuso : \u00abGhoulam ne se porte pas bien\u00bb"},"content":{"rendered":"<div readability=\"32\">\n<p>Auteur : <span class=\"time\">mercredi 22 janvier 2020 18:57<\/span><\/p>\n<\/div>\n<div id=\"post_core\" readability=\"39\">\n<p>L\u2019entra\u00eeneur de Naples, Gennaro Gattuso s\u2019est confi\u00e9 sur l\u2019\u00e9tat de forme de son d\u00e9fenseur Alg\u00e9rien, Faouzi Ghoulam. Bless\u00e9 depuis quelques semaines, le lat\u00e9ral gauche Alg\u00e9rien n\u2019a pas encore repris le chemin de la comp\u00e9tition. Pr\u00e9sent en conf\u00e9rence de presse apr\u00e8s le match de coupe face \u00e0 la Lazio, Gennaro Gattuso a d\u00e9clar\u00e9\u00a0:\u00a0\u00abFaouzi Ghoulam ne se porte pas bien.\u00bb<\/p>\n<p><strong>Publi\u00e9 dans :<\/strong> <span>ghoulam<\/span><\/p>\n<\/div>\n<p>Auteur:<br \/>\n<a href=\"http:\/\/www.lebuteur.com\/article\/detail?titre=gattuso-ghoulam-ne-se-porte-pas-bien&#038;id=94337&#038;utm_source=feedburner&#038;utm_medium=feed&#038;utm_campaign=Feed%3A+GalerieFArtciles+%28Les+derniers+articles++-+lebuteur.com%29\">Cliquez ici pour lire l&rsquo;article depuis sa source.<\/a><\/p>\n","protected":false},"excerpt":{"rendered":"<p>Auteur : mercredi 22 janvier 2020 18:57 L\u2019entra\u00eeneur de Naples, Gennaro Gattuso s\u2019est confi\u00e9 sur l\u2019\u00e9tat de forme de son d\u00e9fenseur Alg\u00e9rien, Faouzi Ghoulam. Bless\u00e9 depuis quelques semaines, le lat\u00e9ral gauche Alg\u00e9rien n\u2019a pas encore repris le chemin de la comp\u00e9tition. Pr\u00e9sent en conf\u00e9rence de presse apr\u00e8s le match de coupe face \u00e0 la Lazio, [&hellip;]<\/p>\n","protected":false},"author":1738,"featured_media":73807,"comment_status":"closed","ping_status":"closed","sticky":false,"template":"","format":"standard","meta":{"fifu_image_url":"","fifu_image_alt":"","footnotes":""},"categories":[53,75],"tags":[],"class_list":["post-73806","post","type-post","status-publish","format-standard","has-post-thumbnail","hentry","category-algerie","category-sport"],"_links":{"self":[{"href":"https:\/\/linitiative.ca\/International\/wp-json\/wp\/v2\/posts\/73806","targetHints":{"allow":["GET"]}}],"collection":[{"href":"https:\/\/linitiative.ca\/International\/wp-json\/wp\/v2\/posts"}],"about":[{"href":"https:\/\/linitiative.ca\/International\/wp-json\/wp\/v2\/types\/post"}],"author":[{"embeddable":true,"href":"https:\/\/linitiative.ca\/International\/wp-json\/wp\/v2\/users\/1738"}],"replies":[{"embeddable":true,"href":"https:\/\/linitiative.ca\/International\/wp-json\/wp\/v2\/comments?post=73806"}],"version-history":[{"count":0,"href":"https:\/\/linitiative.ca\/International\/wp-json\/wp\/v2\/posts\/73806\/revisions"}],"wp:featuredmedia":[{"embeddable":true,"href":"https:\/\/linitiative.ca\/International\/wp-json\/"}],"wp:attachment":[{"href":"https:\/\/linitiative.ca\/International\/wp-json\/wp\/v2\/media?parent=73806"}],"wp:term":[{"taxonomy":"category","embeddable":true,"href":"https:\/\/linitiative.ca\/International\/wp-json\/wp\/v2\/categories?post=73806"},{"taxonomy":"post_tag","embeddable":true,"href":"https:\/\/linitiative.ca\/International\/wp-json\/wp\/v2\/tags?post=73806"}],"curies":[{"name":"wp","href":"https:\/\/api.w.org\/{rel}","templated":true}]}}