{"id":73810,"date":"2020-01-22T15:14:05","date_gmt":"2020-01-22T20:14:05","guid":{"rendered":"https:\/\/linitiative.ca\/International\/pros-naoufel-khacef-aimerait-evoluer-a-marseille\/"},"modified":"2020-01-22T15:14:05","modified_gmt":"2020-01-22T20:14:05","slug":"pros-naoufel-khacef-aimerait-evoluer-a-marseille","status":"publish","type":"post","link":"https:\/\/linitiative.ca\/International\/pros-naoufel-khacef-aimerait-evoluer-a-marseille\/","title":{"rendered":"Pros : Naoufel Khacef aimerait \u00e9voluer \u00e0 Marseille"},"content":{"rendered":"<div readability=\"32\">\n<p>Auteur : <span class=\"time\">mercredi 22 janvier 2020 20:32<\/span><\/p>\n<\/div>\n<div id=\"post_core\" readability=\"59\">\n<p>Le joueur du club alg\u00e9rien de Hussein Dey a \u00e9t\u00e9 propos\u00e9 \u00e0 l&rsquo;OM par son agent Mehdi Ait-Ahmed. L&rsquo;OM n&rsquo;a pas encore donn\u00e9 sa r\u00e9ponse :<\/p>\n<p>\u00ab\u00a0On a propos\u00e9 le joueur \u00e0 Andoni Zubizarreta (le directeur sportif de l&rsquo;OM, ndlr) pour cet hiver, mais nous n&rsquo;avons toujours pas de r\u00e9ponse, sachant que l&rsquo;OM semble plus concentr\u00e9 sur les d\u00e9parts que sur les arriv\u00e9es\u00a0\u00bb, confie le repr\u00e9sentant au site Le Phoc\u00e9en.<\/p>\n<p>En proie \u00e0 des soucis financiers, Marseille doit en effet vendre avant d&rsquo;acheter : \u00ab\u00a0Il peut sortir d\u00e8s cet hiver pour une indemnit\u00e9 tr\u00e8s raisonnable, autour de 300 000 euros, le prix de Youcef Atal (Nice) \u00e0 l&rsquo;\u00e9poque o\u00f9 il est arriv\u00e9 en Belgique (Courtrai)\u00a0\u00bb , glisse l&rsquo;agent comme le rapporte Maxifoot. Toujours sans v\u00e9ritable doublure pour Jordan Amavi, l&rsquo;OM peut-il \u00eatre convaincu par ce tarif ? Au vu de la situation financi\u00e8re du club, ce n&rsquo;est m\u00eame pas s\u00fbr&#8230; Khacef fait de Marseille sa priorit\u00e9 Une chose est certaine, le joueur, lui, souhaite rejoindre Marseille. \u00ab\u00a0De son c\u00f4t\u00e9, Naoufel est un supporter marseillais depuis toujours et il r\u00eave de jouer dans ce club. Si Marseille est int\u00e9ress\u00e9, il n&rsquo;ira nulle part ailleurs, c&rsquo;est sa priorit\u00e9\u00a0\u00bb, assure Mehdi Ait-Ahmed.<\/p>\n<p><strong>Publi\u00e9 dans :<\/strong> <span>algerie<\/span><\/p>\n<\/div>\n<p>Auteur:<br \/>\n<a href=\"http:\/\/www.lebuteur.com\/article\/detail?titre=naoufel-khacef-aimerait-evoluer-a-marseille&#038;id=94339&#038;utm_source=feedburner&#038;utm_medium=feed&#038;utm_campaign=Feed%3A+GalerieFArtciles+%28Les+derniers+articles++-+lebuteur.com%29\">Cliquez ici pour lire l&rsquo;article depuis sa source.<\/a><\/p>\n","protected":false},"excerpt":{"rendered":"<p>Auteur : mercredi 22 janvier 2020 20:32 Le joueur du club alg\u00e9rien de Hussein Dey a \u00e9t\u00e9 propos\u00e9 \u00e0 l&rsquo;OM par son agent Mehdi Ait-Ahmed. L&rsquo;OM n&rsquo;a pas encore donn\u00e9 sa r\u00e9ponse : \u00ab\u00a0On a propos\u00e9 le joueur \u00e0 Andoni Zubizarreta (le directeur sportif de l&rsquo;OM, ndlr) pour cet hiver, mais nous n&rsquo;avons toujours pas [&hellip;]<\/p>\n","protected":false},"author":1738,"featured_media":73811,"comment_status":"closed","ping_status":"closed","sticky":false,"template":"","format":"standard","meta":{"fifu_image_url":"","fifu_image_alt":"","footnotes":""},"categories":[53,75],"tags":[],"class_list":["post-73810","post","type-post","status-publish","format-standard","has-post-thumbnail","hentry","category-algerie","category-sport"],"_links":{"self":[{"href":"https:\/\/linitiative.ca\/International\/wp-json\/wp\/v2\/posts\/73810","targetHints":{"allow":["GET"]}}],"collection":[{"href":"https:\/\/linitiative.ca\/International\/wp-json\/wp\/v2\/posts"}],"about":[{"href":"https:\/\/linitiative.ca\/International\/wp-json\/wp\/v2\/types\/post"}],"author":[{"embeddable":true,"href":"https:\/\/linitiative.ca\/International\/wp-json\/wp\/v2\/users\/1738"}],"replies":[{"embeddable":true,"href":"https:\/\/linitiative.ca\/International\/wp-json\/wp\/v2\/comments?post=73810"}],"version-history":[{"count":0,"href":"https:\/\/linitiative.ca\/International\/wp-json\/wp\/v2\/posts\/73810\/revisions"}],"wp:featuredmedia":[{"embeddable":true,"href":"https:\/\/linitiative.ca\/International\/wp-json\/"}],"wp:attachment":[{"href":"https:\/\/linitiative.ca\/International\/wp-json\/wp\/v2\/media?parent=73810"}],"wp:term":[{"taxonomy":"category","embeddable":true,"href":"https:\/\/linitiative.ca\/International\/wp-json\/wp\/v2\/categories?post=73810"},{"taxonomy":"post_tag","embeddable":true,"href":"https:\/\/linitiative.ca\/International\/wp-json\/wp\/v2\/tags?post=73810"}],"curies":[{"name":"wp","href":"https:\/\/api.w.org\/{rel}","templated":true}]}}