{"id":73815,"date":"2020-01-22T12:03:00","date_gmt":"2020-01-22T17:03:00","guid":{"rendered":"https:\/\/linitiative.ca\/International\/semence-de-pomme-de-terre-lautosuffisance-a-partir-de-2022\/"},"modified":"2020-01-22T12:03:00","modified_gmt":"2020-01-22T17:03:00","slug":"semence-de-pomme-de-terre-lautosuffisance-a-partir-de-2022","status":"publish","type":"post","link":"https:\/\/linitiative.ca\/International\/semence-de-pomme-de-terre-lautosuffisance-a-partir-de-2022\/","title":{"rendered":"Semence de pomme de terre :L\u2019autosuffisance \u00e0 partir de 2022"},"content":{"rendered":"<p>Dans l\u2019objectif de relever le d\u00e9fi de s\u00e9curisation des semences de pomme de terre, des efforts consid\u00e9rables sont d\u00e9ploy\u00e9s par le minist\u00e8re de l\u2019Agriculture et du d\u00e9veloppement rural.\u00a0<\/p>\n<p>Ce d\u00e9partement \u00a0a, en effet, actionn\u00e9\u00a0 une nouvelle dynamique o\u00f9 il s\u2019est engag\u00e9 d\u2019assurer la couverture, d\u2019ici \u00e0 2022, de l\u2019int\u00e9gralit\u00e9 des besoins nationaux en la mati\u00e8re et ce, \u00e0 travers une autosuffisance en mini-tubercules, a assur\u00e9 le P-DG du groupe de valorisation des produits agricoles, lors d\u2019une conf\u00e9rence de presse, anim\u00e9e, hier, au si\u00e8ge de GVAPRO.<\/p>\n<p>Selon Mustapha Belhanini, les pr\u00e9visions en la mati\u00e8re tablent sur un exc\u00e9dent\u00a0 devant se situer entre 150.000 et 200.000 tonnes de semences, soutenant que tout est d\u00e9sormais mis en branle pour \u00ab\u00a0optimiser\u00a0\u00bb les r\u00e9sultats. \u00ab\u00a0Le programme trac\u00e9 vise en fait \u00e0 r\u00e9duire progressivement les quantit\u00e9s import\u00e9es de graines de pomme de terre pour atteindre l&rsquo;autosuffisance et arr\u00eater ainsi compl\u00e8tement l\u2019importation de ces produits d\u2019ici \u00e0 2022\u00a0\u00bb, a-t-il affirm\u00e9 en soulignant par ailleurs les progr\u00e8s enregistr\u00e9s dans le domaine de la recherche et du d\u00e9veloppement de vari\u00e9t\u00e9s de semences produites localement.\u00a0<\/p>\n<p>Le conf\u00e9rencier fera remarquer, d\u2019autre part, que les op\u00e9rations d&rsquo;importation actuelles sont limit\u00e9es aux semences de pomme de terre de premi\u00e8re g\u00e9n\u00e9ration, lesquelles devraient, \u00eatre plus tard, d\u00e9velopp\u00e9es localement.<\/p>\n<p>Il faut savoir qu\u2019en tout et pour tout, l\u2019importation de semences de pomme de terre ne repr\u00e9sente que 20% des besoins nationaux. Cela constitue, tout de m\u00eame, une\u00a0 valeur d&rsquo;environ 80 millions d&rsquo;euros par an, a not\u00e9 le PD-G du groupe de valorisation des produits agricoles. Cette semence import\u00e9e est vendue sur le march\u00e9 de d\u00e9tail des agriculteurs \u00e0 des prix allant jusqu&rsquo;\u00e0 190 dinars \/ kg au moment o\u00f9 les semences produites localement \u2013 qui repr\u00e9sentent 80% et qui sont de qualit\u00e9 saine et marchande-,\u00a0 sont vendus aux agriculteurs pour 60 DA\/ Kg. Nos agriculteurs ont donc tout \u00e0 gagner en recourant \u00e0 l\u2019achat de semences produites localement. Aussi et selon les explications fournies par l\u2019expert, les\u00a0 semences import\u00e9es (de premi\u00e8re et deuxi\u00e8me g\u00e9n\u00e9rations) sont dirig\u00e9es vers la production de \u00a0graines dite \u00ab\u00a0Super Elite\u00a0\u00bb et \u00ab\u00a0Elite\u00a0\u00bb, \u00e0 partir desquelles l\u2019on pourrait \u00e9ventuellement arriver \u00e0 d\u00e9velopper d&rsquo;autres types de semences. Remarque importante \u00e0 mettre en exergue dans ce contexte, le secteur a compl\u00e8tement cess\u00e9 d&rsquo;importer la semence de type A. L\u2019on apprend d\u2019autre part que pour cette ann\u00e9e, l\u2019on s\u2019attend \u00e0 une production de 5 millions de tonnes de semence de deuxi\u00e8me g\u00e9n\u00e9ration et une appr\u00e9ciable quantit\u00e9 de premi\u00e8re g\u00e9n\u00e9ration.<\/p>\n<p>Belhanini s\u2019est longuement exprim\u00e9 \u00e0 propos du laboratoire central du groupe qui compte des ressources humaines comp\u00e9tentes et des \u00e9quipements de haute technologie. Ces \u00e9quipements ont \u00e9t\u00e9 mises \u00e0 niveau dans le cadre d&rsquo;un programme initi\u00e9 par le minist\u00e8re de l&rsquo;Agriculture d&rsquo;une valeur financi\u00e8re situ\u00e9 entre 30 et 35 milliard de centimes. Au niveau de ce laboratoire, tout fonctionne selon les normes internationales. Le programme mis en place par la tutelle a permis \u00e0 ce laboratoire de hisser le nombre des mini tubercules produits destin\u00e9s \u00e0 la culture de 400.000 \u00e0 1,5 million d\u2019unit\u00e9s. L\u2019ensemble de ces produits sont contr\u00f4l\u00e9s et suivis minutieusement.<\/p>\n<p>Annon\u00e7ant une cartographie de toutes les r\u00e9gions concern\u00e9s par les mini-tubercules,\u00a0 le m\u00eame responsable citera les wilayas d\u2019Ain Defla, Bouira, Guelma, Skikda et Mascara\u00a0; autant de r\u00e9gions o\u00f9 s\u2019effectuent notamment la production des graines de pomme de terre de premi\u00e8re g\u00e9n\u00e9ration. S\u2019exprimant par ailleurs \u00e0 propos de la pomme de terre, il a d\u00e9clar\u00e9 qu\u2019il existe actuellement une surproduction et pr\u00e9cis\u00e9 qu\u2019on est pass\u00e9 de 20 millions de quintaux \u00e0 60 millions actuellement.<\/p>\n<p><strong>Soraya Guemmouri<\/strong><\/p>\n<p>Auteur: elmoudjahid<br \/>\n<a href=\"http:\/\/www.elmoudjahid.com\/fr\/actualites\/147495\">Cliquez ici pour lire l&rsquo;article depuis sa source.<\/a><\/p>\n","protected":false},"excerpt":{"rendered":"<p>Dans l\u2019objectif de relever le d\u00e9fi de s\u00e9curisation des semences de pomme de terre, des efforts consid\u00e9rables sont d\u00e9ploy\u00e9s par le minist\u00e8re de l\u2019Agriculture et du d\u00e9veloppement rural.\u00a0 Ce d\u00e9partement \u00a0a, en effet, actionn\u00e9\u00a0 une nouvelle dynamique o\u00f9 il s\u2019est engag\u00e9 d\u2019assurer la couverture, d\u2019ici \u00e0 2022, de l\u2019int\u00e9gralit\u00e9 des besoins nationaux en la mati\u00e8re [&hellip;]<\/p>\n","protected":false},"author":1744,"featured_media":0,"comment_status":"closed","ping_status":"closed","sticky":false,"template":"","format":"standard","meta":{"fifu_image_url":"","fifu_image_alt":"","footnotes":""},"categories":[73,53],"tags":[],"class_list":["post-73815","post","type-post","status-publish","format-standard","hentry","category-actualite","category-algerie"],"_links":{"self":[{"href":"https:\/\/linitiative.ca\/International\/wp-json\/wp\/v2\/posts\/73815","targetHints":{"allow":["GET"]}}],"collection":[{"href":"https:\/\/linitiative.ca\/International\/wp-json\/wp\/v2\/posts"}],"about":[{"href":"https:\/\/linitiative.ca\/International\/wp-json\/wp\/v2\/types\/post"}],"author":[{"embeddable":true,"href":"https:\/\/linitiative.ca\/International\/wp-json\/wp\/v2\/users\/1744"}],"replies":[{"embeddable":true,"href":"https:\/\/linitiative.ca\/International\/wp-json\/wp\/v2\/comments?post=73815"}],"version-history":[{"count":0,"href":"https:\/\/linitiative.ca\/International\/wp-json\/wp\/v2\/posts\/73815\/revisions"}],"wp:attachment":[{"href":"https:\/\/linitiative.ca\/International\/wp-json\/wp\/v2\/media?parent=73815"}],"wp:term":[{"taxonomy":"category","embeddable":true,"href":"https:\/\/linitiative.ca\/International\/wp-json\/wp\/v2\/categories?post=73815"},{"taxonomy":"post_tag","embeddable":true,"href":"https:\/\/linitiative.ca\/International\/wp-json\/wp\/v2\/tags?post=73815"}],"curies":[{"name":"wp","href":"https:\/\/api.w.org\/{rel}","templated":true}]}}