{"id":73816,"date":"2020-01-22T12:50:00","date_gmt":"2020-01-22T17:50:00","guid":{"rendered":"https:\/\/linitiative.ca\/International\/le-premier-rapport-sur-la-situation-de-lenfance-elabore-dans-les-toutes-prochaines-semaines\/"},"modified":"2020-01-22T12:50:00","modified_gmt":"2020-01-22T17:50:00","slug":"le-premier-rapport-sur-la-situation-de-lenfance-elabore-dans-les-toutes-prochaines-semaines","status":"publish","type":"post","link":"https:\/\/linitiative.ca\/International\/le-premier-rapport-sur-la-situation-de-lenfance-elabore-dans-les-toutes-prochaines-semaines\/","title":{"rendered":"Le premier rapport sur la situation de l&rsquo;Enfance \u00e9labor\u00e9 dans les toutes prochaines semaines"},"content":{"rendered":"<p>Lors d&rsquo;une visite au si\u00e8ge d&rsquo;Alg\u00e9rie Presse Service (APS), Mme Cherfi a indiqu\u00e9 que l&rsquo;ONPPE se penchera durant les toutes prochaines semaines, sur l&rsquo;\u00e9laboration du premier rapport sur la situation de l&rsquo;Enfance en Alg\u00e9rie, suivant les lois et conventions en rapport avec les droits de l&rsquo;enfant\u00a0\u00bb, soulignant que ce document, qui englobera l&rsquo;ensembles des activit\u00e9s de l&rsquo;Organe, pr\u00e9voit nombre de recommandations relatives \u00e0 la protection des droits de l&rsquo;enfant.<br \/>Le document vise, en outre, \u00e0 permettre aux diff\u00e9rents intervenants et acteurs de la protection de l&rsquo;Enfance de prendre connaissance des d\u00e9veloppements juridiques en la mati\u00e8re, a-t-elle ajout\u00e9.<br \/>Evoquant la derni\u00e8re publication de l&rsquo;ONPPE, \u00e0 savoir les textes fondamentaux relatifs \u00e0 la protection des droits de l&rsquo;Enfant, sur la bases desquels a \u00e9t\u00e9 actualis\u00e9e la nomenclature de d\u00e9cembre 2018 relativement \u00e0 certains textes nationaux et internationaux en mati\u00e8re de protection des droits de l&rsquo;enfant, elle a pr\u00e9cis\u00e9 que cette publication avait \u00e9t\u00e9 traduite<br \/>en Tamazight en collaboration avec le Haut commissariat \u00e0 l&rsquo;Amazighit\u00e9 (HCA).<br \/>Pour ce qui est du num\u00e9ro vert 11 11, mis en place par l&rsquo;ONPPE pour le signalement de toute atteinte aux droits de l&rsquo;enfant, la D\u00e9l\u00e9gu\u00e9e \u00e0 la protection de l&rsquo;enfance a fait \u00e9tat de quelque 5.000 appels quotidiens portant essentiellement sur des demandes d&rsquo;assistance ou d&rsquo;orientation, ajoutant que 15 \u00e0 20 sont des cas \u00ab\u00a0s\u00e9rieux\u00a0\u00bb d&rsquo;enfants en danger.<br \/>Le grand int\u00e9r\u00eat des citoyens pour ce m\u00e9canisme de signalement nous encourage \u00e0 \u00fauvrer davantage, en coordination avec plusieurs secteurs et associations, \u00e0 la promotion et la protection des droits de l&rsquo;enfant alg\u00e9rien et l&rsquo;intervention \u00ab\u00a0imm\u00e9diate\u00a0\u00bb pour la prise en charge des cas signal\u00e9s, a-t-elle soulign\u00e9 rappelant que \u00ab\u00a0l&rsquo;int\u00e9r\u00eat supr\u00eame de l&rsquo;enfant<br \/>est une responsabilit\u00e9 qui incombe \u00e0 tous \u00e0 la lumi\u00e8re des moyens et des m\u00e9canismes juridiques mis en place par l&rsquo;Etat\u00a0\u00bb.<br \/>Concernant le plan d&rsquo;action de l&rsquo;ONPPE, Mme Cherfi a d\u00e9clar\u00e9 qu&rsquo;il s&rsquo;agit essentiellement du suivi sur le terrain de la situation de l&rsquo;enfance, de la sensibilisation \u00e0 travers l&rsquo;\u00e9largissement du travail de proximit\u00e9 et de la coordination en fonction de m\u00e9canismes bien d\u00e9finis avec le r\u00e9seau des associations de la soci\u00e9t\u00e9 civile et des diff\u00e9rents secteurs.<br \/>Elle a estim\u00e9, dans ce sens, que \u00ab\u00a0la l\u00e9gislation alg\u00e9rienne en mati\u00e8re de protection de l&rsquo;enfant est un mod\u00e8le et que \u00ab\u00a0l&rsquo;Alg\u00e9rie a r\u00e9alis\u00e9 d&rsquo;importants acquis en la mati\u00e8re\u00a0\u00bb.<br \/>Par ailleurs, Mme Charfi a indiqu\u00e9 que sa visite au si\u00e8ge de l&rsquo;APS s&rsquo;inscrivait dans le cadre de \u00ab\u00a0la vulgarisation des activit\u00e9s de l&rsquo;ONPPE et<br \/>la contribution \u00e0 la promotion de la culture de protection de l&rsquo;enfance\u00a0\u00bb.<br \/>A cette occasion, le directeur g\u00e9n\u00e9ral de l&rsquo;APS, M. Beldi Fakherdine a fait part de la disponibilit\u00e9 de l&rsquo;Agence \u00e0 accompagner l&rsquo;ONPPE dans la vulgarisation de ses activit\u00e9s, soulignant que les deux parties ont convenu d&rsquo;un plan d&rsquo;action commun pour sensibiliser le secteur de la presse \u00e0 l&rsquo;importance de la pr\u00e9vention et de la protection de l&rsquo;enfance.<\/p>\n<p>APS<\/p>\n<p>Auteur: elmoudjahid<br \/>\n<a href=\"http:\/\/www.elmoudjahid.com\/fr\/actualites\/147496\">Cliquez ici pour lire l&rsquo;article depuis sa source.<\/a><\/p>\n","protected":false},"excerpt":{"rendered":"<p>Lors d&rsquo;une visite au si\u00e8ge d&rsquo;Alg\u00e9rie Presse Service (APS), Mme Cherfi a indiqu\u00e9 que l&rsquo;ONPPE se penchera durant les toutes prochaines semaines, sur l&rsquo;\u00e9laboration du premier rapport sur la situation de l&rsquo;Enfance en Alg\u00e9rie, suivant les lois et conventions en rapport avec les droits de l&rsquo;enfant\u00a0\u00bb, soulignant que ce document, qui englobera l&rsquo;ensembles des activit\u00e9s [&hellip;]<\/p>\n","protected":false},"author":1744,"featured_media":0,"comment_status":"closed","ping_status":"closed","sticky":false,"template":"","format":"standard","meta":{"fifu_image_url":"","fifu_image_alt":"","footnotes":""},"categories":[73,53],"tags":[],"class_list":["post-73816","post","type-post","status-publish","format-standard","hentry","category-actualite","category-algerie"],"_links":{"self":[{"href":"https:\/\/linitiative.ca\/International\/wp-json\/wp\/v2\/posts\/73816","targetHints":{"allow":["GET"]}}],"collection":[{"href":"https:\/\/linitiative.ca\/International\/wp-json\/wp\/v2\/posts"}],"about":[{"href":"https:\/\/linitiative.ca\/International\/wp-json\/wp\/v2\/types\/post"}],"author":[{"embeddable":true,"href":"https:\/\/linitiative.ca\/International\/wp-json\/wp\/v2\/users\/1744"}],"replies":[{"embeddable":true,"href":"https:\/\/linitiative.ca\/International\/wp-json\/wp\/v2\/comments?post=73816"}],"version-history":[{"count":0,"href":"https:\/\/linitiative.ca\/International\/wp-json\/wp\/v2\/posts\/73816\/revisions"}],"wp:attachment":[{"href":"https:\/\/linitiative.ca\/International\/wp-json\/wp\/v2\/media?parent=73816"}],"wp:term":[{"taxonomy":"category","embeddable":true,"href":"https:\/\/linitiative.ca\/International\/wp-json\/wp\/v2\/categories?post=73816"},{"taxonomy":"post_tag","embeddable":true,"href":"https:\/\/linitiative.ca\/International\/wp-json\/wp\/v2\/tags?post=73816"}],"curies":[{"name":"wp","href":"https:\/\/api.w.org\/{rel}","templated":true}]}}