{"id":73825,"date":"2020-01-22T10:51:00","date_gmt":"2020-01-22T15:51:00","guid":{"rendered":"https:\/\/linitiative.ca\/International\/produits-fabriques-en-algerie-rezig-annonce-un-fichier-national\/"},"modified":"2020-01-22T10:51:00","modified_gmt":"2020-01-22T15:51:00","slug":"produits-fabriques-en-algerie-rezig-annonce-un-fichier-national","status":"publish","type":"post","link":"https:\/\/linitiative.ca\/International\/produits-fabriques-en-algerie-rezig-annonce-un-fichier-national\/","title":{"rendered":"PRODUITS FABRIQUES EN ALGERIE : Rezig annonce  un fichier national"},"content":{"rendered":"<p><br id=\"sep_para_1\" class=\"sep_para access\"\/><\/p>\n<div id=\"para_1\" class=\"para_35179629 resize\">\n<div class=\"photo shadow left\"><a href=\"javascript:void(0)\" rel=\"https:\/\/www.reflexiondz.net\/photo\/art\/grande\/42050564-35179629.jpg?v=1579715741&#038;ibox\" title=\"PRODUITS FABRIQUES EN ALGERIE : Rezig annonce un fichier national\"><img decoding=\"async\" class=\"responsive c9\" src=\"https:\/\/www.reflexiondz.net\/photo\/art\/grande\/42050564-35179629.jpg?v=1579715741\" alt=\"PRODUITS FABRIQUES EN ALGERIE : Rezig annonce un fichier national\" title=\"PRODUITS FABRIQUES EN ALGERIE : Rezig annonce un fichier national\"\/><img decoding=\"async\" class=\"not-responsive\" src=\"https:\/\/www.reflexiondz.net\/photo\/art\/default\/42050564-35179629.jpg?v=1579715742\" alt=\"PRODUITS FABRIQUES EN ALGERIE : Rezig annonce un fichier national\" title=\"PRODUITS FABRIQUES EN ALGERIE : Rezig annonce un fichier national\"\/><\/a><\/div>\n<div class=\"texte access firstletter\">Le ministre du Commerce, Kamel Rezig a annonc\u00e9, \u00e0 Blida, que des pr\u00e9paratifs \u00e9taient cours, en vue de l\u2019\u00e9laboration d\u2019un fichier national des produits fabriqu\u00e9s en Alg\u00e9rie, en perspective de la mise au point d\u2019une liste des produits autoris\u00e9s \u00e0 l\u2019importation. \u00ab Nous veillerons \u00e0 l\u2019\u00e9laboration, dans les plus brefs d\u00e9lais possibles, d\u2019un fichier national de tous les produits, industriels, agricoles, artisanaux et de services, de fabrication alg\u00e9rienne, en vue de mettre un terme \u00e0 l\u2019importation anarchique \u00bb, a indiqu\u00e9 Kamel Rezig \u00e0 l\u2019ouverture d\u2019une Journ\u00e9e d\u2019\u00e9tudes sur la Loi de finances 2020. Il a signal\u00e9 le \u00ab recensement, sur le march\u00e9 national, de dizaines de milliers de produits de fabrication alg\u00e9rienne inconnus \u00bb, et n\u00e9cessitant, a-t-il ajout\u00e9 \u00ab l\u2019\u00e9laboration d\u2019une liste \u00e0 leur sujet, avec l\u2019implication des industriels et autres op\u00e9rateurs \u00e9conomiques \u00bb. Le ministre a qualifi\u00e9 cette d\u00e9marche de \u00ab mesure urgente \u00bb inscrite au titre du programme de base du minist\u00e8re visant \u00ab \u00e0 encourager l\u2019exportation et p\u00e9n\u00e9trer les march\u00e9s \u00e9trangers \u00bb, a-t-il soulign\u00e9. \u00ab Tout produit fabriqu\u00e9 en Alg\u00e9rie sera interdit d\u2019importation \u00e0 l\u2019avenir, \u00e0 l\u2019exception de ceux dans les quantit\u00e9s ne couvrent pas les besoins nationaux \u00bb, a-t-il affirm\u00e9, \u00e0 ce propos. Pour le ministre du Commerce, cette d\u00e9marche vise \u00ab \u00e0 assurer une protection juridique aux industriels, qui s\u2019engagent \u00e0 leur tour au respect de leur engagements relatifs au maintien des prix des produits, leur quantit\u00e9 et leur qualit\u00e9, tout en \u00e9vitant le monopole et la sp\u00e9culation \u00bb, car la protection du consommateur \u00ab est la plus importante priorit\u00e9 du minist\u00e8re du Commerce \u00bb, a, encore, affirm\u00e9 Kamel Rezig.\u00a0\u00a0\u00a0\u00a0\u00a0\u00a0\u00a0\u00a0\u00a0\u00a0\u00a0\u00a0\u00a0\u00a0\u00a0\u00a0\u00a0\u00a0\u00a0\u00a0\u00a0\u00a0\u00a0\u00a0\u00a0\u00a0\u00a0\u00a0\u00a0<\/div>\n<\/div>\n<p>Auteur: Nadine<br \/>\n<a href=\"https:\/\/www.reflexiondz.net\/PRODUITS-FABRIQUES-EN-ALGERIE-Rezig-annonce-un-fichier-national_a60169.html\">Cliquez ici pour lire l&rsquo;article depuis sa source.<\/a><\/p>\n","protected":false},"excerpt":{"rendered":"<p>Le ministre du Commerce, Kamel Rezig a annonc\u00e9, \u00e0 Blida, que des pr\u00e9paratifs \u00e9taient cours, en vue de l\u2019\u00e9laboration d\u2019un fichier national des produits fabriqu\u00e9s en Alg\u00e9rie, en perspective de la mise au point d\u2019une liste des produits autoris\u00e9s \u00e0 l\u2019importation. \u00ab Nous veillerons \u00e0 l\u2019\u00e9laboration, dans les plus brefs d\u00e9lais possibles, d\u2019un fichier national [&hellip;]<\/p>\n","protected":false},"author":1740,"featured_media":0,"comment_status":"closed","ping_status":"closed","sticky":false,"template":"","format":"standard","meta":{"fifu_image_url":"","fifu_image_alt":"","footnotes":""},"categories":[53,76],"tags":[],"class_list":["post-73825","post","type-post","status-publish","format-standard","hentry","category-algerie","category-regions"],"_links":{"self":[{"href":"https:\/\/linitiative.ca\/International\/wp-json\/wp\/v2\/posts\/73825","targetHints":{"allow":["GET"]}}],"collection":[{"href":"https:\/\/linitiative.ca\/International\/wp-json\/wp\/v2\/posts"}],"about":[{"href":"https:\/\/linitiative.ca\/International\/wp-json\/wp\/v2\/types\/post"}],"author":[{"embeddable":true,"href":"https:\/\/linitiative.ca\/International\/wp-json\/wp\/v2\/users\/1740"}],"replies":[{"embeddable":true,"href":"https:\/\/linitiative.ca\/International\/wp-json\/wp\/v2\/comments?post=73825"}],"version-history":[{"count":0,"href":"https:\/\/linitiative.ca\/International\/wp-json\/wp\/v2\/posts\/73825\/revisions"}],"wp:attachment":[{"href":"https:\/\/linitiative.ca\/International\/wp-json\/wp\/v2\/media?parent=73825"}],"wp:term":[{"taxonomy":"category","embeddable":true,"href":"https:\/\/linitiative.ca\/International\/wp-json\/wp\/v2\/categories?post=73825"},{"taxonomy":"post_tag","embeddable":true,"href":"https:\/\/linitiative.ca\/International\/wp-json\/wp\/v2\/tags?post=73825"}],"curies":[{"name":"wp","href":"https:\/\/api.w.org\/{rel}","templated":true}]}}