{"id":73826,"date":"2020-01-22T10:51:00","date_gmt":"2020-01-22T15:51:00","guid":{"rendered":"https:\/\/linitiative.ca\/International\/le-pt-alerte-sur-la-degradation-de-letat-de-sante-de-hanoune\/"},"modified":"2020-01-22T10:51:00","modified_gmt":"2020-01-22T15:51:00","slug":"le-pt-alerte-sur-la-degradation-de-letat-de-sante-de-hanoune","status":"publish","type":"post","link":"https:\/\/linitiative.ca\/International\/le-pt-alerte-sur-la-degradation-de-letat-de-sante-de-hanoune\/","title":{"rendered":"Le PT alerte sur la d\u00e9gradation de l\u2019\u00e9tat de sant\u00e9 de Hanoune"},"content":{"rendered":"<p><br id=\"sep_para_1\" class=\"sep_para access\"\/><\/p>\n<div id=\"para_1\" class=\"para_35179657 resize\">\n<div class=\"texte access firstletter\">Le parti des travailleurs (PT) demande la lib\u00e9ration de sa secr\u00e9taire g\u00e9n\u00e9rale Mme Louisa Hanoune en raison de \u00ab\u00a0la d\u00e9gradation de son \u00e9tat de sant\u00e9\u00a0\u00bb. Dans un communiqu\u00e9 rendu public mardi, le parti des travailleurs \u00ab\u00a0alerte l\u2019opinion publique sur la situation pr\u00e9occupante de sa secr\u00e9taire g\u00e9n\u00e9rale, Mme Louisa Hanoune, qui entame son neuvi\u00e8me mois de prison\u00a0\u00bb.\u00a0 \u00ab\u00a0Depuis plusieurs semaines, \u00e0 chaque visite, des membres de sa famille et ses avocats signalent un \u00e9tat de sant\u00e9 de Louisa Hanoune qui ne cesse de se d\u00e9grader. La Direction nationale du PT, en accord avec la Secr\u00e9taire g\u00e9n\u00e9rale, s\u2019est abstenue d\u2019en parler\u00a0\u00bb, souligne la m\u00eame source. Le PT \u00ab\u00a0exprime ses vives inqui\u00e9tudes et tient pour responsables les pouvoirs publics de cette situation et de toute cons\u00e9quence ou \u00e9volution f\u00e2cheuses de son \u00e9tat de sant\u00e9\u00a0\u00bb.\u00a0\u00a0\u00a0 Il interpelle les plus hautes autorit\u00e9s de l\u2019Etat sur la \u00ab\u00a0n\u00e9cessit\u00e9 absolue de sa lib\u00e9ration imm\u00e9diate et inconditionnelle\u00a0\u00bb.\u00a0<\/div>\n<\/div>\n<p>Auteur: R\u00e9flexion<br \/>\n<a href=\"https:\/\/www.reflexiondz.net\/Le-PT-alerte-sur-la-degradation-de-l-etat-de-sante-de-Hanoune_a60172.html\">Cliquez ici pour lire l&rsquo;article depuis sa source.<\/a><\/p>\n","protected":false},"excerpt":{"rendered":"<p>Le parti des travailleurs (PT) demande la lib\u00e9ration de sa secr\u00e9taire g\u00e9n\u00e9rale Mme Louisa Hanoune en raison de \u00ab\u00a0la d\u00e9gradation de son \u00e9tat de sant\u00e9\u00a0\u00bb. Dans un communiqu\u00e9 rendu public mardi, le parti des travailleurs \u00ab\u00a0alerte l\u2019opinion publique sur la situation pr\u00e9occupante de sa secr\u00e9taire g\u00e9n\u00e9rale, Mme Louisa Hanoune, qui entame son neuvi\u00e8me mois de [&hellip;]<\/p>\n","protected":false},"author":1740,"featured_media":0,"comment_status":"closed","ping_status":"closed","sticky":false,"template":"","format":"standard","meta":{"fifu_image_url":"","fifu_image_alt":"","footnotes":""},"categories":[53,76],"tags":[],"class_list":["post-73826","post","type-post","status-publish","format-standard","hentry","category-algerie","category-regions"],"_links":{"self":[{"href":"https:\/\/linitiative.ca\/International\/wp-json\/wp\/v2\/posts\/73826","targetHints":{"allow":["GET"]}}],"collection":[{"href":"https:\/\/linitiative.ca\/International\/wp-json\/wp\/v2\/posts"}],"about":[{"href":"https:\/\/linitiative.ca\/International\/wp-json\/wp\/v2\/types\/post"}],"author":[{"embeddable":true,"href":"https:\/\/linitiative.ca\/International\/wp-json\/wp\/v2\/users\/1740"}],"replies":[{"embeddable":true,"href":"https:\/\/linitiative.ca\/International\/wp-json\/wp\/v2\/comments?post=73826"}],"version-history":[{"count":0,"href":"https:\/\/linitiative.ca\/International\/wp-json\/wp\/v2\/posts\/73826\/revisions"}],"wp:attachment":[{"href":"https:\/\/linitiative.ca\/International\/wp-json\/wp\/v2\/media?parent=73826"}],"wp:term":[{"taxonomy":"category","embeddable":true,"href":"https:\/\/linitiative.ca\/International\/wp-json\/wp\/v2\/categories?post=73826"},{"taxonomy":"post_tag","embeddable":true,"href":"https:\/\/linitiative.ca\/International\/wp-json\/wp\/v2\/tags?post=73826"}],"curies":[{"name":"wp","href":"https:\/\/api.w.org\/{rel}","templated":true}]}}