{"id":73827,"date":"2020-01-22T12:25:51","date_gmt":"2020-01-22T17:25:51","guid":{"rendered":"https:\/\/linitiative.ca\/International\/reunion-a-alger-des-mae-des-pays-voisins-de-la-libye\/"},"modified":"2020-01-22T12:25:51","modified_gmt":"2020-01-22T17:25:51","slug":"reunion-a-alger-des-mae-des-pays-voisins-de-la-libye","status":"publish","type":"post","link":"https:\/\/linitiative.ca\/International\/reunion-a-alger-des-mae-des-pays-voisins-de-la-libye\/","title":{"rendered":"R\u00e9union \u00e0 Alger des MAE des pays voisins de la Libye"},"content":{"rendered":"<p><br class=\"autobr\"\/><br \/>\nL\u2019Alg\u00e9rie abritera, jeudi, une r\u00e9union des ministres des Affaires \u00e9trang\u00e8res des pays voisins de la Libye (l\u2019Alg\u00e9rie, la Tunisie, l\u2019Egypte, le Soudan, le Tchad et le Niger). C\u2019est ce qu\u2019a fait savoir\u00a0mercredi un communiqu\u00e9 du minist\u00e8re des Affaires \u00e9trang\u00e8res.<\/p>\n<p><br class=\"autobr\"\/><br \/>\nLe ministre malien des Affaires \u00e9trang\u00e8res prendra \u00e9galement part \u00e0 cette r\u00e9union, \u00ab\u00a0au vu des retomb\u00e9es de la crise libyenne sur ce pays voisin\u00a0\u00bb, ajoute la m\u00eame source.<\/p>\n<p><br class=\"autobr\"\/><br \/>\nOrganis\u00e9e \u00e0 l\u2019initiative de l\u2019Alg\u00e9rie cette rencontre \u00ab\u00a0s\u2019inscrit dans le cadre de ses intenses efforts pour la consolidation de la coordination et la concertation entre les pays du voisinage de la Libye et les acteurs internationaux afin d\u2019accompagner les Libyens dans la dynamisation du processus de r\u00e8glement politique de la crise \u00e0 travers un dialogue inclusif et de permettre \u00e0 ce pays fr\u00e8re et voisin de sortir de la situation difficile qu\u2019il vit et de construire un Etat des institutions o\u00f9 pr\u00e9vaudra la s\u00e9curit\u00e9 et la stabilit\u00e9\u00a0\u00bb, ajoute le communiqu\u00e9.\u00a0\u00bbLa r\u00e9union portera sur les derniers d\u00e9veloppements en Libye \u00e0 la lumi\u00e8re des r\u00e9sultats des offices de l\u2019Alg\u00e9rie en direction des composantes libyennes et des parties internationales agissantes, et ceux des efforts internationaux pour permettre aux fr\u00e8res libyens de prendre en main le processus de r\u00e8glement de la crise dans leur pays, loin de toute ing\u00e9rence \u00e9trang\u00e8re, quelle qu\u2019en soit la nature\u00a0\u00bb, conclut le document.<\/p>\n<p>Auteur: Boudjedri<br \/>\n<a href=\"http:\/\/www.jeune-independant.net\/Reunion-a-Alger-des-MAE-des-pays.html\">Cliquez ici pour lire l&rsquo;article depuis sa source.<\/a><\/p>\n","protected":false},"excerpt":{"rendered":"<p>L\u2019Alg\u00e9rie abritera, jeudi, une r\u00e9union des ministres des Affaires \u00e9trang\u00e8res des pays voisins de la Libye (l\u2019Alg\u00e9rie, la Tunisie, l\u2019Egypte, le Soudan, le Tchad et le Niger). C\u2019est ce qu\u2019a fait savoir\u00a0mercredi un communiqu\u00e9 du minist\u00e8re des Affaires \u00e9trang\u00e8res. Le ministre malien des Affaires \u00e9trang\u00e8res prendra \u00e9galement part \u00e0 cette r\u00e9union, \u00ab\u00a0au vu des retomb\u00e9es [&hellip;]<\/p>\n","protected":false},"author":1737,"featured_media":0,"comment_status":"closed","ping_status":"closed","sticky":false,"template":"","format":"standard","meta":{"fifu_image_url":"","fifu_image_alt":"","footnotes":""},"categories":[73,53],"tags":[],"class_list":["post-73827","post","type-post","status-publish","format-standard","hentry","category-actualite","category-algerie"],"_links":{"self":[{"href":"https:\/\/linitiative.ca\/International\/wp-json\/wp\/v2\/posts\/73827","targetHints":{"allow":["GET"]}}],"collection":[{"href":"https:\/\/linitiative.ca\/International\/wp-json\/wp\/v2\/posts"}],"about":[{"href":"https:\/\/linitiative.ca\/International\/wp-json\/wp\/v2\/types\/post"}],"author":[{"embeddable":true,"href":"https:\/\/linitiative.ca\/International\/wp-json\/wp\/v2\/users\/1737"}],"replies":[{"embeddable":true,"href":"https:\/\/linitiative.ca\/International\/wp-json\/wp\/v2\/comments?post=73827"}],"version-history":[{"count":0,"href":"https:\/\/linitiative.ca\/International\/wp-json\/wp\/v2\/posts\/73827\/revisions"}],"wp:attachment":[{"href":"https:\/\/linitiative.ca\/International\/wp-json\/wp\/v2\/media?parent=73827"}],"wp:term":[{"taxonomy":"category","embeddable":true,"href":"https:\/\/linitiative.ca\/International\/wp-json\/wp\/v2\/categories?post=73827"},{"taxonomy":"post_tag","embeddable":true,"href":"https:\/\/linitiative.ca\/International\/wp-json\/wp\/v2\/tags?post=73827"}],"curies":[{"name":"wp","href":"https:\/\/api.w.org\/{rel}","templated":true}]}}