{"id":73828,"date":"2020-01-22T13:21:21","date_gmt":"2020-01-22T18:21:21","guid":{"rendered":"https:\/\/linitiative.ca\/International\/reunion-des-pays-voisins-de-la-libye-a-alger-le-mae-libyen-refuse-de-participer\/"},"modified":"2020-01-22T13:21:21","modified_gmt":"2020-01-22T18:21:21","slug":"reunion-des-pays-voisins-de-la-libye-a-alger-le-mae-libyen-refuse-de-participer","status":"publish","type":"post","link":"https:\/\/linitiative.ca\/International\/reunion-des-pays-voisins-de-la-libye-a-alger-le-mae-libyen-refuse-de-participer\/","title":{"rendered":"R\u00e9union des pays voisins de la Libye \u00e0 Alger : Le MAE libyen refuse de participer"},"content":{"rendered":"<p><br class=\"autobr\"\/><br \/>\nLe ministre des affaires \u00e9trang\u00e8res dans le gouvernement d\u2019union nationale libyenne, Mohamed Tahar Siyala, a annonc\u00e9 ce mercredi qu\u2019il refuserait de participer \u00e0 la r\u00e9union des ministres des affaires \u00e9trang\u00e8res des pays voisins de la Libye pr\u00e9vue jeudi 23 janvier \u00e0 Alger.<br \/>Dans un tweet, le minist\u00e8re libyen des affaires \u00e9trang\u00e8res du gouvernement dirig\u00e9 par Faiz Al-Sarraj,\u00a0a motiv\u00e9 son refus de participer au rendez-vous d\u2019Alger suite \u00e0 l\u2019invitation \u00ab\u00a0de l\u2019Alg\u00e9rie de ce qui est appel\u00e9 le ministre des affaires \u00e9trang\u00e8res du gouvernement provisoire en violations des r\u00e9solutions\u00a0du conseil de s\u00e9curit\u00e9\u00a0\u00bb.\u00a0Le gouvernement Al-Sarraj a vu d\u2019un mauvais oeil l\u2019invitation des membres du gouvernement provisoire, qui s\u2019inscrivait pourtant dans une d\u00e9marche visant \u00e0 aboutir \u00e0 un cessez-le-feu avec les factions rivales en Libye.\u00a0<\/p>\n<p><br class=\"autobr\"\/><br \/>\nLe samedi 11 janvier, une d\u00e9l\u00e9gation du gouvernement provisoire libyen (pro-Marechal Khelifa Haftar), s\u2019est entretenue le 11 janvier \u00e0 la r\u00e9sidence d\u2019Etat \u00e0 Z\u00e9ralda \u00e0 Alger avec le chef de la diplomatie alg\u00e9rienne Sabri Boukadoum . La r\u00e9union s\u2019est tenue sur invitation du MAE alg\u00e9rien. Officiellement, l\u2019Alg\u00e9rie ne reconnait pas le gouvernement provisoire libyen si\u00e9geant \u00e0 Tobrouk dans l\u2019Est de la Libye mais plut\u00f4t celui du Gouvernement d\u2019union nationale (GNA) bas\u00e9 \u00e0 Tripoli.<br \/>La r\u00e9union des pays voisins de la Libye est la premi\u00e8re du genre depuis le d\u00e9but de l\u2019offensive militaire lanc\u00e9e en avril dernier par les troupes du mar\u00e9chal Haftar pour la prise de la capitale libyenne.<br \/>L\u2019Alg\u00e9rie qui s\u2019est engag\u00e9e avec plusieurs pays \u00e0 favoriser le recours \u00e0 l\u2019option politique dans le r\u00e8glement du conflit libyen . Elle avait appel\u00e9 \u00e0 un cessez-le-feu et \u00e0 une reprise du dialogue inter-libyen, une d\u00e9marche endoss\u00e9e lors de la r\u00e9union de Berlin sur la Libye dimanche dernier.<br \/>Des tractations sont toutefois en cours pour convaincre le MAE libyen de prendre part \u00e0 cette r\u00e9union qui regroupera l\u2019Alg\u00e9rie, la Tunisie, l\u2019Egypte, le Soudan, le Tchad et le Niger. Le Mali aurait \u00e9t\u00e9 \u00e9galement invit\u00e9 \u00e0 cette r\u00e9union.\u00a0<\/p>\n<p>Auteur: Boudjedri<br \/>\n<a href=\"http:\/\/www.jeune-independant.net\/Le-MAE-libyen-refuse-de-participer.html\">Cliquez ici pour lire l&rsquo;article depuis sa source.<\/a><\/p>\n","protected":false},"excerpt":{"rendered":"<p>Le ministre des affaires \u00e9trang\u00e8res dans le gouvernement d\u2019union nationale libyenne, Mohamed Tahar Siyala, a annonc\u00e9 ce mercredi qu\u2019il refuserait de participer \u00e0 la r\u00e9union des ministres des affaires \u00e9trang\u00e8res des pays voisins de la Libye pr\u00e9vue jeudi 23 janvier \u00e0 Alger.Dans un tweet, le minist\u00e8re libyen des affaires \u00e9trang\u00e8res du gouvernement dirig\u00e9 par Faiz [&hellip;]<\/p>\n","protected":false},"author":1737,"featured_media":0,"comment_status":"closed","ping_status":"closed","sticky":false,"template":"","format":"standard","meta":{"fifu_image_url":"","fifu_image_alt":"","footnotes":""},"categories":[73,53],"tags":[],"class_list":["post-73828","post","type-post","status-publish","format-standard","hentry","category-actualite","category-algerie"],"_links":{"self":[{"href":"https:\/\/linitiative.ca\/International\/wp-json\/wp\/v2\/posts\/73828","targetHints":{"allow":["GET"]}}],"collection":[{"href":"https:\/\/linitiative.ca\/International\/wp-json\/wp\/v2\/posts"}],"about":[{"href":"https:\/\/linitiative.ca\/International\/wp-json\/wp\/v2\/types\/post"}],"author":[{"embeddable":true,"href":"https:\/\/linitiative.ca\/International\/wp-json\/wp\/v2\/users\/1737"}],"replies":[{"embeddable":true,"href":"https:\/\/linitiative.ca\/International\/wp-json\/wp\/v2\/comments?post=73828"}],"version-history":[{"count":0,"href":"https:\/\/linitiative.ca\/International\/wp-json\/wp\/v2\/posts\/73828\/revisions"}],"wp:attachment":[{"href":"https:\/\/linitiative.ca\/International\/wp-json\/wp\/v2\/media?parent=73828"}],"wp:term":[{"taxonomy":"category","embeddable":true,"href":"https:\/\/linitiative.ca\/International\/wp-json\/wp\/v2\/categories?post=73828"},{"taxonomy":"post_tag","embeddable":true,"href":"https:\/\/linitiative.ca\/International\/wp-json\/wp\/v2\/tags?post=73828"}],"curies":[{"name":"wp","href":"https:\/\/api.w.org\/{rel}","templated":true}]}}