{"id":73832,"date":"2020-01-22T04:20:45","date_gmt":"2020-01-22T09:20:45","guid":{"rendered":"https:\/\/linitiative.ca\/International\/en-attendant-la-reponse-de-ladministration-les-assises-du-pad-auront-lieu-a-la-safex-dalger\/"},"modified":"2020-01-22T04:20:45","modified_gmt":"2020-01-22T09:20:45","slug":"en-attendant-la-reponse-de-ladministration-les-assises-du-pad-auront-lieu-a-la-safex-dalger","status":"publish","type":"post","link":"https:\/\/linitiative.ca\/International\/en-attendant-la-reponse-de-ladministration-les-assises-du-pad-auront-lieu-a-la-safex-dalger\/","title":{"rendered":"En attendant la r\u00e9ponse de l\u2019administration : Les assises du PAD auront lieu \u00e0 la Safex d\u2019Alger"},"content":{"rendered":"<h4 class=\"title-14\"\/>\n<p>Les forces de l\u2019alternative d\u00e9mocratique (PAD) tiendront, samedi prochain, leurs assises nationales \u00e0 l\u2019amphith\u00e9\u00e2tre Ali Maachi de la Safex, \u00e0 Alger.<\/p>\n<p>\u00abApr\u00e8s un accord \u00e9crit et pr\u00e9alable de la direction de la Safex, une demande d\u2019autorisation a \u00e9t\u00e9 introduite le dimanche 19 janvier 2020 au niveau des services de la wilaya d\u2019Alger, conform\u00e9ment \u00e0 la r\u00e9glementation en vigueur\u00bb, lit-on dans un communiqu\u00e9 du PAD, rendu public hier. Jusqu\u2019\u00e0 hier soir, les organisateurs attendaient toujours la r\u00e9ponse de l\u2019administration. La rencontre sera-t-elle autoris\u00e9e ? Le pouvoir mettra-t-il fin \u00e0 ses pratiques attentatoires \u00e0 la libert\u00e9 de r\u00e9union\u00a0? En tout cas, les organisateurs affirment que les pr\u00e9paratifs de cet \u00e9v\u00e9nement se d\u00e9roulent dans les meilleures conditions et sont en voie d\u2019ach\u00e8vement. \u00abLes forces du PAD se f\u00e9licitent de l\u2019int\u00e9r\u00eat que suscitent ces assises nationales aupr\u00e8s des forces politiques et de la soci\u00e9t\u00e9 civile, ainsi que l\u2019espoir qu\u2019elles ont fait na\u00eetre chez les diff\u00e9rents segments de la population\u00bb, explique le PAD dans son communiqu\u00e9.<\/p>\n<p>Les forces engag\u00e9es dans le PAD, ajoute la m\u00eame source, ne m\u00e9nageront aucun effort en vue de faire aboutir, \u00e0 travers une transition d\u00e9mocratique et un processus constituant souverain, le combat pour un Etat de droit, civil, d\u00e9mocratique et social.<\/p>\n<p><span class=\"post-views-label\">Post Views:<\/span> <span class=\"post-views-count\">534<\/span><\/p>\n<p><br class=\"c2\"\/><\/p>\n<p>Auteur: Hicham Chouadria<br \/>\n<a href=\"https:\/\/www.elwatan.com\/edition\/actualite\/en-attendant-la-reponse-de-ladministration-les-assises-du-pad-auront-lieu-a-la-safex-dalger-22-01-2020\">Cliquez ici pour lire l&rsquo;article depuis sa source.<\/a><\/p>\n","protected":false},"excerpt":{"rendered":"<p>Les forces de l\u2019alternative d\u00e9mocratique (PAD) tiendront, samedi prochain, leurs assises nationales \u00e0 l\u2019amphith\u00e9\u00e2tre Ali Maachi de la Safex, \u00e0 Alger. \u00abApr\u00e8s un accord \u00e9crit et pr\u00e9alable de la direction de la Safex, une demande d\u2019autorisation a \u00e9t\u00e9 introduite le dimanche 19 janvier 2020 au niveau des services de la wilaya d\u2019Alger, conform\u00e9ment \u00e0 la [&hellip;]<\/p>\n","protected":false},"author":1743,"featured_media":0,"comment_status":"closed","ping_status":"closed","sticky":false,"template":"","format":"standard","meta":{"fifu_image_url":"","fifu_image_alt":"","footnotes":""},"categories":[73,53],"tags":[],"class_list":["post-73832","post","type-post","status-publish","format-standard","hentry","category-actualite","category-algerie"],"_links":{"self":[{"href":"https:\/\/linitiative.ca\/International\/wp-json\/wp\/v2\/posts\/73832","targetHints":{"allow":["GET"]}}],"collection":[{"href":"https:\/\/linitiative.ca\/International\/wp-json\/wp\/v2\/posts"}],"about":[{"href":"https:\/\/linitiative.ca\/International\/wp-json\/wp\/v2\/types\/post"}],"author":[{"embeddable":true,"href":"https:\/\/linitiative.ca\/International\/wp-json\/wp\/v2\/users\/1743"}],"replies":[{"embeddable":true,"href":"https:\/\/linitiative.ca\/International\/wp-json\/wp\/v2\/comments?post=73832"}],"version-history":[{"count":0,"href":"https:\/\/linitiative.ca\/International\/wp-json\/wp\/v2\/posts\/73832\/revisions"}],"wp:attachment":[{"href":"https:\/\/linitiative.ca\/International\/wp-json\/wp\/v2\/media?parent=73832"}],"wp:term":[{"taxonomy":"category","embeddable":true,"href":"https:\/\/linitiative.ca\/International\/wp-json\/wp\/v2\/categories?post=73832"},{"taxonomy":"post_tag","embeddable":true,"href":"https:\/\/linitiative.ca\/International\/wp-json\/wp\/v2\/tags?post=73832"}],"curies":[{"name":"wp","href":"https:\/\/api.w.org\/{rel}","templated":true}]}}