{"id":73833,"date":"2020-01-22T04:21:16","date_gmt":"2020-01-22T09:21:16","guid":{"rendered":"https:\/\/linitiative.ca\/International\/selon-ses-avocats-et-ses-proches-letat-de-sante-de-louisa-hanoune-se-deteriore\/"},"modified":"2020-01-22T04:21:16","modified_gmt":"2020-01-22T09:21:16","slug":"selon-ses-avocats-et-ses-proches-letat-de-sante-de-louisa-hanoune-se-deteriore","status":"publish","type":"post","link":"https:\/\/linitiative.ca\/International\/selon-ses-avocats-et-ses-proches-letat-de-sante-de-louisa-hanoune-se-deteriore\/","title":{"rendered":"Selon ses avocats et ses proches : L\u2019\u00e9tat de sant\u00e9 de Louisa Hanoune se d\u00e9t\u00e9riore"},"content":{"rendered":"<h4 class=\"title-14\"\/>\n<div class=\"featured_image\"><img loading=\"lazy\" decoding=\"async\" width=\"800\" height=\"1242\" src=\"https:\/\/www.elwatan.com\/wp-content\/uploads\/2020\/01\/hanoune-col-b-souhil-e1579642024512.jpg\" class=\"attachment-post-thumbnail size-post-thumbnail wp-post-image\" alt=\"\"\/><span class=\"featured-image-caption\">Louisa Hanoune ( photo : B. souhil )<\/span><\/div>\n<p class=\"p1\"><span class=\"s1\"><strong>L<\/strong><\/span><span class=\"s1\">a leader du Parti des travailleurs (PT), Louisa Hanoune, est tr\u00e8s souffrante et son \u00e9tat de sant\u00e9 suscite de vives inqui\u00e9tudes. Ses proches, les cadres et militants de son parti ont tenu, hier, \u00e0 alerter l\u2019opinion publique sur la situation pr\u00e9occupante de cette femme politique qui entame, aujourd\u2019hui, son neuvi\u00e8me mois de prison.<\/span><\/p>\n<p class=\"p3\"><span class=\"s2\">M<sup>me<\/sup> Hanoune, souffrant d\u00e9j\u00e0 de plusieurs maladies chroniques (hypertension, diab\u00e8te) a vu son \u00e9tat de sant\u00e9 se d\u00e9t\u00e9riorer tr\u00e8s rapidement. Ses avocats et sa famille ont fait part de leur inqui\u00e9tude.<\/span> <span class=\"s1\"><em>\u00abDepuis plusieurs semaines, \u00e0 chaque visite, des membres de sa famille et ses avocats signalent l\u2019\u00e9tat de sant\u00e9 de Louisa Hanoune qui se d\u00e9grade sans cesse. La direction nationale du PT, en accord avec la secr\u00e9taire g\u00e9n\u00e9rale, s\u2019est abstenue d\u2019en parler\u00bb,<\/em><\/span> <span class=\"s2\">explique Ramdane Taazibt, cadre du parti.<\/span><\/p>\n<p class=\"p3\"><span class=\"s2\">Seulement, devant la persistance et la r\u00e9currence de malaises que subit M<sup>me<\/sup> Hanoune depuis plusieurs semaines, le PT a exprim\u00e9, dans un communiqu\u00e9 rendu public hier,<\/span> <span class=\"s1\"><em>\u00abses vives inqui\u00e9tudes et tient pour responsable les pouvoirs publics de cette situation et de toute cons\u00e9quence ou \u00e9volution f\u00e2cheuses de son \u00e9tat de sant\u00e9\u00bb<\/em><\/span><span class=\"s2\">.<\/span> <span class=\"s1\"><em>\u00abLe PT n\u2019a de cesse d\u2019exiger la lib\u00e9ration de Louisa Hanoune emprisonn\u00e9e arbitrairement et sur d\u00e9cision du tribunal militaire de Blida lors d\u2019un proc\u00e8s politique<\/em><\/span><span class=\"s2\">, rappelle le PT,<\/span> <span class=\"s1\"><em>exp\u00e9ditif et non public.\u00bb<\/em><\/span> <span class=\"s1\"><em>\u00abLa cheffe du PT a \u00e9t\u00e9 condamn\u00e9e par un tribunal militaire en premi\u00e8re instance \u00e0 15 ans de prison ferme<\/em><\/span> <span class=\"s1\"><em>lors d\u2019un proc\u00e8s injuste. Louisa Hanoune, qui est tr\u00e8s affaiblie et qui a perdu plusieurs kilos, risque des complications et seul le pouvoir assumera les cons\u00e9quences\u00bb<\/em><\/span><span class=\"s2\">, avertissent les proches de M<sup>me<\/sup> Hanoune et les cadres du parti qui interpellent pour la \u00e9ni\u00e8me fois les plus hautes autorit\u00e9s sur la n\u00e9cessit\u00e9 absolue de sa<\/span> <span class=\"s1\"><em>\u00ablib\u00e9ration imm\u00e9diate et inconditionnelle\u00bb<\/em><\/span><span class=\"s2\">.<\/span><\/p>\n<p class=\"p3\"><span class=\"s2\">Le PT et beaucoup d\u2019autres partis demeurent persuad\u00e9s que l\u2019emprisonnement de Louisa Hanoune est<\/span> <span class=\"s1\"><em>\u00abune criminalisation de l\u2019acte politique et une attaque violente contre la d\u00e9mocratie et le multipartisme\u00bb<\/em><\/span><span class=\"s2\">. Son incarc\u00e9ration ne vise qu\u2019\u00e0 emp\u00eacher un responsable politique et son parti de jouer leur r\u00f4le dans le d\u00e9bat politique et les propositions formul\u00e9es pour une issue conforme aux aspirations des millions d\u2019Alg\u00e9riens qui poursuivent leur mobilisation de mani\u00e8re intense et ininterrompue depuis maintenant pr\u00e8s d\u2019une ann\u00e9e.<\/span> <span class=\"s1\"><em>\u00abEn ce moment charni\u00e8re de la vie politique<\/em><\/span><span class=\"s2\">, note le PT,<\/span> <span class=\"s1\"><em>la place de Louisa Hanoune est \u00e0 la t\u00eate de son parti et au sein de son peuple. Nous renouvelons notre appel express pour sa lib\u00e9ration pure et simple et l\u2019abandon de toute poursuite contre elle, car elle est victime de la criminalisation de l\u2019action politique.\u00bb<\/em><\/span><\/p>\n<p class=\"p3\"><span class=\"s2\">D\u2019aucuns estiment que l\u2019arrestation arbitraire de cette femme politique a ouvert la voie \u00e0 des milliers d\u2019interpellations et d\u2019arrestations d\u2019hommes politiques, d\u2019activistes, de journalistes, d\u2019\u00e9tudiants, de militants associatifs, de simples manifestants\u2026<\/span><\/p>\n<p><span class=\"post-views-label\">Post Views:<\/span> <span class=\"post-views-count\">1\u00a0548<\/span><\/p>\n<p><br class=\"c2\"\/><\/p>\n<p>Auteur: Hicham Chouadria<br \/>\n<a href=\"https:\/\/www.elwatan.com\/edition\/actualite\/selon-ses-avocats-et-ses-proches-letat-de-sante-de-louisa-hanoune-se-deteriore-22-01-2020\">Cliquez ici pour lire l&rsquo;article depuis sa source.<\/a><\/p>\n","protected":false},"excerpt":{"rendered":"<p>Louisa Hanoune ( photo : B. souhil ) La leader du Parti des travailleurs (PT), Louisa Hanoune, est tr\u00e8s souffrante et son \u00e9tat de sant\u00e9 suscite de vives inqui\u00e9tudes. Ses proches, les cadres et militants de son parti ont tenu, hier, \u00e0 alerter l\u2019opinion publique sur la situation pr\u00e9occupante de cette femme politique qui entame, [&hellip;]<\/p>\n","protected":false},"author":1743,"featured_media":73834,"comment_status":"closed","ping_status":"closed","sticky":false,"template":"","format":"standard","meta":{"fifu_image_url":"","fifu_image_alt":"","footnotes":""},"categories":[73,53],"tags":[],"class_list":["post-73833","post","type-post","status-publish","format-standard","has-post-thumbnail","hentry","category-actualite","category-algerie"],"_links":{"self":[{"href":"https:\/\/linitiative.ca\/International\/wp-json\/wp\/v2\/posts\/73833","targetHints":{"allow":["GET"]}}],"collection":[{"href":"https:\/\/linitiative.ca\/International\/wp-json\/wp\/v2\/posts"}],"about":[{"href":"https:\/\/linitiative.ca\/International\/wp-json\/wp\/v2\/types\/post"}],"author":[{"embeddable":true,"href":"https:\/\/linitiative.ca\/International\/wp-json\/wp\/v2\/users\/1743"}],"replies":[{"embeddable":true,"href":"https:\/\/linitiative.ca\/International\/wp-json\/wp\/v2\/comments?post=73833"}],"version-history":[{"count":0,"href":"https:\/\/linitiative.ca\/International\/wp-json\/wp\/v2\/posts\/73833\/revisions"}],"wp:featuredmedia":[{"embeddable":true,"href":"https:\/\/linitiative.ca\/International\/wp-json\/"}],"wp:attachment":[{"href":"https:\/\/linitiative.ca\/International\/wp-json\/wp\/v2\/media?parent=73833"}],"wp:term":[{"taxonomy":"category","embeddable":true,"href":"https:\/\/linitiative.ca\/International\/wp-json\/wp\/v2\/categories?post=73833"},{"taxonomy":"post_tag","embeddable":true,"href":"https:\/\/linitiative.ca\/International\/wp-json\/wp\/v2\/tags?post=73833"}],"curies":[{"name":"wp","href":"https:\/\/api.w.org\/{rel}","templated":true}]}}