{"id":73835,"date":"2020-01-22T04:22:01","date_gmt":"2020-01-22T09:22:01","guid":{"rendered":"https:\/\/linitiative.ca\/International\/nour-el-houda-maintenue-en-detention\/"},"modified":"2020-01-22T04:22:01","modified_gmt":"2020-01-22T09:22:01","slug":"nour-el-houda-maintenue-en-detention","status":"publish","type":"post","link":"https:\/\/linitiative.ca\/International\/nour-el-houda-maintenue-en-detention\/","title":{"rendered":"Nour El Houda maintenue en d\u00e9tention"},"content":{"rendered":"<h4 class=\"title-14\"\/>\n<div class=\"featured_image\"><img loading=\"lazy\" decoding=\"async\" width=\"600\" height=\"800\" src=\"https:\/\/www.elwatan.com\/wp-content\/uploads\/2020\/01\/Nour-El-Houda-Photo-e1579647564524.jpg\" class=\"attachment-post-thumbnail size-post-thumbnail wp-post-image\" alt=\"\"\/><span class=\"featured-image-caption\">( photo : el watan )<\/span><\/div>\n<p>L\u2019\u00e9tudiante Nour El Houda Oggadi, accus\u00e9e d\u2019\u00abatteinte \u00e0 l\u2019unit\u00e9 nationale\u00bb et \u00abatteinte \u00e0 corps constitu\u00e9 et au moral des troupes\u00bb, pour ses publications sur sa page Facebook, est retourn\u00e9e, hier, \u00e0 la prison de Ghazaouet apr\u00e8s que le juge d\u2019instruction eut refus\u00e9 de lui accorder la libert\u00e9 provisoire.<\/p>\n<p>Une d\u00e9cision qui a provoqu\u00e9 un grand choc au sein des manifestants, rassembl\u00e9s en grand nombre devant le tribunal d\u00e8s les premi\u00e8res heures de la journ\u00e9e. \u00abNour El Houda, vous \u00eates la fiert\u00e9 de l\u2019Alg\u00e9rie !\u00bb scandaient-ils, d\u00e9sabus\u00e9s et avec amertume.<br \/>Programm\u00e9 une premi\u00e8re fois le 31 d\u00e9cembre dernier, le proc\u00e8s s\u2019\u00e9tait sold\u00e9, \u00e9galement, par le refus du magistrat de la lib\u00e9rer.<\/p>\n<p>La Ligue alg\u00e9rienne pour la d\u00e9fense des droits de l\u2019homme (LADDH) a aussit\u00f4t r\u00e9agi, via son bureau local, en d\u00e9non\u00e7ant ce \u00abharc\u00e8lement judiciaire contre des citoyens qui n\u2019ont fait que s\u2019exprimer, un droit garanti par la Constitution\u00bb.<\/p>\n<p>Et d\u2019interpeller les hautes autorit\u00e9s de l\u2019Etat pour \u00ablib\u00e9rer Houda et lui permettre d\u2019\u00e9tudier en toute qui\u00e9tude\u00bb\u2026 Inscrite en master 2 sciences humaines et sociales et pr\u00e9parant un m\u00e9moire sur le mouvement populaire, Nour El Houda avait \u00e9t\u00e9 convoqu\u00e9e par les services de cybercriminalit\u00e9 de la wilaya, puis plac\u00e9e sous mandat de d\u00e9p\u00f4t, le 19 d\u00e9cembre, par le juge d\u2019instruction pr\u00e8s le tribunal de Tlemcen.<\/p>\n<p>Le proc\u00e8s de Nour El Houda co\u00efncidait, hier, avec l\u2019anniversaire de sa maman qui souhaitait enlacer sa fille. Un cadeau qu\u2019elle n\u2019aura pas eu\u2026<\/p>\n<p><span class=\"post-views-label\">Post Views:<\/span> <span class=\"post-views-count\">1\u00a0354<\/span><\/p>\n<p><br class=\"c2\"\/><\/p>\n<p>Auteur: Hicham Chouadria<br \/>\n<a href=\"https:\/\/www.elwatan.com\/edition\/actualite\/nour-el-houda-maintenue-en-detention-22-01-2020\">Cliquez ici pour lire l&rsquo;article depuis sa source.<\/a><\/p>\n","protected":false},"excerpt":{"rendered":"<p>( photo : el watan ) L\u2019\u00e9tudiante Nour El Houda Oggadi, accus\u00e9e d\u2019\u00abatteinte \u00e0 l\u2019unit\u00e9 nationale\u00bb et \u00abatteinte \u00e0 corps constitu\u00e9 et au moral des troupes\u00bb, pour ses publications sur sa page Facebook, est retourn\u00e9e, hier, \u00e0 la prison de Ghazaouet apr\u00e8s que le juge d\u2019instruction eut refus\u00e9 de lui accorder la libert\u00e9 provisoire. Une [&hellip;]<\/p>\n","protected":false},"author":1743,"featured_media":73836,"comment_status":"closed","ping_status":"closed","sticky":false,"template":"","format":"standard","meta":{"fifu_image_url":"","fifu_image_alt":"","footnotes":""},"categories":[73,53],"tags":[],"class_list":["post-73835","post","type-post","status-publish","format-standard","has-post-thumbnail","hentry","category-actualite","category-algerie"],"_links":{"self":[{"href":"https:\/\/linitiative.ca\/International\/wp-json\/wp\/v2\/posts\/73835","targetHints":{"allow":["GET"]}}],"collection":[{"href":"https:\/\/linitiative.ca\/International\/wp-json\/wp\/v2\/posts"}],"about":[{"href":"https:\/\/linitiative.ca\/International\/wp-json\/wp\/v2\/types\/post"}],"author":[{"embeddable":true,"href":"https:\/\/linitiative.ca\/International\/wp-json\/wp\/v2\/users\/1743"}],"replies":[{"embeddable":true,"href":"https:\/\/linitiative.ca\/International\/wp-json\/wp\/v2\/comments?post=73835"}],"version-history":[{"count":0,"href":"https:\/\/linitiative.ca\/International\/wp-json\/wp\/v2\/posts\/73835\/revisions"}],"wp:featuredmedia":[{"embeddable":true,"href":"https:\/\/linitiative.ca\/International\/wp-json\/"}],"wp:attachment":[{"href":"https:\/\/linitiative.ca\/International\/wp-json\/wp\/v2\/media?parent=73835"}],"wp:term":[{"taxonomy":"category","embeddable":true,"href":"https:\/\/linitiative.ca\/International\/wp-json\/wp\/v2\/categories?post=73835"},{"taxonomy":"post_tag","embeddable":true,"href":"https:\/\/linitiative.ca\/International\/wp-json\/wp\/v2\/tags?post=73835"}],"curies":[{"name":"wp","href":"https:\/\/api.w.org\/{rel}","templated":true}]}}