{"id":73837,"date":"2020-01-22T04:25:56","date_gmt":"2020-01-22T09:25:56","guid":{"rendered":"https:\/\/linitiative.ca\/International\/linstruction-a-ete-pourtant-close-selon-un-avocat-detention-provisoire-prolongee-pour-tabbou\/"},"modified":"2020-01-22T04:25:56","modified_gmt":"2020-01-22T09:25:56","slug":"linstruction-a-ete-pourtant-close-selon-un-avocat-detention-provisoire-prolongee-pour-tabbou","status":"publish","type":"post","link":"https:\/\/linitiative.ca\/International\/linstruction-a-ete-pourtant-close-selon-un-avocat-detention-provisoire-prolongee-pour-tabbou\/","title":{"rendered":"L\u2019instruction a \u00e9t\u00e9 pourtant close selon un avocat : D\u00e9tention provisoire prolong\u00e9e pour Tabbou"},"content":{"rendered":"<h4 class=\"title-14\"\/>\n<div class=\"featured_image\"><img loading=\"lazy\" decoding=\"async\" width=\"620\" height=\"413\" src=\"https:\/\/www.elwatan.com\/wp-content\/uploads\/2020\/01\/karim.jpg\" class=\"attachment-post-thumbnail size-post-thumbnail wp-post-image\" alt=\"\" srcset=\"https:\/\/www.elwatan.com\/wp-content\/uploads\/2020\/01\/karim.jpg 620w, https:\/\/www.elwatan.com\/wp-content\/uploads\/2020\/01\/karim-300x200.jpg 300w\" sizes=\"auto, (max-width: 620px) 100vw, 620px\"\/><span class=\"featured-image-caption\">Karim Tabbou ( photo : DR )<\/span><\/div>\n<p>L\u2019homme politique, Karim Tabbou, a vu, avant-hier, sa d\u00e9tention provisoire prolong\u00e9e de quatre autres mois. La nouvelle mesure est effective \u00e0 partir du 26 janvier, a indiqu\u00e9 avant-hier l\u2019avocat Nouredine Ahmine.<\/p>\n<p>Tout comme pour Fodil Boumala, Abdelouahab Fersaoui et Samir Benlarbi, la justice refuse toujours d\u2019accorder la lib\u00e9ration provisoire au pr\u00e9sident de l\u2019Union d\u00e9mocratique et sociale (UDS), parti non agr\u00e9\u00e9, en d\u00e9tention \u00e0 la prison de Kol\u00e9a depuis le 11 septembre dernier, soit maintenant un peu plus de quatre mois. Il a \u00e9t\u00e9 poursuivi pour \u00abparticipation \u00e0 l\u2019entreprise de d\u00e9moralisation de l\u2019arm\u00e9e\u00bb.<\/p>\n<p>Le 25 du m\u00eame mois, une juge du tribunal de Kol\u00e9a lui accordait la lib\u00e9ration provisoire. Or, 24 heures plus tard, il a \u00e9t\u00e9 de nouveau arr\u00eat\u00e9 et plac\u00e9 en d\u00e9tention provisoire, avec, en sus, d\u2019autres chefs d\u2019inculpation, en l\u2019occurrence \u00abatteinte \u00e0 l\u2019unit\u00e9 nationale\u00bb et \u00abincitation \u00e0 la violence\u00bb. Plusieurs demandes de lib\u00e9ration provisoire formul\u00e9es par ses avocats ont \u00e9t\u00e9 rejet\u00e9es depuis par la justice.<\/p>\n<p>Ainsi, au moment o\u00f9 certains s\u2019attendent \u00e0 des signes d\u2019\u00abapaisement\u00bb de la part des pouvoirs publics, voil\u00e0 que ce militant se voit maintenu en prison.<\/p>\n<p>Dans un enregistrement vid\u00e9o, l\u2019avocat Abdelghani Badi s\u2019est demand\u00e9 pourquoi Tabbou, Boumala, Benlarbi et Fersaoui, tout comme d\u2019ailleurs l\u2019activiste Brahim Lalami, ne sont pas encore pass\u00e9s devant le juge, alors que les instructions de leurs affaires sont closes.<\/p>\n<p>Pour plus d\u2019un, leur d\u00e9tention serait \u00abpolitique\u00bb. Il faut rappeler que le 2 janvier dernier, pas moins de 76 d\u00e9tenus d\u2019opinion, dont le moudjahid Lakhdar Bouraga\u00e2, mais aussi l\u2019ancien g\u00e9n\u00e9ral Hocine Benhadid, ont b\u00e9n\u00e9fici\u00e9 de la lib\u00e9ration provisoire. Le jour m\u00eame, des rumeurs avaient circul\u00e9 sur l\u2019\u00e9ventualit\u00e9 de la lib\u00e9ration de Karim Tabbou.<\/p>\n<p>Des avocats se sont m\u00eame d\u00e9plac\u00e9s \u00e0 la prison de Kol\u00e9a en qu\u00eate d\u2019informations sur son cas, comme pour les autres, mais en vain. Plusieurs partis politiques, notamment parmi ceux qui ont \u00e9mis leur pr\u00e9disposition \u00e0 prendre part aux \u00abconsultations\u00bb de la Pr\u00e9sidence, n\u2019ont cess\u00e9 de r\u00e9clamer la mise en \u0153uvre de ces \u00abmesures d\u2019apaisement\u00bb dont, bien \u00e9videmment, la lib\u00e9ration des d\u00e9tenus d\u2019opinion.<\/p>\n<p>En plus des figures les plus connues, il resterait, selon des indications fournies par des avocats, pr\u00e8s de 120 d\u00e9tenus qui croupissent dans les prisons. Finalement, non seulement ces \u00abmesures\u00bb tardent \u00e0 venir, mais les services de s\u00e9curit\u00e9 ont proc\u00e9d\u00e9, ces deux derni\u00e8res semaines, \u00e0 d\u2019autres interpellations, tout en r\u00e9primant, \u00e0 Alger, les manifestants, notamment durant la matin\u00e9e du vendredi.<\/p>\n<p>Dimanche dernier, 16 d\u00e9tenus sont pass\u00e9s devant le juge. Rel\u00e2ch\u00e9s, leurs proc\u00e8s devront se tenir n\u00e9anmoins dans les prochains jours. Hier encore, l\u2019\u00e9tudiante Nour El Houda Oggadi, de Tlemcen, a \u00e9t\u00e9 maintenue en d\u00e9tention provisoire. Pour dire que pour l\u2019instant il n\u2019y a aucune mesure d\u2019apaisement. Bien au contraire\u2026<\/p>\n<p><span class=\"post-views-label\">Post Views:<\/span> <span class=\"post-views-count\">4\u00a0268<\/span><\/p>\n<p><br class=\"c2\"\/><\/p>\n<p>Auteur: Hicham Chouadria<br \/>\n<a href=\"https:\/\/www.elwatan.com\/edition\/actualite\/linstruction-a-ete-pourtant-close-selon-un-avocat-detention-provisoire-prolongee-pour-tabbou-22-01-2020\">Cliquez ici pour lire l&rsquo;article depuis sa source.<\/a><\/p>\n","protected":false},"excerpt":{"rendered":"<p>Karim Tabbou ( photo : DR ) L\u2019homme politique, Karim Tabbou, a vu, avant-hier, sa d\u00e9tention provisoire prolong\u00e9e de quatre autres mois. La nouvelle mesure est effective \u00e0 partir du 26 janvier, a indiqu\u00e9 avant-hier l\u2019avocat Nouredine Ahmine. Tout comme pour Fodil Boumala, Abdelouahab Fersaoui et Samir Benlarbi, la justice refuse toujours d\u2019accorder la lib\u00e9ration [&hellip;]<\/p>\n","protected":false},"author":1743,"featured_media":73838,"comment_status":"closed","ping_status":"closed","sticky":false,"template":"","format":"standard","meta":{"fifu_image_url":"","fifu_image_alt":"","footnotes":""},"categories":[73,53],"tags":[],"class_list":["post-73837","post","type-post","status-publish","format-standard","has-post-thumbnail","hentry","category-actualite","category-algerie"],"_links":{"self":[{"href":"https:\/\/linitiative.ca\/International\/wp-json\/wp\/v2\/posts\/73837","targetHints":{"allow":["GET"]}}],"collection":[{"href":"https:\/\/linitiative.ca\/International\/wp-json\/wp\/v2\/posts"}],"about":[{"href":"https:\/\/linitiative.ca\/International\/wp-json\/wp\/v2\/types\/post"}],"author":[{"embeddable":true,"href":"https:\/\/linitiative.ca\/International\/wp-json\/wp\/v2\/users\/1743"}],"replies":[{"embeddable":true,"href":"https:\/\/linitiative.ca\/International\/wp-json\/wp\/v2\/comments?post=73837"}],"version-history":[{"count":0,"href":"https:\/\/linitiative.ca\/International\/wp-json\/wp\/v2\/posts\/73837\/revisions"}],"wp:featuredmedia":[{"embeddable":true,"href":"https:\/\/linitiative.ca\/International\/wp-json\/"}],"wp:attachment":[{"href":"https:\/\/linitiative.ca\/International\/wp-json\/wp\/v2\/media?parent=73837"}],"wp:term":[{"taxonomy":"category","embeddable":true,"href":"https:\/\/linitiative.ca\/International\/wp-json\/wp\/v2\/categories?post=73837"},{"taxonomy":"post_tag","embeddable":true,"href":"https:\/\/linitiative.ca\/International\/wp-json\/wp\/v2\/tags?post=73837"}],"curies":[{"name":"wp","href":"https:\/\/api.w.org\/{rel}","templated":true}]}}